{"id":157701,"date":"2025-10-05T08:21:16","date_gmt":"2025-10-05T08:21:16","guid":{"rendered":"https:\/\/www.europesays.com\/es\/157701\/"},"modified":"2025-10-05T08:21:16","modified_gmt":"2025-10-05T08:21:16","slug":"guillermo-fernandez-vara-el-medico-que-lucho-por-las-causas-justas","status":"publish","type":"post","link":"https:\/\/www.europesays.com\/es\/157701\/","title":{"rendered":"Guillermo Fern\u00e1ndez Vara, el m\u00e9dico que \u00abluch\u00f3 por las causas\u00bb justas"},"content":{"rendered":"<p>Durante doce a\u00f1os, la pol\u00edtica extreme\u00f1a llev\u00f3 un sello inconfundible, el de <strong>Guillermo Fern\u00e1ndez Vara<\/strong>, fallecido este domingo a los 66 a\u00f1os de edad a causa de un c\u00e1ncer, seg\u00fan ha confirmado el PSOE de Extremadura. M\u00e9dico de formaci\u00f3n y socialista de vocaci\u00f3n, en su trayectoria se acumulan cargos de alta responsabilidad profesional e institucional, pero ninguno tan decisivo como presidir la Junta de Extremadura.<\/p>\n<p>La pol\u00edtica, a la que le entreg\u00f3 su vida, fue la herramienta con la que busc\u00f3 siempre un mismo prop\u00f3sito: \u00ab<strong>Luchar por las causas justas<\/strong>\u00ab, dec\u00eda. Porque aunque la medicina y la pol\u00edtica parecen caminos divergentes, Fern\u00e1ndez Vara los recorri\u00f3 para alcanzar la misma meta, la convicci\u00f3n de poder ayudar a sus vecinos.<\/p>\n<p>\u00ab<strong>Os confieso que quiero seguir viviendo<\/strong>\u00ab, proclam\u00f3 Vara durante un congreso provincial del PSOE de Badajoz en mayo de 2025. En plena lucha contra el c\u00e1ncer, el expresidente extreme\u00f1o comparti\u00f3 este anhelo para anunciar ante sus compa\u00f1eros de partido que no se hab\u00eda rendido, que no le iba a permitir a la enfermedad ganar la batalla. Por \u00e9l y por su gente: \u00abLo quiero hacer por los m\u00edos, por vosotros y por tanta gente que nos necesita\u00bb.<\/p>\n<p>Como en una eleg\u00eda, el final de su vida le devolvi\u00f3 involuntariamente la uni\u00f3n de sus dos grandes pasiones de juventud, la pol\u00edtica y la medicina. \u00abDoy gracias a la vida y a todos los que lo han hecho posible, uno con sus batas y otros con sus votos\u00bb. En uno de los lugares m\u00e1s fr\u00edos y sombr\u00edos que cabe en el pensamiento colectivo, la sala de quimioterapia de un hospital, Fern\u00e1ndez <strong>Vara comprendi\u00f3 el resultado de tantos a\u00f1os dedicados al servicio p\u00fablico<\/strong>: \u00abCuando uno entra el primer d\u00eda a oncolog\u00eda para ponerse la quimioterapia, le encuentra sentido a toda su vida, lo que represent\u00f3 la lucha y la militancia en el PSOE\u00bb.<\/p>\n<p>Su primera juventud en C\u00f3rdoba<\/p>\n<p>La vida de Fern\u00e1ndez Vara es un recorrido repleto de victorias y derrotas, de decisiones que le llevaron a alcanzar las cumbres m\u00e1s altas de Extremadura y a caer a las tierras m\u00e1s profundas de las dehesas.<\/p>\n<p>Su historia comenz\u00f3 en los primeros vientos de oto\u00f1o de 1958. El 6 de octubre de ese a\u00f1o, Guillermo Fern\u00e1ndez Vara <strong>naci\u00f3 en Olivenza<\/strong>, una peque\u00f1a localidad en la provincia de Badajoz, pr\u00f3xima a la frontera con Portugal. De hecho, el pueblo tiene fuertes v\u00ednculos lusitanos: \u00abNos sentimos hijos de Espa\u00f1a y nietos de Portugal\u00bb, reconoci\u00f3 el socialista en 2024.<\/p>\n<p>De su infancia y primeros a\u00f1os de juventud poco ha trascendido, m\u00e1s all\u00e1 de alguna an\u00e9cdota como su <strong>militancia por amistad en Alianza Popular<\/strong>. Con 12 a\u00f1os, abandon\u00f3 el pueblo junto a su familia para mudarse a C\u00f3rdoba, cuando su padre fue nombrado presidente de la Audiencia Provincial. Sali\u00f3 de Extremadura como un ni\u00f1o con el mundo por descubrir y regres\u00f3 como un reconocido m\u00e9dico forense.<\/p>\n<p>Los 17 a\u00f1os que estuvo fuera de Extremadura se los dedic\u00f3 a su carrera como facultativo. En 1983 <strong>se licenci\u00f3 en Medicina y Cirug\u00eda por la Universidad de C\u00f3rdoba<\/strong> y durante m\u00e1s de un a\u00f1o fue profesor colaborador de Medicina Legal en la Universidad de Valencia.<\/p>\n<p>Primeros pasos en la Junta de Extremadura<\/p>\n<p>Una vez regres\u00f3 a Extremadura, realiz\u00f3 la tesina de Licenciatura, un trabajo escrito necesario en la carrera de medicina. Su monogr\u00e1fico obtuvo la calificaci\u00f3n de sobresaliente en la Universidad de Extremadura y, m\u00e1s tarde, fue <strong>n\u00famero uno de la X Promoci\u00f3n de M\u00e9dicos Forenses<\/strong> del Centro de Estudios Judiciales.<\/p>\n<p>Durante los siguientes a\u00f1os, sigui\u00f3 subiendo pelda\u00f1os del sector forense a nivel nacional. En 1989 fue nombrado <strong>director de la Cl\u00ednica M\u00e9dico Forense de Badajoz<\/strong> y durante dos a\u00f1os presidi\u00f3 la Asociaci\u00f3n Estatal de M\u00e9dicos Forenses.<\/p>\n<p>Sus primeros pasos en la vida pol\u00edtica p\u00fablica llegaron seis a\u00f1os m\u00e1s tarde, cuando en julio de 1995 fue designado como <strong>director general de Salud P\u00fablica y Consumo<\/strong> de la Junta de Extremadura durante el Gobierno de su antecesor, Juan Carlos Rodr\u00edguez Ibarra. Unos meses m\u00e1s tarde, a principios de 1996, tom\u00f3 posesi\u00f3n como consejero de Bienestar Social. <\/p>\n<p>Fern\u00e1ndez Vara sigui\u00f3 escalando responsabilidades en el \u00f3rgano del gobierno extreme\u00f1o hasta que entr\u00f3 en el Ejecutivo de Ibarra, cuando en julio de 1999 fue nombrado <strong>consejero de Sanidad y Consumo<\/strong>. Desde este cargo, negoci\u00f3 con el Gobierno central, entonces presidido por el &#8216;popular&#8217; Jos\u00e9 Mar\u00eda Aznar, el traspaso de competencias en materia de sanidad a la comunidad aut\u00f3noma. Este proceso se culmin\u00f3 exitosamente mediante un real decreto en diciembre de 2001.<\/p>\n<p>&#8212; Art\u00edculo 1 del RD 1477\/2001 &#8212; Se aprueba el Acuerdo de la Comisi\u00f3n Mixta prevista en la disposici\u00f3n adicional tercera del Estatuto de Extremadura, adoptado el d\u00eda 26 de diciembre de 2001 por el que se traspasan a la Comunidad Aut\u00f3noma de Extremadura las funciones y servicios del Instituto Nacional de la Salud, y que se transcribe como anexo del presente Real Decreto.<\/p>\n<p>Candidato del PSOE a la Junta<\/p>\n<p>En 2007, Rodr\u00edguez Ibarra, presidente de la Junta desde 1983, renunci\u00f3 a presentarse como candidato a las elecciones auton\u00f3micas. Fue entonces cuando la Ejecutiva Regional del PSOE eligi\u00f3 por unanimidad a Vara candidato.<\/p>\n<p>En los comicios<strong> de mayo de ese a\u00f1o, el PSOE consigui\u00f3 la mayor\u00eda absoluta<\/strong> y Vara sucedi\u00f3 a Ibarra como presidente de la Junta de Extremadura, cargo en el que se mantuvo hasta 2011, cuando el <a href=\"https:\/\/www.rtve.es\/noticias\/20110522\/pp-cerca-arrebatar-psoe-uno-grandes-bastiones-extremadura\/434047.shtml\" target=\"_blank\" rel=\"nofollow noopener\">PP gana por primera vez las elecciones en la regi\u00f3n<\/a>. Aunque los &#8216;populares&#8217; se quedaron a un esca\u00f1o de la mayor\u00eda absoluta, <a href=\"https:\/\/www.rtve.es\/noticias\/20110707\/monago-se-convierte-primer-presidente-del-pp-extremadura-con-mayoria-simple\/446102.shtml\" target=\"_blank\" rel=\"nofollow noopener\">Jos\u00e9 Antonio Monago se convirti\u00f3 en el primer presidente del  PP de la Junta<\/a> despu\u00e9s de lograr el apoyo por mayor\u00eda simple de la Asamblea regional, gracias a las <a href=\"https:\/\/www.rtve.es\/noticias\/20110619\/consejo-iu-extremadura-aplaza-hasta-esta-tarde-su-decision-sobre-a-quien-dara-gobierno\/441716.shtml\" target=\"_blank\" rel=\"nofollow noopener\">tres abstenciones de los diputados de Izquierda Unida<\/a>.<\/p>\n<p>Cuatro a\u00f1os despu\u00e9s, Extremadura se vuelve a te\u00f1ir de rojo. El <a href=\"https:\/\/www.rtve.es\/noticias\/20150525\/psoe-elecciones-autonomicas-extremadura\/1149620.shtml\" target=\"_blank\" rel=\"nofollow noopener\">PSOE fue la fuerza m\u00e1s votada en mayo de 2015<\/a>, con 30 esca\u00f1os, y <a href=\"https:\/\/www.rtve.es\/noticias\/20150624\/podemos-apoyara-investidura-guillermo-fernandez-vara-como-presidente-extremadura\/1167140.shtml\" target=\"_blank\" rel=\"nofollow noopener\">Vara fue reelegido presidente de la Junta gracias a los votos de Podemos<\/a>, que logr\u00f3 seis esca\u00f1os tras ser el tercer partido m\u00e1s votado. En la siguiente legislatura, <a href=\"https:\/\/www.rtve.es\/noticias\/20190625\/socialista-fernandez-vara-reelegido-presidente-junta-extremadura\/1961432.shtml\" target=\"_blank\" rel=\"nofollow noopener\">Vara revalid\u00f3 el cargo<\/a>, pero entonces no necesit\u00f3 el apoyo de otras fuerzas pol\u00edticas pues el <a href=\"https:\/\/www.rtve.es\/noticias\/20190527\/psoe-logra-mayoria-absoluta-extremadura-vara-se-asegura-su-tercer-mandato\/1946072.shtml\" target=\"_blank\" rel=\"nofollow noopener\">PSOE arras\u00f3 en las elecciones con mayor\u00eda absoluta despu\u00e9s de doce a\u00f1os<\/a>.<\/p>\n<p>Guillermo Fern\u00e1ndez Vara dej\u00f3 finalmente la Junta tras las <a href=\"https:\/\/www.rtve.es\/noticias\/20230528\/resultados-elecciones-extremadura-28m-ganador-pactos\/2447654.shtml\" target=\"_blank\" rel=\"nofollow noopener\">elecciones auton\u00f3micas de mayo de 2023<\/a>, cuando la irrupci\u00f3n de Vox en el Parlamento extreme\u00f1o con cinco diputados entrega la <a href=\"https:\/\/www.rtve.es\/noticias\/20230704\/extremadura-convoca-pleno-investidura-dias-13-14-julio\/2451150.shtml\" target=\"_blank\" rel=\"nofollow noopener\">Presidencia a la candidata del PP, Mar\u00eda Guardiola<\/a>. En julio de ese a\u00f1o, <a href=\"https:\/\/www.rtve.es\/noticias\/20230720\/fernandez-vara-gordillo-designados-senadores-extremadura\/2452454.shtml\" target=\"_blank\" rel=\"nofollow noopener\">Vara fue nombrado senador por designaci\u00f3n auton\u00f3mica<\/a> por la Asamblea de Extremadura.<\/p>\n<p>Fern\u00e1ndez <strong>Vara fue uno de l\u00edderes regionales cr\u00edticos con el presidente del Gobierno<\/strong>, Pedro S\u00e1nchez, junto con el aragon\u00e9s Javier <a href=\"https:\/\/www.rtve.es\/noticias\/20250815\/muere-javier-lamban-expresidente-aragon\/16698061.shtml\" target=\"_blank\" rel=\"nofollow noopener\">Lamb\u00e1n  \u2014fallecido el pasado 15 de agosto<\/a>\u2014 o el castellano-manchego Emiliano Garc\u00eda-Page. En este sentido, una informaci\u00f3n publicada por el diario El Mundo en mayo de este a\u00f1o revel\u00f3 varios <a href=\"https:\/\/www.rtve.es\/noticias\/20250511\/oscar-lopez-califica-muy-grave-publicacion-mensajes-privados-pedro-sanchez\/16575286.shtml\" target=\"_blank\" rel=\"nofollow noopener\">mensajes del per\u00edodo 2020-2021 entre S\u00e1nchez y el entonces n\u00famero dos del PSOE, Jos\u00e9 Luis \u00c1balos<\/a>, en los que el jefe del Ejecutivo le pide acallar las cr\u00edticas internas de algunos de sus &#8216;barones&#8217; territoriales.<\/p>\n<p>En <strong>2023, Vara fue diagnosticado de un c\u00e1ncer de est\u00f3mago<\/strong> y la lucha contra la enfermedad pas\u00f3 a primera l\u00ednea. En marzo del pasado a\u00f1o, el expresidente de la Junta reapareci\u00f3 en el Congreso del PSOE extreme\u00f1o despu\u00e9s de ser operado.<\/p>\n<p>All\u00ed dijo que cuando pens\u00f3 en el discurso escribi\u00f3 la palabra \u00abdespedida\u00bb, que inmediatamente tach\u00f3 porque \u00abuno no se despide de los suyos\u00bb, sino que siempre estar\u00e1 al lado para lo que se le necesite y por eso la cambi\u00f3 por \u00abgratitud\u00bb. Tambi\u00e9n record\u00f3 que cuando se le diagnostic\u00f3 el tumor estomacal, alguien le dijo: \u00abQu\u00e9 mala suerte\u00bb, pero \u00e9l pregunt\u00f3 \u00abc\u00f3mo se pude hablar de mala suerte\u00bb cuando se ha nacido en esta parte del mundo y de unos padres como los suyos.<\/p>\n<p>En el mismo acto, S\u00e1nchez mostr\u00f3 su cari\u00f1o hacia Vara, a quien calific\u00f3 como \u00ab<strong>uno de los mejores presidentes de comunidad aut\u00f3noma que ha tenido Espa\u00f1a<\/strong>\u00bb y destac\u00f3 \u00abla gran suerte\u00bb que ha tenido el PSOE de poder contar con la figura del expresidente extreme\u00f1o.<\/p>\n","protected":false},"excerpt":{"rendered":"Durante doce a\u00f1os, la pol\u00edtica extreme\u00f1a llev\u00f3 un sello inconfundible, el de Guillermo Fern\u00e1ndez Vara, fallecido este domingo&hellip;\n","protected":false},"author":2,"featured_media":157702,"comment_status":"","ping_status":"","sticky":false,"template":"","format":"standard","meta":{"footnotes":""},"categories":[8],"tags":[17,18,25,24,13,14,11,19,20,9,10,15,16,23,12,21,22],"class_list":{"0":"post-157701","1":"post","2":"type-post","3":"status-publish","4":"format-standard","5":"has-post-thumbnail","7":"category-espana","8":"tag-breaking-news","9":"tag-breakingnews","10":"tag-es","11":"tag-espana","12":"tag-featured-news","13":"tag-featurednews","14":"tag-headlines","15":"tag-latest-news","16":"tag-latestnews","17":"tag-news","18":"tag-noticias","19":"tag-noticias-destacadas","20":"tag-noticiasdestacadas","21":"tag-spain","22":"tag-titulares","23":"tag-ultimas-noticias","24":"tag-ultimasnoticias"},"share_on_mastodon":{"url":"","error":""},"_links":{"self":[{"href":"https:\/\/www.europesays.com\/es\/wp-json\/wp\/v2\/posts\/157701","targetHints":{"allow":["GET"]}}],"collection":[{"href":"https:\/\/www.europesays.com\/es\/wp-json\/wp\/v2\/posts"}],"about":[{"href":"https:\/\/www.europesays.com\/es\/wp-json\/wp\/v2\/types\/post"}],"author":[{"embeddable":true,"href":"https:\/\/www.europesays.com\/es\/wp-json\/wp\/v2\/users\/2"}],"replies":[{"embeddable":true,"href":"https:\/\/www.europesays.com\/es\/wp-json\/wp\/v2\/comments?post=157701"}],"version-history":[{"count":0,"href":"https:\/\/www.europesays.com\/es\/wp-json\/wp\/v2\/posts\/157701\/revisions"}],"wp:featuredmedia":[{"embeddable":true,"href":"https:\/\/www.europesays.com\/es\/wp-json\/wp\/v2\/media\/157702"}],"wp:attachment":[{"href":"https:\/\/www.europesays.com\/es\/wp-json\/wp\/v2\/media?parent=157701"}],"wp:term":[{"taxonomy":"category","embeddable":true,"href":"https:\/\/www.europesays.com\/es\/wp-json\/wp\/v2\/categories?post=157701"},{"taxonomy":"post_tag","embeddable":true,"href":"https:\/\/www.europesays.com\/es\/wp-json\/wp\/v2\/tags?post=157701"}],"curies":[{"name":"wp","href":"https:\/\/api.w.org\/{rel}","templated":true}]}}