{"id":157721,"date":"2025-10-05T08:44:07","date_gmt":"2025-10-05T08:44:07","guid":{"rendered":"https:\/\/www.europesays.com\/es\/157721\/"},"modified":"2025-10-05T08:44:07","modified_gmt":"2025-10-05T08:44:07","slug":"la-investigacion-abierta-a-begona-gomez-entra-en-una-nueva-fase-con-la-irrupcion-del-jurado-tribunales","status":"publish","type":"post","link":"https:\/\/www.europesays.com\/es\/157721\/","title":{"rendered":"La investigaci\u00f3n abierta a Bego\u00f1a G\u00f3mez entra en una nueva fase con la irrupci\u00f3n del jurado | Tribunales"},"content":{"rendered":"<p class=\"loc\">Madrid<\/p>\n<p>La investigaci\u00f3n abierta contra la actividad profesional de Bego\u00f1a G\u00f3mez entra en una nueva dimensi\u00f3n con dos decisiones clave que acercan a los investigados a un juicio ante un tribunal popular. <\/p>\n<p>Juan Carlos Peinado ha transformado a la ley del jurado la pieza principal que afecta a la mujer del presidente del Gobierno, su asistente, Cristina \u00c1lvarez, y al empresario Carlos Barrab\u00e9s. <\/p>\n<p>Les acusa de tr\u00e1fico de influencias, entre otros delitos, y apunta, sin ning\u00fan indicio que lo avale, al papel del presidente del Gobierno en la trama. Los tres investigados est\u00e1n citados este lunes para comunicarles esta decisi\u00f3n.<\/p>\n","protected":false},"excerpt":{"rendered":"Madrid La investigaci\u00f3n abierta contra la actividad profesional de Bego\u00f1a G\u00f3mez entra en una nueva dimensi\u00f3n con dos&hellip;\n","protected":false},"author":2,"featured_media":157722,"comment_status":"","ping_status":"","sticky":false,"template":"","format":"standard","meta":{"footnotes":""},"categories":[8],"tags":[17,18,25,24,13,14,11,19,20,9,10,15,16,23,12,21,22],"class_list":{"0":"post-157721","1":"post","2":"type-post","3":"status-publish","4":"format-standard","5":"has-post-thumbnail","7":"category-espana","8":"tag-breaking-news","9":"tag-breakingnews","10":"tag-es","11":"tag-espana","12":"tag-featured-news","13":"tag-featurednews","14":"tag-headlines","15":"tag-latest-news","16":"tag-latestnews","17":"tag-news","18":"tag-noticias","19":"tag-noticias-destacadas","20":"tag-noticiasdestacadas","21":"tag-spain","22":"tag-titulares","23":"tag-ultimas-noticias","24":"tag-ultimasnoticias"},"share_on_mastodon":{"url":"","error":""},"_links":{"self":[{"href":"https:\/\/www.europesays.com\/es\/wp-json\/wp\/v2\/posts\/157721","targetHints":{"allow":["GET"]}}],"collection":[{"href":"https:\/\/www.europesays.com\/es\/wp-json\/wp\/v2\/posts"}],"about":[{"href":"https:\/\/www.europesays.com\/es\/wp-json\/wp\/v2\/types\/post"}],"author":[{"embeddable":true,"href":"https:\/\/www.europesays.com\/es\/wp-json\/wp\/v2\/users\/2"}],"replies":[{"embeddable":true,"href":"https:\/\/www.europesays.com\/es\/wp-json\/wp\/v2\/comments?post=157721"}],"version-history":[{"count":0,"href":"https:\/\/www.europesays.com\/es\/wp-json\/wp\/v2\/posts\/157721\/revisions"}],"wp:featuredmedia":[{"embeddable":true,"href":"https:\/\/www.europesays.com\/es\/wp-json\/wp\/v2\/media\/157722"}],"wp:attachment":[{"href":"https:\/\/www.europesays.com\/es\/wp-json\/wp\/v2\/media?parent=157721"}],"wp:term":[{"taxonomy":"category","embeddable":true,"href":"https:\/\/www.europesays.com\/es\/wp-json\/wp\/v2\/categories?post=157721"},{"taxonomy":"post_tag","embeddable":true,"href":"https:\/\/www.europesays.com\/es\/wp-json\/wp\/v2\/tags?post=157721"}],"curies":[{"name":"wp","href":"https:\/\/api.w.org\/{rel}","templated":true}]}}