{"id":157723,"date":"2025-10-05T08:45:13","date_gmt":"2025-10-05T08:45:13","guid":{"rendered":"https:\/\/www.europesays.com\/es\/157723\/"},"modified":"2025-10-05T08:45:13","modified_gmt":"2025-10-05T08:45:13","slug":"andalucia-lidera-un-consorcio-internacional-para-investigar-el-envejecimiento-celular-como-un-factor-clave-de-la-diabetes-tipo-1","status":"publish","type":"post","link":"https:\/\/www.europesays.com\/es\/157723\/","title":{"rendered":"Andaluc\u00eda lidera un consorcio internacional para investigar el envejecimiento celular como un factor clave de la diabetes tipo 1"},"content":{"rendered":"<p>El proyecto, coordinado por Benoit Gauthier, investigador de la Fundaci\u00f3n Progreso y Salud en Cabimer; y coliderado por Enrique Samper, de la empresa espa\u00f1ola Life Length SL, cuenta con una financiaci\u00f3n de m\u00e1s de 500.000 euros otorgada por Breakthrough T1D (anteriormente JDRF)\u00a0<\/p>\n<p>Un consorcio internacional liderado desde Andaluc\u00eda ha puesto en marcha un proyecto de investigaci\u00f3n para determinar si el envejecimiento de las c\u00e9lulas y la muerte celular tienen una incidencia directa en la aparici\u00f3n y la progresi\u00f3n de la diabetes tipo 1, una enfermedad autoinmune que destruye las c\u00e9lulas productoras de insulina.<\/p>\n<p>Este estudio se desarrolla en el marco de un consorcio que aglutina a instituciones p\u00fablicas de investigaci\u00f3n, hospitales, a la empresa Life Length, y a la Fundaci\u00f3n DiabetesCERO en la que est\u00e1n representados los pacientes. Este consorcio est\u00e1 coordinado por Benoit Gauthier, investigador principal en Diabetes de la Fundaci\u00f3n Progreso y Salud \u2013 entidad dependiente de la Consejer\u00eda de Salud y Consumo.\u00a0<\/p>\n<p>En concreto, los cient\u00edficos van a estudiar espec\u00edficamente el acortamiento de los tel\u00f3meros (un signo de envejecimiento celular) as\u00ed como la actividad de la telomerasa (una enzima que a\u00f1ade ADN a los tel\u00f3meros para evitar que se acorten durante la divisi\u00f3n celular) y la senescencia (muerte) de las c\u00e9lulas T (c\u00e9lulas del sistema inmunitario) en el desarrollo de la enfermedad. Se trata de identificar biomarcadores que permitan detectar la enfermedad en fases tempranas y explorar nuevas terapias capaces de frenar su progresi\u00f3n.<\/p>\n<p>El proyecto, denominado \u2018Telomere Dynamics and Cellular Senescence in Type 1 Diabetes: Exploring Biomarkers and the Impact of LRH-1\/NR5A2 Activation\u2019, parte de la hip\u00f3tesis de que el acortamiento prematuro de los tel\u00f3meros &#8211; las estructuras protegen los extremos de los cromosomas-, acelera el envejecimiento de las c\u00e9lulas T, propiciando respuestas inflamatorias que podr\u00edan desencadenar la enfermedad. \u201cSabemos que los tel\u00f3meros son un marcador de envejecimiento celular y que las c\u00e9lulas inmunes de pacientes con diabetes tipo 1 muestran signos de deterioro temprano. Queremos entender si este proceso comienza antes de que aparezcan los s\u00edntomas cl\u00ednicos y si podemos revertirlo\u201d, explica Gauthier.<\/p>\n<p>Detectar la enfermedad en fases tempranas<\/p>\n<p>En el marco de este estudio, adem\u00e1s, se pondr\u00e1 en marcha un proyecto piloto con un enfoque pionero ya que contempla no s\u00f3lo un programa sistem\u00e1tico de detecci\u00f3n temprana de diabetes tipo 1 en fases presintom\u00e1ticas en personas de alto riesgo (tanto familiares de primer grado como aquellas personas con alto riesgo gen\u00e9tico) sino que incluye tambi\u00e9n evaluaci\u00f3n psicoemocional y educaci\u00f3n terap\u00e9utica espec\u00edfica, siendo as\u00ed el \u00fanico de sus caracter\u00edsticas en el territorio nacional.<\/p>\n<p>En este sentido, los cient\u00edficos analizar\u00e1n muestras de sangre de pacientes en distintas fases de la enfermedad, incluidas personas en riesgo a\u00fan sin s\u00edntomas. El objetivo es, precisamente, determinar si los tel\u00f3meros y la actividad de la telomerasa en las c\u00e9lulas T de los pacientes con T1D est\u00e1n afectados y pueden servir como marcador diagn\u00f3stico.\u00a0<\/p>\n<p>Para ello, cuentan con la colaboraci\u00f3n de Mar\u00eda Asunci\u00f3n Mart\u00ednez Brocca, jefa de la Unidad de Endocrinolog\u00eda y Nutrici\u00f3n del Hospital Universitario Virgen Macarena y directora del Plan Integral de Diabetes de Andaluc\u00eda; de Mar\u00eda Isabel Garc\u00eda S\u00e1nchez, Direcci\u00f3n T\u00e9cnica y Coordinaci\u00f3n del Nodo del Hospital Universitario Virgen Macarena del Biobanco del Sistema Sanitario P\u00fablico de Andaluc\u00eda; de Mar\u00eda del Mar Romero P\u00e9rez, de la Unidad de Endocrinolog\u00eda Pedi\u00e1trica del Hospital Universitario Virgen Macarena; de la Fundaci\u00f3n DiabetesCERO; y tambi\u00e9n con Marta Marsal y Enrique Samper de la empresa madrile\u00f1a \u00a0Life Length l\u00edder en medici\u00f3n de los tel\u00f3meros gracias a su tecnolog\u00eda patentada TAT\u00ae (Telomere Analysis Technology); y de Macarena Alpa\u00f1\u00e9s, de la Unidad de Endocrinolog\u00eda y Nutrici\u00f3n del Hospital Universitario Puerta de Hierro de Madrid.\u00a0<\/p>\n<p>El proyecto tambi\u00e9n estudiar\u00e1 el comportamiento de un compuesto llamado BL001, descubierto y patentado por el grupo de investigaci\u00f3n de Gauthier. Este act\u00faa sobre una prote\u00edna del n\u00facleo de las c\u00e9lulas (LRH-1\/NR5A2) y, en estudios con animales que ya se han realizado con anterioridad, ha mostrado efectos esperanzadores, ya que se ha observado que ayuda a reducir los niveles altos de az\u00facar en sangre y favorece una respuesta inmunitaria m\u00e1s equilibrada y menos inflamatoria. Los investigadores quieren comprobar ahora si tambi\u00e9n puede proteger los tel\u00f3meros de las c\u00e9lulas T y retrasar su envejecimiento.<\/p>\n<p>La diabetes tipo 1 es una enfermedad autoinmune en la que las propias defensas del organismo destruyen las c\u00e9lulas beta del p\u00e1ncreas, responsables de producir insulina. Aunque se sabe que el sistema inmune juega un papel central en este proceso, los mecanismos que desencadenan la p\u00e9rdida de tolerancia inmunol\u00f3gica no est\u00e1n del todo claros. La diabetes tipo 1 es una de las enfermedades cr\u00f3nicas m\u00e1s frecuentes en la infancia, con una alta incidencia en la infancia y adolescencia, aunque puede desarrollarse a cualquier edad.<\/p>\n<p>Este proyecto, con una duraci\u00f3n inicial de dos a\u00f1os, ha sido financiado con m\u00e1s de 500.000 euros por la asociaci\u00f3n internacional \u2018Breakthrough T1D\u2019, conocida anteriormente JDRF. Se trata de la cuarta ayuda que esta entidad concede a Gauthier, lo que eleva el apoyo acumulado a cerca de 2,5 millones de euros.\u00a0<\/p>\n<p>La iniciativa cuenta adem\u00e1s con el respaldo de la Fundaci\u00f3n DiabetesCERO para conectar a los pacientes con el proyecto, consolidando as\u00ed una alianza internacional y nacional en la investigaci\u00f3n de la diabetes tipo 1.<\/p>\n","protected":false},"excerpt":{"rendered":"El proyecto, coordinado por Benoit Gauthier, investigador de la Fundaci\u00f3n Progreso y Salud en Cabimer; y coliderado por&hellip;\n","protected":false},"author":2,"featured_media":157724,"comment_status":"","ping_status":"","sticky":false,"template":"","format":"standard","meta":{"footnotes":""},"categories":[5],"tags":[17,18,25,24,13,14,11,19,20,9,10,15,16,23,12,21,22],"class_list":{"0":"post-157723","1":"post","2":"type-post","3":"status-publish","4":"format-standard","5":"has-post-thumbnail","7":"category-titulares","8":"tag-breaking-news","9":"tag-breakingnews","10":"tag-es","11":"tag-espana","12":"tag-featured-news","13":"tag-featurednews","14":"tag-headlines","15":"tag-latest-news","16":"tag-latestnews","17":"tag-news","18":"tag-noticias","19":"tag-noticias-destacadas","20":"tag-noticiasdestacadas","21":"tag-spain","22":"tag-titulares","23":"tag-ultimas-noticias","24":"tag-ultimasnoticias"},"share_on_mastodon":{"url":"","error":""},"_links":{"self":[{"href":"https:\/\/www.europesays.com\/es\/wp-json\/wp\/v2\/posts\/157723","targetHints":{"allow":["GET"]}}],"collection":[{"href":"https:\/\/www.europesays.com\/es\/wp-json\/wp\/v2\/posts"}],"about":[{"href":"https:\/\/www.europesays.com\/es\/wp-json\/wp\/v2\/types\/post"}],"author":[{"embeddable":true,"href":"https:\/\/www.europesays.com\/es\/wp-json\/wp\/v2\/users\/2"}],"replies":[{"embeddable":true,"href":"https:\/\/www.europesays.com\/es\/wp-json\/wp\/v2\/comments?post=157723"}],"version-history":[{"count":0,"href":"https:\/\/www.europesays.com\/es\/wp-json\/wp\/v2\/posts\/157723\/revisions"}],"wp:featuredmedia":[{"embeddable":true,"href":"https:\/\/www.europesays.com\/es\/wp-json\/wp\/v2\/media\/157724"}],"wp:attachment":[{"href":"https:\/\/www.europesays.com\/es\/wp-json\/wp\/v2\/media?parent=157723"}],"wp:term":[{"taxonomy":"category","embeddable":true,"href":"https:\/\/www.europesays.com\/es\/wp-json\/wp\/v2\/categories?post=157723"},{"taxonomy":"post_tag","embeddable":true,"href":"https:\/\/www.europesays.com\/es\/wp-json\/wp\/v2\/tags?post=157723"}],"curies":[{"name":"wp","href":"https:\/\/api.w.org\/{rel}","templated":true}]}}