{"id":157725,"date":"2025-10-05T08:46:07","date_gmt":"2025-10-05T08:46:07","guid":{"rendered":"https:\/\/www.europesays.com\/es\/157725\/"},"modified":"2025-10-05T08:46:07","modified_gmt":"2025-10-05T08:46:07","slug":"victoria-con-trabajo","status":"publish","type":"post","link":"https:\/\/www.europesays.com\/es\/157725\/","title":{"rendered":"Victoria con trabajo"},"content":{"rendered":"<p class=\"paragraph-atom &#10;        B-500-300-700-N B-550-300-700-N--md  \">Victoria <strong>coral<\/strong> para el <a href=\"https:\/\/www.atlantico.net\/temas\/balonmano-atletico-guardes\/\" rel=\"nofollow noopener\" target=\"_blank\"><strong>Mecalia Atl\u00e9tico Guard\u00e9s<\/strong><\/a><strong>.<\/strong> El conjunto mi\u00f1oto viaj\u00f3 hasta <strong>Canarias<\/strong> con una expedici\u00f3n reducida de doce jugadoras y sum\u00f3 un <strong>triunfo<\/strong> ante el Ciudad de Arrecife para mantenerse en lo alto de la <strong>clasificaci\u00f3n<\/strong> con los mismos puntos, nueve, que el Bera Bera. Ambos conjuntos suman cuatro victorias y un empate, el que tuvieron entre ellos.<\/p>\n<p class=\"paragraph-atom &#10;        B-500-300-700-N B-550-300-700-N--md  \">En la cita de ayer, el equipo de <strong>Ana Seabra<\/strong> tuvo que trabajar y mucho en un enfrentamiento que se hizo duro y largo porque no consigui\u00f3 romper el partido. En el comienzo mand\u00f3 la formaci\u00f3n <strong>local<\/strong>, pero despu\u00e9s se puso por delante el Guard\u00e9s para marcharse al descanso con un tanto de renta (13-14). A partir de ah\u00ed, el mando result\u00f3 mi\u00f1oto, pero sin ampliar las rentas. A falta de diez minutos (20-22) el resultado estaba abierto. Eso s\u00ed, ah\u00ed se not\u00f3 la mayor <strong>calidad<\/strong> del Guard\u00e9s, que resolvi\u00f3 con solvencia para imponerse por cuatro tantos de renta en un d\u00eda en el que <strong>Elena Mart\u00ednez<\/strong> y <strong>Ania Ramos<\/strong> firmaron cinco dianas.<\/p>\n<p class=\"paragraph-atom &#10;        B-500-300-700-N B-550-300-700-N--md  \">La <strong>victoria<\/strong> permite al equipo del Baixo Mi\u00f1o llegar a un par\u00f3n competitivo en lo alto de la clasificaci\u00f3n. El siguiente encuentro ser\u00e1 el mi\u00e9rcoles 22 de octubre.<\/p>\n","protected":false},"excerpt":{"rendered":"Victoria coral para el Mecalia Atl\u00e9tico Guard\u00e9s. El conjunto mi\u00f1oto viaj\u00f3 hasta Canarias con una expedici\u00f3n reducida de&hellip;\n","protected":false},"author":2,"featured_media":157726,"comment_status":"","ping_status":"","sticky":false,"template":"","format":"standard","meta":{"footnotes":""},"categories":[278],"tags":[376,168,33030,25,24,1518,375,23,167,2752,1261],"class_list":{"0":"post-157725","1":"post","2":"type-post","3":"status-publish","4":"format-standard","5":"has-post-thumbnail","7":"category-balonmano","8":"tag-balonmano","9":"tag-deportes","10":"tag-division-de-honor","11":"tag-es","12":"tag-espana","13":"tag-guardes","14":"tag-handball","15":"tag-spain","16":"tag-sports","17":"tag-trabajo","18":"tag-victoria"},"share_on_mastodon":{"url":"","error":""},"_links":{"self":[{"href":"https:\/\/www.europesays.com\/es\/wp-json\/wp\/v2\/posts\/157725","targetHints":{"allow":["GET"]}}],"collection":[{"href":"https:\/\/www.europesays.com\/es\/wp-json\/wp\/v2\/posts"}],"about":[{"href":"https:\/\/www.europesays.com\/es\/wp-json\/wp\/v2\/types\/post"}],"author":[{"embeddable":true,"href":"https:\/\/www.europesays.com\/es\/wp-json\/wp\/v2\/users\/2"}],"replies":[{"embeddable":true,"href":"https:\/\/www.europesays.com\/es\/wp-json\/wp\/v2\/comments?post=157725"}],"version-history":[{"count":0,"href":"https:\/\/www.europesays.com\/es\/wp-json\/wp\/v2\/posts\/157725\/revisions"}],"wp:featuredmedia":[{"embeddable":true,"href":"https:\/\/www.europesays.com\/es\/wp-json\/wp\/v2\/media\/157726"}],"wp:attachment":[{"href":"https:\/\/www.europesays.com\/es\/wp-json\/wp\/v2\/media?parent=157725"}],"wp:term":[{"taxonomy":"category","embeddable":true,"href":"https:\/\/www.europesays.com\/es\/wp-json\/wp\/v2\/categories?post=157725"},{"taxonomy":"post_tag","embeddable":true,"href":"https:\/\/www.europesays.com\/es\/wp-json\/wp\/v2\/tags?post=157725"}],"curies":[{"name":"wp","href":"https:\/\/api.w.org\/{rel}","templated":true}]}}