{"id":157729,"date":"2025-10-05T08:57:07","date_gmt":"2025-10-05T08:57:07","guid":{"rendered":"https:\/\/www.europesays.com\/es\/157729\/"},"modified":"2025-10-05T08:57:07","modified_gmt":"2025-10-05T08:57:07","slug":"pilar-quintana-y-noche-negra","status":"publish","type":"post","link":"https:\/\/www.europesays.com\/es\/157729\/","title":{"rendered":"Pilar Quintana y &#8216;Noche negra&#8217;"},"content":{"rendered":"<p>La escritora colombiana <a href=\"https:\/\/www.penguinlibros.com\/es\/9432-pilar-quintana\" rel=\"nofollow noopener\" target=\"_blank\">Pilara Quintana<\/a> viene al programa para presentarnos su nueva novela <a href=\"https:\/\/www.penguinlibros.com\/es\/literatura-contemporanea\/391115-libro-noche-negra-9788420477305?srsltid=AfmBOora5ooF8WhHwTY5SwHy0khdzKHjy-MYJyDwr2nGVuDJdesKut0M\" rel=\"nofollow noopener\" target=\"_blank\">Noche negra<\/a>. Entre sus p\u00e1ginas conocemos a una mujer, Rosa que  decide dejar su vida c\u00f3moda en la ciudad para irse con su pareja de origen irland\u00e9s, a construir con sus propias manos una casa en la selva a orillas del mar. Cuando \u00e9l tiene que irse unos d\u00edas, ella queda sola y tiene que enfrentarse a las amenazas de la ingobernable naturaleza que la rodea y tambi\u00e9n a los otros, los vecinos del lugar que la saben sola.  Una historia que<strong> Pilar Quintana <\/strong>conoce bien porque fue ella la que hace a\u00f1os vivi\u00f3 esa situaci\u00f3n. Hasta tres meses estuvo sola en la selava esperando la vuelta de su pareja.<\/p>\n<p>Y tambi\u00e9n les acercamos en nuevo libro de relatos de la gran <a href=\"https:\/\/www.planetadelibros.com\/autor\/cristina-fernandez-cubas\/000028941\" rel=\"nofollow noopener\" target=\"_blank\">Cristina Fern\u00e1ndez Cubas<\/a>,<a href=\"https:\/\/www.planetadelibros.com\/libro-lo-que-no-se-ve\/423061\" rel=\"nofollow noopener\" target=\"_blank\">Lo que no se ve<\/a>. <\/p>\n","protected":false},"excerpt":{"rendered":"La escritora colombiana Pilara Quintana viene al programa para presentarnos su nueva novela Noche negra. Entre sus p\u00e1ginas&hellip;\n","protected":false},"author":2,"featured_media":157730,"comment_status":"","ping_status":"","sticky":false,"template":"","format":"standard","meta":{"footnotes":""},"categories":[172],"tags":[224,146,147,25,24,225,6355,133,47052,1448,1986,1987,23],"class_list":{"0":"post-157729","1":"post","2":"type-post","3":"status-publish","4":"format-standard","5":"has-post-thumbnail","7":"category-libros","8":"tag-books","9":"tag-entertainment","10":"tag-entretenimiento","11":"tag-es","12":"tag-espana","13":"tag-libros","14":"tag-libros-de-arena-en-radio-5","15":"tag-online","16":"tag-pilar-quintana-y-noche-negra","17":"tag-radio","18":"tag-rne","19":"tag-rtve-play","20":"tag-spain"},"share_on_mastodon":{"url":"","error":""},"_links":{"self":[{"href":"https:\/\/www.europesays.com\/es\/wp-json\/wp\/v2\/posts\/157729","targetHints":{"allow":["GET"]}}],"collection":[{"href":"https:\/\/www.europesays.com\/es\/wp-json\/wp\/v2\/posts"}],"about":[{"href":"https:\/\/www.europesays.com\/es\/wp-json\/wp\/v2\/types\/post"}],"author":[{"embeddable":true,"href":"https:\/\/www.europesays.com\/es\/wp-json\/wp\/v2\/users\/2"}],"replies":[{"embeddable":true,"href":"https:\/\/www.europesays.com\/es\/wp-json\/wp\/v2\/comments?post=157729"}],"version-history":[{"count":0,"href":"https:\/\/www.europesays.com\/es\/wp-json\/wp\/v2\/posts\/157729\/revisions"}],"wp:featuredmedia":[{"embeddable":true,"href":"https:\/\/www.europesays.com\/es\/wp-json\/wp\/v2\/media\/157730"}],"wp:attachment":[{"href":"https:\/\/www.europesays.com\/es\/wp-json\/wp\/v2\/media?parent=157729"}],"wp:term":[{"taxonomy":"category","embeddable":true,"href":"https:\/\/www.europesays.com\/es\/wp-json\/wp\/v2\/categories?post=157729"},{"taxonomy":"post_tag","embeddable":true,"href":"https:\/\/www.europesays.com\/es\/wp-json\/wp\/v2\/tags?post=157729"}],"curies":[{"name":"wp","href":"https:\/\/api.w.org\/{rel}","templated":true}]}}