{"id":157744,"date":"2025-10-05T09:08:15","date_gmt":"2025-10-05T09:08:15","guid":{"rendered":"https:\/\/www.europesays.com\/es\/157744\/"},"modified":"2025-10-05T09:08:15","modified_gmt":"2025-10-05T09:08:15","slug":"la-comunidad-de-madrid-moderniza-los-sistemas-de-electrificacion-de-la-linea-6-para-adaptarla-a-la-futura-circulacion-de-trenes-sin-conductor","status":"publish","type":"post","link":"https:\/\/www.europesays.com\/es\/157744\/","title":{"rendered":"La Comunidad de Madrid moderniza los sistemas de electrificaci\u00f3n de la L\u00ednea 6 para adaptarla a la futura circulaci\u00f3n de trenes sin conductor"},"content":{"rendered":"<p>En concreto, y durante la fase inicial de las obras acometidas en el tramo oeste entre los meses de junio y septiembre, se ha aumentado la tensi\u00f3n de la cantenaria de 600 a 1.500 voltios.\u00a0Para ello ha sido necesaria la reforma integral de siete subestaciones el\u00e9ctricas, Moncloa, Puerta del \u00c1ngel, Lucero, Carpetana, Plaza El\u00edptica, Usera y Arganzuela.<\/p>\n<p>En estas instalaciones se ha procedido a la desconexi\u00f3n y desmontaje de las piezas antiguas, as\u00ed como a la incorporaci\u00f3n de nuevos sistemas de protecci\u00f3n y control, adem\u00e1s de transformadores y rectificadores adaptados al nuevo voltaje requerido para la futura automatizaci\u00f3n.<\/p>\n<p>Este cambio permitir\u00e1, adem\u00e1s, una mayor eficiencia energ\u00e9tica tras la reapertura completa de la L6 llegando a reducir, seg\u00fan arrojan los primeros estudios, hasta un 30% del consumo el\u00e9ctrico en la misma, y un 3,6% en toda la red de Metro.<\/p>\n<p>La actuaci\u00f3n, extremadamente compleja, supone un nuevo logro t\u00e9cnico en la historia del suburbano madrile\u00f1o, ya que se ha realizado sin interrumpir por completo el servicio de la l\u00ednea. Gracias a una planificaci\u00f3n minuciosa, se ha garantizado una demanda correcta de electricidad en la red en todo momento, lo que ha permitido evitar incidencias en las instalaciones. Una operaci\u00f3n que se repetir\u00e1 en todas las subestaciones necesarias durante la ejecuci\u00f3n de los trabajos en el arco este.<\/p>\n","protected":false},"excerpt":{"rendered":"En concreto, y durante la fase inicial de las obras acometidas en el tramo oeste entre los meses&hellip;\n","protected":false},"author":2,"featured_media":157745,"comment_status":"","ping_status":"","sticky":false,"template":"","format":"standard","meta":{"footnotes":""},"categories":[5],"tags":[17,18,25,24,13,14,11,19,20,9,10,15,16,23,12,21,22],"class_list":{"0":"post-157744","1":"post","2":"type-post","3":"status-publish","4":"format-standard","5":"has-post-thumbnail","7":"category-titulares","8":"tag-breaking-news","9":"tag-breakingnews","10":"tag-es","11":"tag-espana","12":"tag-featured-news","13":"tag-featurednews","14":"tag-headlines","15":"tag-latest-news","16":"tag-latestnews","17":"tag-news","18":"tag-noticias","19":"tag-noticias-destacadas","20":"tag-noticiasdestacadas","21":"tag-spain","22":"tag-titulares","23":"tag-ultimas-noticias","24":"tag-ultimasnoticias"},"share_on_mastodon":{"url":"","error":""},"_links":{"self":[{"href":"https:\/\/www.europesays.com\/es\/wp-json\/wp\/v2\/posts\/157744","targetHints":{"allow":["GET"]}}],"collection":[{"href":"https:\/\/www.europesays.com\/es\/wp-json\/wp\/v2\/posts"}],"about":[{"href":"https:\/\/www.europesays.com\/es\/wp-json\/wp\/v2\/types\/post"}],"author":[{"embeddable":true,"href":"https:\/\/www.europesays.com\/es\/wp-json\/wp\/v2\/users\/2"}],"replies":[{"embeddable":true,"href":"https:\/\/www.europesays.com\/es\/wp-json\/wp\/v2\/comments?post=157744"}],"version-history":[{"count":0,"href":"https:\/\/www.europesays.com\/es\/wp-json\/wp\/v2\/posts\/157744\/revisions"}],"wp:featuredmedia":[{"embeddable":true,"href":"https:\/\/www.europesays.com\/es\/wp-json\/wp\/v2\/media\/157745"}],"wp:attachment":[{"href":"https:\/\/www.europesays.com\/es\/wp-json\/wp\/v2\/media?parent=157744"}],"wp:term":[{"taxonomy":"category","embeddable":true,"href":"https:\/\/www.europesays.com\/es\/wp-json\/wp\/v2\/categories?post=157744"},{"taxonomy":"post_tag","embeddable":true,"href":"https:\/\/www.europesays.com\/es\/wp-json\/wp\/v2\/tags?post=157744"}],"curies":[{"name":"wp","href":"https:\/\/api.w.org\/{rel}","templated":true}]}}