{"id":157746,"date":"2025-10-05T09:09:07","date_gmt":"2025-10-05T09:09:07","guid":{"rendered":"https:\/\/www.europesays.com\/es\/157746\/"},"modified":"2025-10-05T09:09:07","modified_gmt":"2025-10-05T09:09:07","slug":"trabajada-victoria-del-ubu-san-pablo-en-zaragoza-29-37","status":"publish","type":"post","link":"https:\/\/www.europesays.com\/es\/157746\/","title":{"rendered":"Trabajada victoria del UBU San Pablo en Zaragoza (29-37)"},"content":{"rendered":"<p>\nRedacci\u00f3n BurgosNoticias\u00a0<br \/>\n<br \/>05\/10\/2025 &#8211; 09:34h.\n<\/p>\n<p class=\"\">El UBU San Pablo Burgos 2031 regresa a casa despu\u00e9s de lograr una victoria de m\u00e9rito tras imponerse al BM Contazara Zaragoza (29-37), en un partido que por momentos se torn\u00f3 desafiante. El holgado triunfo permite a los cidianos sumar buenas sensaciones y a\u00f1adir dos nuevos puntos para la clasificaci\u00f3n.<\/p>\n<p class=\"\">El encuentro comenz\u00f3 con un ritmo fren\u00e9tico. Los de Jorge Berzosa salieron al campo aragon\u00e9s decididos a imponer su juego, aunque los locales no se dejaron amedrentar en su propio terreno.<\/p>\n<p class=\"\">El Zaragoza golpe\u00f3 primero, inaugurando el marcador a los pocos segundos de partido, pero r\u00e1pidamente, se encontraron con la respuesta de Joao Furtado, que igual\u00f3 el electr\u00f3nico. Una s\u00f3lida defensa, combinada con las paradas de Gerard Forns y una ofensiva eficaz, permitieron al equipo visitante abrir una brecha en el rival, y en apenas once minutos, el marcador ya mostraba un s\u00f3lido 6-10 a favor de los burgaleses.<\/p>\n<p class=\"\">Sin embargo, los zaragozanos no quisieron quedarse atr\u00e1s, y lucharon por lograr una peque\u00f1a remontada que les permiti\u00f3 llegar al descanso con un ajustado 12-15. El paso por vestuarios fue clave para los de Mariano Ortega, que volvieron al Pabell\u00f3n Siglo XXI con otra cara y decididos a defender su feudo.<\/p>\n<p class=\"\">De esta forma, a falta de diez minutos para el fin del partido, lograron igualar el electr\u00f3nico (26-26), obligando a los de Burgos a aumentar su intensidad para no decir adi\u00f3s a los dos puntos.<\/p>\n<p class=\"\">Joao Furtado fue clave en este tramo final del encuentro. El jugador burgal\u00e9s fue el encargado de anotar tres goles consecutivos, que permitieron a los de orillas del Arlanz\u00f3n recuperar la ventaja. A su lado, Jaime Fern\u00e1ndez y Pablo G\u00f3mez sumaron importantes tantos que permitieron sellar una victoria que parec\u00eda en peligro.<\/p>\n<p class=\"\">Con este triunfo, el UBU San Pablo suma dos nuevos puntos vitales para seguir escalando puestos en la tabla, y demuestra que tambi\u00e9n sabe sufrir cuando el partido se complica.<\/p>\n<p>FICHA T\u00c9CNICA:<\/p>\n<ul>\n<li><strong>BM CONTAZARA ZARAGOZA 29:<\/strong> SERGIO WAGNER (3); JUAN MART\u00cdNEZ CORDOVA (5); ENRIQUE CAMAS (5); DANIEL VILL\u00c9N PUEYO; ALEJANDRO PLAZA (3); JORGE GOMEZ LITE ; RAFAEL VAL CLARAMUNT (1) ; MARCOS ANDR\u00c9S ARA (2); MARIO NICOL\u00c1S HERN\u00c1NDEZ MIMBELA (1); MIGUEL LANERO FERNANDEZ (3); JON ANDER IRIBAR CARCELLER (4); BRUNO DELLA RATTA (1); \u00c1LVARO ACOSTA CLAVERO; ALEJANDRO SANZ DEL RIO; DIEGO MONZ\u00d3N ALCONCHEL (1); \u00c1LVARO DEL VALLE NAVASA (1).<\/li>\n<\/ul>\n<ul>\n<li><strong>UBU SAN PABLO BURGOS 2031 37:<\/strong> JOAO FURTADO (8); NASSIM BELLAHCENE; JAVIER ESPINOSA (1); PABLO G\u00d3MEZ (5), TOM\u00c1S MOREIRA (5); JAIME FERN\u00c1NDEZ (5); MARCOS GARC\u00cdA (1); JAIME GONZ\u00c1LEZ (4); FABRIZIO CASANOVA; PEDRO MARTINS (1); GERARD FORNS; DANIEL SANTAMAR\u00cdA; BRIAN EST\u00c9BANEZ; ADRI\u00c1N S\u00c1NCHEZ (2) y ASIER PEDROARENA (5).<\/li>\n<\/ul>\n<ul>\n<li><strong>\u00c1RBITROS: <\/strong>JORDI PINILLA IGLESIAS, ERIC DEIROS BORRAS. Exclusiones de MARCOS ANDR\u00c9S ARA (Min. 45:45); MARIO NICOL\u00c1S HERN\u00c1NDEZ MIMBELA (Min. 39:44); BRUNO DELLA RATTA (Min. 29:01); \u00c1LVARO DEL VALLE (Min. 11:50) por parte de BM CONTAZARA ZARAGOZA y de JOAO FURTADO (Min. 36:41); NASSIM BELLAHCENE (Min. 33:55); JAVIER ESPINOSA (Min. 19:56); ADRI\u00c1N S\u00c1NCHEZ (Min. 47:46) parte del UBU SAN PABLO BURGOS 2031.<\/li>\n<\/ul>\n<ul>\n<li><strong>PARCIALES:<\/strong> 3-4 \/ 5-8 \/ 7-12 \/ 9-13 \/ 10-14 \/ 12-15 \/ 16-18 \/ 19-22 \/ 23-25 \/ 27-26 \/ 28-31 \/ 29-37<\/li>\n<\/ul>\n","protected":false},"excerpt":{"rendered":"Redacci\u00f3n BurgosNoticias\u00a0 05\/10\/2025 &#8211; 09:34h. El UBU San Pablo Burgos 2031 regresa a casa despu\u00e9s de lograr una&hellip;\n","protected":false},"author":2,"featured_media":157747,"comment_status":"","ping_status":"","sticky":false,"template":"","format":"standard","meta":{"footnotes":""},"categories":[278],"tags":[517,376,623,6992,209,168,1819,1639,25,24,375,1667,10,6993,618,952,6436,2228,23,167,41385,2227,2845,1261,491],"class_list":{"0":"post-157746","1":"post","2":"type-post","3":"status-publish","4":"format-standard","5":"has-post-thumbnail","7":"category-balonmano","8":"tag-actualidad","9":"tag-balonmano","10":"tag-burgos","11":"tag-burgosnoticias","12":"tag-cultura","13":"tag-deportes","14":"tag-diario","15":"tag-digital","16":"tag-es","17":"tag-espana","18":"tag-handball","19":"tag-informacion","20":"tag-noticias","21":"tag-noticiasburgos","22":"tag-pablo","23":"tag-politica","24":"tag-provincia","25":"tag-san","26":"tag-spain","27":"tag-sports","28":"tag-trabajada","29":"tag-ubu","30":"tag-universidad","31":"tag-victoria","32":"tag-zaragoza"},"share_on_mastodon":{"url":"","error":""},"_links":{"self":[{"href":"https:\/\/www.europesays.com\/es\/wp-json\/wp\/v2\/posts\/157746","targetHints":{"allow":["GET"]}}],"collection":[{"href":"https:\/\/www.europesays.com\/es\/wp-json\/wp\/v2\/posts"}],"about":[{"href":"https:\/\/www.europesays.com\/es\/wp-json\/wp\/v2\/types\/post"}],"author":[{"embeddable":true,"href":"https:\/\/www.europesays.com\/es\/wp-json\/wp\/v2\/users\/2"}],"replies":[{"embeddable":true,"href":"https:\/\/www.europesays.com\/es\/wp-json\/wp\/v2\/comments?post=157746"}],"version-history":[{"count":0,"href":"https:\/\/www.europesays.com\/es\/wp-json\/wp\/v2\/posts\/157746\/revisions"}],"wp:featuredmedia":[{"embeddable":true,"href":"https:\/\/www.europesays.com\/es\/wp-json\/wp\/v2\/media\/157747"}],"wp:attachment":[{"href":"https:\/\/www.europesays.com\/es\/wp-json\/wp\/v2\/media?parent=157746"}],"wp:term":[{"taxonomy":"category","embeddable":true,"href":"https:\/\/www.europesays.com\/es\/wp-json\/wp\/v2\/categories?post=157746"},{"taxonomy":"post_tag","embeddable":true,"href":"https:\/\/www.europesays.com\/es\/wp-json\/wp\/v2\/tags?post=157746"}],"curies":[{"name":"wp","href":"https:\/\/api.w.org\/{rel}","templated":true}]}}