{"id":157748,"date":"2025-10-05T09:20:07","date_gmt":"2025-10-05T09:20:07","guid":{"rendered":"https:\/\/www.europesays.com\/es\/157748\/"},"modified":"2025-10-05T09:20:07","modified_gmt":"2025-10-05T09:20:07","slug":"fil-el-epicentro-literario-el-informador","status":"publish","type":"post","link":"https:\/\/www.europesays.com\/es\/157748\/","title":{"rendered":"FIL: El epicentro literario\u00a0 | El Informador"},"content":{"rendered":"<p>La Feria Internacional del Libro de Guadalajara (FIL Guadalajara) celebr\u00f3 su primera edici\u00f3n en 1987. <strong>Fue creada por la Universidad de Guadalajara en conjunto con el Gobierno del Estado, la C\u00e1mara de Comercio, y la C\u00e1mara Nacional de la Industria Editorial Mexicana con el prop\u00f3sito de consolidar un espacio profesional y cultural que reuniera al mundo editorial en torno a la literatura en espa\u00f1ol, y buscando posicionar a M\u00e9xico en el mapa internacional del libro.<\/strong> Desde entonces, la FIL ha crecido hasta convertirse en el encuentro literario m\u00e1s grande de Hispanoam\u00e9rica y en la feria del libro m\u00e1s importante del mundo en lengua espa\u00f1ola, s\u00f3lo superada en tama\u00f1o global por la Feria del Libro de Fr\u00e1ncfort. Casi cuarenta a\u00f1os en los que <strong>EL INFORMADOR<\/strong> ha estado presente, escribiendo la historia de este emblema jalisciense en el mundo, desde el d\u00eda uno.<\/p>\n<p>\u201cCon objetivos nobles y especialmente ambiciosos, y una organizaci\u00f3n muy bien llevada, la Feria Internacional del Libro, que se llevar\u00e1 a cabo en Guadalajara en las instalaciones de la Expo, promete ser no solo el evento m\u00e1s sobresaliente en su clase jam\u00e1s llevado a cabo en la capital jalisciense, sino de los m\u00e1s importantes a nivel latinoamericano\u201d, public\u00f3 este diario en 1987. \u201cDe acuerdo con los prop\u00f3sitos enunciados por los organizadores, esta Feria se prepara para que cobre proyecci\u00f3n internacional y promueva \u201calrededor del mundo los libros publicados en espa\u00f1ol\u201d.<\/p>\n<p>La primera FIL se celebr\u00f3 del 28 de noviembre al 6 de diciembre de 1987, y estuvo dedicada a Juan Jos\u00e9 Arreola, por ser \u201cla mayor figura viva que Jalisco ha dado a la literatura mexicana\u201d. Cont\u00f3 con las palabras inaugurales de Trinidad Padilla L\u00f3pez, el entonces gobernador Enrique \u00c1lvarez del Castillo, y el entonces rector de la Universidad, Enrique Javier Alfaro Anguiano.<br \/>Durante sus primeros cuatro d\u00edas, en los que hubo seminarios, no estuvo abierta al p\u00fablico. En sus primeras ediciones, la FIL congreg\u00f3 apenas a un centenar de editoriales, situaci\u00f3n que cambiar\u00eda en muy pocos a\u00f1os, recibiendo, actualmente, a miles de sellos de m\u00e1s de sesenta pa\u00edses.<\/p>\n<p><strong>A lo largo de su historia, ha recibido a escritores de renombre internacional, como: William Golding, Toni Morrison, Nadine Gordimer, Salman Rushdie, Orhan Pamuk, G\u00fcnter Grass, y Jean-Marie Gustave Le Cl\u00e9zio, entre otros muchos.\u00a0<\/strong><\/p>\n<p><strong>Tambi\u00e9n ha sido hogar de los titanes iberoamericanos, como: Mario Vargas Llosa, Gabriel Garc\u00eda M\u00e1rquez, Jos\u00e9 Saramago, Carlos Fuentes, Elena Poniatowska, Isabel Allende, entre otros.<\/strong> Es decir: en los pasillos de la FIL Guadalajara han desfilado los grandes nombres de las letras internacionales y del \u201cBoom\u201d latinoamericano. Se recuerdan especialmente c\u00e9lebres la edici\u00f3n 20, acontecida en 2006, en las que Gabriel Garc\u00eda M\u00e1rquez, Carlos Fuentes y Jos\u00e9 Saramago entregaron en persona el Premio FIL Literatura al escritor Carlos Monsiv\u00e1is; en esa misma edici\u00f3n, Saramago present\u00f3 la obra \u201cLas intermitencias de la muerte\u201d junto con Gael Garc\u00eda.<\/p>\n<p>El escritor portugu\u00e9s, adem\u00e1s, brind\u00f3 una conferencia magistral frente a cientos de personas, en donde tambi\u00e9n esta casa editorial estuvo presente. \u201cJos\u00e9 Saramago respondi\u00f3 todo y no utiliz\u00f3 el silencio al estar en desacuerdo con alguna observaci\u00f3n. Su visita sirvi\u00f3 para conocer al escritor y al hombre que muestra un compromiso social a trav\u00e9s de sus letras y guarda la congruencia al dirigirse a la gente en persona\u201d, narr\u00f3 EL INFORMADOR, hace 19 a\u00f1os.<\/p>\n<p>                    <strong>Un proyecto consolidado<\/strong> <\/p>\n<p>En su historia, como todo, la FIL no ha estado exenta de dificultades. Una de las m\u00e1s recientes se dio tras el fallecimiento en 2023 de Ra\u00fal Padilla L\u00f3pez, quien durante d\u00e9cadas fue el presidente y figura clave detr\u00e1s de la feria. Su muerte gener\u00f3 incertidumbre sobre el futuro del evento, aunque la direcci\u00f3n encabezada por Marisol Schulz logr\u00f3 mantener la continuidad y demostrar que el proyecto est\u00e1 institucionalmente consolidado. Tambi\u00e9n ha habido tensiones pol\u00edticas, desde el gobierno local hasta el gobierno federal; la pandemia de COVID-19, adem\u00e1s, represent\u00f3 uno de los mayores retos en la historia de la feria.<\/p>\n<p><strong>En 2020, el evento tuvo que trasladarse por completo al \u00e1mbito digital, cancelando su tradicional formato presencial. Aunque se logr\u00f3 mantener una programaci\u00f3n en l\u00ednea, el impacto fue fuerte en t\u00e9rminos de p\u00fablico, econom\u00eda y participaci\u00f3n editorial.<\/strong> \u201cLa edici\u00f3n 34 de la FIL ha sido dedicada a la memoria de quienes han muerto en el mundo a causa del Coronavirus, as\u00ed como al personal que le ha plantado cara\u201d, escribi\u00f3 EL INFORMADOR el 29 de noviembre del 2020. Esta Feria no tiene pa\u00eds invitado de honor este a\u00f1o, lo que permite entregarle todos los honores al personal de salud que, sin tregua, ha atendido a millones de v\u00edctimas\u201d.<\/p>\n<p>Sin embargo, la FIL se recuper\u00f3 r\u00e1pidamente: en 2022 ya contaba con m\u00e1s de 800 mil visitantes y en 2023 super\u00f3 los n\u00fameros previos a la pandemia, alcanzando cerca de 860 mil asistentes. En 2024 logr\u00f3 incluso cifras hist\u00f3ricas cercanas al mill\u00f3n de visitantes, con la participaci\u00f3n de casi tres mil editoriales y delegaciones de m\u00e1s de sesenta pa\u00edses.<\/p>\n<p><strong>Una feria \u00a0de alcance internacional<\/strong> <\/p>\n<p>Cada a\u00f1o, adem\u00e1s, un pa\u00eds o regi\u00f3n es invitado de honor, lo que permite mostrar su literatura, arte y cultura, y establecer di\u00e1logos con la Perla Tapat\u00eda. Desde 1993 han sido invitados pa\u00edses y ciudades como: Colombia, Argentina, Per\u00fa, Espa\u00f1a, Portugal, Italia, India, la Uni\u00f3n Europea y Catalu\u00f1a, lo que ha consolidado a la FIL como un espacio de encuentro multicultural.<\/p>\n<p>Estos han sido los invitados de lujo en Guadalajara:<\/p>\n<ul>\n<li>1993: Colombia.<\/li>\n<li>1994: Nuevo M\u00e9xico, EU.<\/li>\n<li>1995: Venezuela.<\/li>\n<li>1996: Canad\u00e1.<\/li>\n<li>1997: Argentina.<\/li>\n<li>1998: Puerto Rico.<\/li>\n<li>1999: Chile.<\/li>\n<li>2000: Espa\u00f1a.<\/li>\n<li>2001: Brasil.<\/li>\n<li>2002: Cuba.<\/li>\n<li>2003: Quebec, Canad\u00e1.<\/li>\n<li>2004: Catalu\u00f1a, Espa\u00f1a.<\/li>\n<li>2005: Per\u00fa.<\/li>\n<li>2006: Andaluc\u00eda, Espa\u00f1a.<\/li>\n<li>2007: Colombia.<\/li>\n<li>2008: Italia.<\/li>\n<li>2009: Los \u00c1ngeles, EU.<\/li>\n<li>2010: Castilla y Le\u00f3n, Espa\u00f1a.<\/li>\n<li>2011: Alemania.<\/li>\n<li>2012: Chile.<\/li>\n<li>2013: Israel.<\/li>\n<li>2014: Argentina.<\/li>\n<li>2015: Reino Unido.<\/li>\n<li>2016: Am\u00e9rica Latina.<\/li>\n<li>2017: Madrid, Espa\u00f1a.<\/li>\n<li>2018: Portugal.<\/li>\n<li>2019: India.<\/li>\n<li>2020: Debido a la pandemia, no hubo\u00a0<\/li>\n<li>invitados.<\/li>\n<li>2021: Per\u00fa.<\/li>\n<li>2022: Sharjah, Emiratos \u00c1rabes Unidos.<\/li>\n<li>2023: Uni\u00f3n Europea.<\/li>\n<li>2024: Espa\u00f1a.<\/li>\n<li>2025: Barcelona, Espa\u00f1a.<\/li>\n<li>2026: Italia (anunciado).<\/li>\n<\/ul>\n<p><strong>El coraz\u00f3n del comercio literario\u00a0<\/strong> <\/p>\n<p>La importancia de la FIL Guadalajara va mucho m\u00e1s all\u00e1 de lo local. Se trata de un espacio clave para la compraventa de derechos editoriales, lo que permite que libros en espa\u00f1ol se traduzcan y circulen en todo el mundo. En este sentido, el \u00e1rea de negociaci\u00f3n se ha convertido en el coraz\u00f3n del comercio literario internacional. Tambi\u00e9n es un motor econ\u00f3mico para Jalisco, pues la feria es autosustentable y genera una derrama millonaria que beneficia a la ciudad. Adem\u00e1s,<strong> la FIL se ha consolidado como un icono cultural de Guadalajara, al punto de ser considerada uno de los principales s\u00edmbolos de identidad de la regi\u00f3n<\/strong>.<\/p>\n<p>El prestigio internacional de la FIL qued\u00f3 reforzado en 2020, cuando fue galardonada con el Premio Princesa de Asturias de Comunicaci\u00f3n y Humanidades, reconocimiento que comparti\u00f3 con el Hay Festival por su labor de difusi\u00f3n cultural y literaria. Este premio confirm\u00f3 el impacto global de un proyecto que naci\u00f3 en el occidente de M\u00e9xico y que hoy es una referencia indispensable en el mundo editorial y literario. \u201cLa Feria Internacional del Libro en Guadalajara, considerada la m\u00e1s importante del mundo de habla hispana, ha sido galardonada con el Premio Princesa de Asturias de Comunicaci\u00f3n y Humanidades 2020\u201d, report\u00f3 EL INFORMADOR.<\/p>\n<p><strong>En el aspecto editorial, la FIL es considerada un aut\u00e9ntico term\u00f3metro de la industria del libro en espa\u00f1ol.<\/strong> Cada a\u00f1o, miles de profesionales se dan cita en el \u00e1rea de negocios, donde se concretan compraventas de derechos de autor, acuerdos de distribuci\u00f3n y alianzas entre editoriales. Para muchos sellos independientes, la FIL es la oportunidad de encontrar visibilidad y abrir mercados que de otro modo ser\u00edan inaccesibles, mientras que para las grandes editoriales representa un escaparate inmejorable para lanzar novedades y reforzar su presencia en Latinoam\u00e9rica.<\/p>\n<p>El impacto econ\u00f3mico de la FIL en Guadalajara es enorme y va m\u00e1s all\u00e1 del \u00e1mbito cultural. Hoteles y restaurantes suelen alcanzar ocupaciones r\u00e9cord durante los d\u00edas de la feria, y la ciudad entera se transforma en un punto de encuentro cultural que atrae tanto a visitantes nacionales como extranjeros. Adem\u00e1s, la FIL es un motor de capital cultural intangible, pues posiciona a Guadalajara como una ciudad referente en el mundo de los libros, lo que fortalece su identidad como polo cultural y acad\u00e9mico en M\u00e9xico y Am\u00e9rica Latina.<\/p>\n<p>                    <strong>Grandes mentes<\/strong> <\/p>\n<p>La FIL Guadalajara no solo es un punto de encuentro entre escritores, editoriales y lectores, tambi\u00e9n ha consolidado un sistema propio de reconocimientos que le otorgan un peso simb\u00f3lico dentro del panorama cultural internacional. El m\u00e1s destacado es el Premio FIL de Literatura en Lenguas Romances, instaurado en 1991 bajo el nombre de Premio Juan Rulfo, que luego cambi\u00f3 de denominaci\u00f3n. Este galard\u00f3n reconoce la trayectoria de autores que escriben en alguna de las lenguas romances -espa\u00f1ol, portugu\u00e9s, franc\u00e9s, catal\u00e1n, gallego, rumano o italiano- y que han contribuido de manera significativa a la literatura universal.<\/p>\n<p><strong>Entre sus ganadores se encuentran figuras de talla mundial como: Nicanor Parra, Juan Mars\u00e9, Ant\u00f3nio Lobo Antunes, Enrique Vila-Matas, Norman Manea, Margo Glantz, Yves Bonnefoy, Sergio Ram\u00edrez, Diamela Eltit y L\u00eddia Jorge, por mencionar solo algunos.<\/strong> El premio no solo aporta prestigio, sino que tambi\u00e9n reafirma el papel de la FIL como un espacio de legitimaci\u00f3n cultural en el \u00e1mbito literario internacional.<\/p>\n<p>Adem\u00e1s, la feria otorga reconocimientos en otras \u00e1reas, como el Premio Sor Juana In\u00e9s de la Cruz, creado en 1993 para destacar la labor de escritoras iberoamericanas con obras de gran calidad narrativa. Gracias a este galard\u00f3n, autoras como Carmen Boullosa, Cristina Rivera Garza, Valeria Luiselli y Fernanda Melchor han recibido un impulso adicional en sus carreras. Tambi\u00e9n se entregan premios relacionados con la ilustraci\u00f3n, la edici\u00f3n independiente, la difusi\u00f3n cultural y el periodismo literario, lo que permite que distintos actores del ecosistema del libro encuentren un espacio de reconocimiento.<\/p>\n<p>CT<\/p>\n<p>\n            Temas\n        <\/p>\n<p>\n\t\t\t\t\tLee Tambi\u00e9n\n\t\t\t\t<\/p>\n","protected":false},"excerpt":{"rendered":"La Feria Internacional del Libro de Guadalajara (FIL Guadalajara) celebr\u00f3 su primera edici\u00f3n en 1987. Fue creada por&hellip;\n","protected":false},"author":2,"featured_media":157749,"comment_status":"","ping_status":"","sticky":false,"template":"","format":"standard","meta":{"footnotes":""},"categories":[172],"tags":[47053,224,146,147,25,1598,24,30722,47054,225,671,23],"class_list":{"0":"post-157748","1":"post","2":"type-post","3":"status-publish","4":"format-standard","5":"has-post-thumbnail","7":"category-libros","8":"tag-108-anos-el-informador","9":"tag-books","10":"tag-entertainment","11":"tag-entretenimiento","12":"tag-es","13":"tag-escritores","14":"tag-espana","15":"tag-fil","16":"tag-fomentar-la-lectura","17":"tag-libros","18":"tag-literatura","19":"tag-spain"},"share_on_mastodon":{"url":"","error":""},"_links":{"self":[{"href":"https:\/\/www.europesays.com\/es\/wp-json\/wp\/v2\/posts\/157748","targetHints":{"allow":["GET"]}}],"collection":[{"href":"https:\/\/www.europesays.com\/es\/wp-json\/wp\/v2\/posts"}],"about":[{"href":"https:\/\/www.europesays.com\/es\/wp-json\/wp\/v2\/types\/post"}],"author":[{"embeddable":true,"href":"https:\/\/www.europesays.com\/es\/wp-json\/wp\/v2\/users\/2"}],"replies":[{"embeddable":true,"href":"https:\/\/www.europesays.com\/es\/wp-json\/wp\/v2\/comments?post=157748"}],"version-history":[{"count":0,"href":"https:\/\/www.europesays.com\/es\/wp-json\/wp\/v2\/posts\/157748\/revisions"}],"wp:featuredmedia":[{"embeddable":true,"href":"https:\/\/www.europesays.com\/es\/wp-json\/wp\/v2\/media\/157749"}],"wp:attachment":[{"href":"https:\/\/www.europesays.com\/es\/wp-json\/wp\/v2\/media?parent=157748"}],"wp:term":[{"taxonomy":"category","embeddable":true,"href":"https:\/\/www.europesays.com\/es\/wp-json\/wp\/v2\/categories?post=157748"},{"taxonomy":"post_tag","embeddable":true,"href":"https:\/\/www.europesays.com\/es\/wp-json\/wp\/v2\/tags?post=157748"}],"curies":[{"name":"wp","href":"https:\/\/api.w.org\/{rel}","templated":true}]}}