{"id":157760,"date":"2025-10-05T09:28:13","date_gmt":"2025-10-05T09:28:13","guid":{"rendered":"https:\/\/www.europesays.com\/es\/157760\/"},"modified":"2025-10-05T09:28:13","modified_gmt":"2025-10-05T09:28:13","slug":"mas-de-una-treintena-de-locales-se-traspasan-en-la-ciudad","status":"publish","type":"post","link":"https:\/\/www.europesays.com\/es\/157760\/","title":{"rendered":"m\u00e1s de una treintena de locales se traspasan en la ciudad"},"content":{"rendered":"<p class=\"ft-text ft-helper-closenews\">El movimiento empresarial en Vigo no se detiene. M\u00e1s de una treintena de locales comerciales de la ciudad est\u00e1n actualmente en traspaso, seg\u00fan los anuncios publicados en portales especializados. Entre ellos, <a class=\"ft-link ft-link--decoration\" href=\"https:\/\/www.farodevigo.es\/gran-vigo\/2025\/10\/05\/grandes-cadenas-hosteleria-interesan-local-122275976.html\" rel=\"nofollow noopener\" target=\"_blank\">como cuenta FARO, es la La joya de la corona de Porta do Sol se traspasa<\/a>. La petici\u00f3n de sus actuales due\u00f1os, 350.000 euros para consumar la operaci\u00f3n m\u00e1s un alquiler mensual de 12.000 euros.<\/p>\n<p class=\"ft-text\">\u00a0Pero, no por llamativo, el caso del Ca\u00f1averal -nombre actual del local- es \u00fanico en la ciudad. La mayor\u00eda de los locales que se concentra en las principales zonas comerciales del casco urbano: Pr\u00edncipe, Garc\u00eda Barb\u00f3n, Camelias, Bala\u00eddos, O Berb\u00e9s, O Calvario o la Gran V\u00eda, aunque tambi\u00e9n hay ofertas en barrios como Lavadores o Coruxo.<\/p>\n<p>Traspaso vs. venta de negocios<\/p>\n<p class=\"ft-text\">Los sectores m\u00e1s representados son los de la hosteler\u00eda y la restauraci\u00f3n: bares, cafeter\u00edas y restaurantes protagonizan m\u00e1s de la mitad de las operaciones. En muchos casos, los propietarios optan por el traspaso como una forma de recuperar parte de la inversi\u00f3n realizada en reformas, licencias o equipamiento, frente a la alternativa de cerrar definitivamente el negocio.<\/p>\n<p class=\"ft-text\">Para los emprendedores, este tipo de operaciones ofrece una v\u00eda de entrada al mercado con menor riesgo. Al adquirir un local ya acondicionado y con clientela fidelizada, pueden comenzar su actividad de inmediato, evitando los costes iniciales y la incertidumbre de arrancar desde cero.<\/p>\n<p class=\"ft-text\">El traspaso se consolida como una f\u00f3rmula cada vez m\u00e1s habitual en Vigo para dar continuidad a negocios y mantener viva la actividad comercial en la ciudad.<\/p>\n<p data-close=\"closedContent\" class=\"subscribeHideForDisplay\">Suscr\u00edbete para seguir leyendo<\/p>\n","protected":false},"excerpt":{"rendered":"El movimiento empresarial en Vigo no se detiene. M\u00e1s de una treintena de locales comerciales de la ciudad&hellip;\n","protected":false},"author":2,"featured_media":157761,"comment_status":"","ping_status":"","sticky":false,"template":"","format":"standard","meta":{"footnotes":""},"categories":[80],"tags":[47057,9616,82,95,94,25,24,47058,2733,23,2922,24795,1274],"class_list":{"0":"post-157760","1":"post","2":"type-post","3":"status-publish","4":"format-standard","5":"has-post-thumbnail","7":"category-economia","8":"tag-actuales","9":"tag-anuncios","10":"tag-business","11":"tag-economia","12":"tag-economy","13":"tag-es","14":"tag-espana","15":"tag-locales-comerciales","16":"tag-negocios","17":"tag-spain","18":"tag-tendencias","19":"tag-treintena","20":"tag-vigo"},"share_on_mastodon":{"url":"","error":""},"_links":{"self":[{"href":"https:\/\/www.europesays.com\/es\/wp-json\/wp\/v2\/posts\/157760","targetHints":{"allow":["GET"]}}],"collection":[{"href":"https:\/\/www.europesays.com\/es\/wp-json\/wp\/v2\/posts"}],"about":[{"href":"https:\/\/www.europesays.com\/es\/wp-json\/wp\/v2\/types\/post"}],"author":[{"embeddable":true,"href":"https:\/\/www.europesays.com\/es\/wp-json\/wp\/v2\/users\/2"}],"replies":[{"embeddable":true,"href":"https:\/\/www.europesays.com\/es\/wp-json\/wp\/v2\/comments?post=157760"}],"version-history":[{"count":0,"href":"https:\/\/www.europesays.com\/es\/wp-json\/wp\/v2\/posts\/157760\/revisions"}],"wp:featuredmedia":[{"embeddable":true,"href":"https:\/\/www.europesays.com\/es\/wp-json\/wp\/v2\/media\/157761"}],"wp:attachment":[{"href":"https:\/\/www.europesays.com\/es\/wp-json\/wp\/v2\/media?parent=157760"}],"wp:term":[{"taxonomy":"category","embeddable":true,"href":"https:\/\/www.europesays.com\/es\/wp-json\/wp\/v2\/categories?post=157760"},{"taxonomy":"post_tag","embeddable":true,"href":"https:\/\/www.europesays.com\/es\/wp-json\/wp\/v2\/tags?post=157760"}],"curies":[{"name":"wp","href":"https:\/\/api.w.org\/{rel}","templated":true}]}}