{"id":157762,"date":"2025-10-05T09:29:11","date_gmt":"2025-10-05T09:29:11","guid":{"rendered":"https:\/\/www.europesays.com\/es\/157762\/"},"modified":"2025-10-05T09:29:11","modified_gmt":"2025-10-05T09:29:11","slug":"llegan-a-estambul-137-activistas-deportados-por-israel-que-denuncian-malos-tratos-y-torturas-internacional","status":"publish","type":"post","link":"https:\/\/www.europesays.com\/es\/157762\/","title":{"rendered":"Llegan a Estambul 137 activistas deportados por Israel, que denuncian malos tratos y torturas | Internacional"},"content":{"rendered":"<p class=\"\">Un total de <a href=\"https:\/\/elpais.com\/internacional\/2025-10-02\/el-barco-de-la-marina-israeli-con-los-miembros-de-la-flotilla-detenidos-llega-al-puerto-de-ashdod.html\" target=\"_self\" rel=\"nofollow noopener\" title=\"https:\/\/elpais.com\/internacional\/2025-10-02\/el-barco-de-la-marina-israeli-con-los-miembros-de-la-flotilla-detenidos-llega-al-puerto-de-ashdod.html\">137 activistas de la Global Sumud Flotilla<\/a> deportados por Israel (ninguno de ellos espa\u00f1ol) han llegado este s\u00e1bado a Estambul en un avi\u00f3n de Turkish Airlines fletado por el Gobierno turco. En sus primeras declaraciones p\u00fablicas tras el asalto israel\u00ed en aguas internacionales a los barcos en los que viajaban con ayuda humanitaria hacia Gaza, muchos de ellos han denunciado los \u201cmalos tratos\u201d y las \u201ctorturas\u201d a <a href=\"https:\/\/elpais.com\/internacional\/2025-10-03\/los-activistas-de-la-flotilla-comparecen-ante-un-tribunal-en-una-carcel-de-maxima-seguridad-de-israel.html\" target=\"_self\" rel=\"nofollow noopener\" title=\"https:\/\/elpais.com\/internacional\/2025-10-03\/los-activistas-de-la-flotilla-comparecen-ante-un-tribunal-en-una-carcel-de-maxima-seguridad-de-israel.html\">los que les sometieron las autoridades israel\u00edes<\/a> durante su encierro en la c\u00e1rcel de Ketziot, en el desierto del Neguev. Otros cuatro integrantes de la flotilla, todos ellos diputados italianos, aterrizaron en Roma la v\u00edspera.<\/p>\n<p class=\"\">\u201cDurante tres d\u00edas nos trataron como terroristas\u201d, afirm\u00f3 el profesor Hasmet Yazici, uno de los activistas turcos, quien, ante los micr\u00f3fonos de las televisiones del pa\u00eds, explic\u00f3 que, durante el abordaje, el trato fue m\u00e1s \u201cprofesional\u201d que luego en prisi\u00f3n. \u201cA algunos compa\u00f1eros los mantuvieron esposados durante 16 horas\u201d, cont\u00f3. Una vez llegados a tierra, sufrieron \u201cconstante violencia psicol\u00f3gica pero tambi\u00e9n f\u00edsica\u201d. <\/p>\n<p class=\"\">Otra de las integrantes turcas de la flotilla, Ay\u00e7in Kantoglu, dijo que en prisi\u00f3n se les oblig\u00f3 a desnudarse para ser cacheadas en varias ocasiones. \u201cDurante las primeras 40 horas no nos dieron nada de comer. Y no hubo agua potable, nos dec\u00edan que bebi\u00e9semos de los retretes\u201d, denunci\u00f3. Adem\u00e1s, asegur\u00f3 que en prisi\u00f3n los guardias se ensa\u00f1aron especialmente con la activista sueca <a href=\"https:\/\/elpais.com\/smoda\/moda\/2025-10-03\/el-sombrero-de-rana-de-greta-thunberg-un-nuevo-simbolo-de-la-resistencia-pacifica.html\" target=\"_self\" rel=\"nofollow noopener\" title=\"https:\/\/elpais.com\/smoda\/moda\/2025-10-03\/el-sombrero-de-rana-de-greta-thunberg-un-nuevo-simbolo-de-la-resistencia-pacifica.html\">Greta Thunberg, uno de los rostros de la iniciativa humanitaria a Gaza<\/a>. \u201cHay quienes vieron c\u00f3mo la golpeaban. Le ataron las manos por detr\u00e1s con una bandera israel\u00ed y la obligaron a marchar\u201d. <\/p>\n<p class=\"\">Este punto ha sido confirmado por diplom\u00e1ticos suecos que se han podido reunir con la joven activista, seg\u00fan correspondencia electr\u00f3nica publicada por The Guardian. \u201cNos ha informado de que [sufre] deshidrataci\u00f3n. Ha recibido una cantidad insuficiente de agua y comida. Tambi\u00e9n afirm\u00f3 haber desarrollado erupciones cut\u00e1neas que sospechaba fueron causadas por chinches. Habl\u00f3 de malos tratos y dijo que hab\u00eda estado sentada durante largos periodos sobre superficies duras. Otro detenido le dijo a otro miembro de la Embajada que la ha visto siendo forzada a sujetar banderas mientras la fotografiaban\u201d, se lee en los emails.<\/p>\n<p><img decoding=\"auto\" class=\"_re lazyload a_m-h\" height=\"276\"  width=\"414\"  src=\"https:\/\/www.europesays.com\/es\/wp-content\/uploads\/2025\/10\/DFNGN4SCPFKODD62JR7O7JXTX4.jpg\" loading=\"lazy\"\/>Un hombre sujeta una pancarta con el restro de la activista sueca Greta Thunberg durante una manifestaci\u00f3n en Karachi (Pakist\u00e1n) el pasado jueves.SHAHZAIB AKBER (EFE)<\/p>\n<p class=\"\">El periodista turco Ersin \u00c7elik, que tambi\u00e9n viajaba en la flotilla, relat\u00f3 a la cadena TRT que las fuerzas de seguridad israel\u00edes \u201chan torturado y tratado con extrema crueldad\u201d a Thunberg, forz\u00e1ndola a \u201carrastrarse y besar la bandera israel\u00ed\u201d. \u201cEstaban furiosos [con nosotros]. Nos sometieron a violencia f\u00edsica y psicol\u00f3gica. Algunos compa\u00f1eros est\u00e1n heridos\u201d, dijo. <\/p>\n<p class=\"\">El grupo de 137 activistas deportados est\u00e1 compuesto por 36 turcos, 23 malasios y un n\u00famero menor de nacionales de Italia, Suiza, Marruecos, Argelia, Libia, Mauritania, T\u00fanez, Jordania, Emiratos \u00c1rabes Unidos, Kuwait y Estados Unidos, seg\u00fan inform\u00f3 el Ministerio de Exteriores turco, que sigue trabajando en la liberaci\u00f3n de la veintena de turcos que contin\u00faan en prisi\u00f3n en Israel. De los alrededor de 470 integrantes de la Global Sumud Flotilla, el de los turcos era el grupo m\u00e1s numeroso, seguido de cerca por los espa\u00f1oles e italianos.<\/p>\n<p><img decoding=\"auto\" class=\"_re lazyload a_m-h\" height=\"277\"  width=\"414\"  src=\"https:\/\/www.europesays.com\/es\/wp-content\/uploads\/2025\/10\/LPQJMN67SNKJTL6LZS4NNVGB2Y.jpg\" loading=\"lazy\"\/>Llegada a Estambul este s\u00e1bado de varios activistas de la flotilla deportados por Israel.Umit Bektas (REUTERS)<\/p>\n<p class=\"\">Este s\u00e1bado, el ministro de Asuntos Exteriores espa\u00f1ol, Jos\u00e9 Manuel Albares, garantiz\u00f3 en TVE que su departamento trabaja para que los cerca de 50 espa\u00f1oles a\u00fan encarcelados \u2014entre ellos <a href=\"https:\/\/elpais.com\/autor\/carlos-barron-garcia\/\" target=\"_blank\" rel=\"nofollow noopener\" title=\"https:\/\/elpais.com\/autor\/carlos-barron-garcia\/\">el periodista de EL PA\u00cdS Carlos de Barr\u00f3n<\/a>\u2014 regresen \u201ccuanto antes\u201d a casa, pero no ha ofrecido una fecha concreta. El viernes, el c\u00f3nsul espa\u00f1ol en Tel Aviv pudo contactar con un primer grupo en la c\u00e1rcel, pero no con todos. Albares, tras hablar con el c\u00f3nsul, explic\u00f3 que, \u201cdentro de las circunstancias\u201d en las que est\u00e1n, los espa\u00f1oles \u201cse encuentran bien\u201d.<\/p>\n<p class=\"\">Los deportados llegados a Turqu\u00eda fueron recibidos en la pista del Aeropuerto de Estambul por representantes del Ministerio de Exteriores turco y una delegaci\u00f3n en la que se hallaba la hija del presidente, S\u00fcmeyye Erdogan, dirigente de la Fundaci\u00f3n Mujer y Democracia (KADEM), que felicit\u00f3 a los integrantes de la flotilla por su valor. Luego, fueron trasladados a la terminal VIP del Aeropuerto de Estambul, donde les esperaban familiares y amigos.<\/p>\n<p class=\"\">Posteriormente, fueron llevados al Instituto de Medicina Forense para pasar un examen m\u00e9dico y, a lo largo de la noche y del domingo, se les tomar\u00e1 declaraci\u00f3n policial como parte de la instrucci\u00f3n abierta por la Fiscal\u00eda de Estambul contra el asalto a la Flotilla, en la que, adem\u00e1s de los cargos de \u201cprivaci\u00f3n de libertad\u201d, \u201csecuestro o detenci\u00f3n de medios de transporte\u201d, se investiga el de \u201ctortura\u201d. <\/p>\n","protected":false},"excerpt":{"rendered":"Un total de 137 activistas de la Global Sumud Flotilla deportados por Israel (ninguno de ellos espa\u00f1ol) han&hellip;\n","protected":false},"author":2,"featured_media":157763,"comment_status":"","ping_status":"","sticky":false,"template":"","format":"standard","meta":{"footnotes":""},"categories":[42],"tags":[5341,17,18,68,13,14,73,19250,69,11,61,62,63,64,74,19,20,2580,9,10,15,16,12,2579,21,22,65,66,67],"class_list":{"0":"post-157762","1":"post","2":"type-post","3":"status-publish","4":"format-standard","5":"has-post-thumbnail","7":"category-internacional","8":"tag-ayuda-humanitaria","9":"tag-breaking-news","10":"tag-breakingnews","11":"tag-conflicto-arabe-israeli","12":"tag-featured-news","13":"tag-featurednews","14":"tag-franja-gaza","15":"tag-greta-thunberg","16":"tag-guerra","17":"tag-headlines","18":"tag-internacional","19":"tag-international","20":"tag-international-news","21":"tag-internationalnews","22":"tag-israel","23":"tag-latest-news","24":"tag-latestnews","25":"tag-malos-tratos","26":"tag-news","27":"tag-noticias","28":"tag-noticias-destacadas","29":"tag-noticiasdestacadas","30":"tag-titulares","31":"tag-tortura","32":"tag-ultimas-noticias","33":"tag-ultimasnoticias","34":"tag-world","35":"tag-world-news","36":"tag-worldnews"},"share_on_mastodon":{"url":"","error":""},"_links":{"self":[{"href":"https:\/\/www.europesays.com\/es\/wp-json\/wp\/v2\/posts\/157762","targetHints":{"allow":["GET"]}}],"collection":[{"href":"https:\/\/www.europesays.com\/es\/wp-json\/wp\/v2\/posts"}],"about":[{"href":"https:\/\/www.europesays.com\/es\/wp-json\/wp\/v2\/types\/post"}],"author":[{"embeddable":true,"href":"https:\/\/www.europesays.com\/es\/wp-json\/wp\/v2\/users\/2"}],"replies":[{"embeddable":true,"href":"https:\/\/www.europesays.com\/es\/wp-json\/wp\/v2\/comments?post=157762"}],"version-history":[{"count":0,"href":"https:\/\/www.europesays.com\/es\/wp-json\/wp\/v2\/posts\/157762\/revisions"}],"wp:featuredmedia":[{"embeddable":true,"href":"https:\/\/www.europesays.com\/es\/wp-json\/wp\/v2\/media\/157763"}],"wp:attachment":[{"href":"https:\/\/www.europesays.com\/es\/wp-json\/wp\/v2\/media?parent=157762"}],"wp:term":[{"taxonomy":"category","embeddable":true,"href":"https:\/\/www.europesays.com\/es\/wp-json\/wp\/v2\/categories?post=157762"},{"taxonomy":"post_tag","embeddable":true,"href":"https:\/\/www.europesays.com\/es\/wp-json\/wp\/v2\/tags?post=157762"}],"curies":[{"name":"wp","href":"https:\/\/api.w.org\/{rel}","templated":true}]}}