{"id":157764,"date":"2025-10-05T09:30:04","date_gmt":"2025-10-05T09:30:04","guid":{"rendered":"https:\/\/www.europesays.com\/es\/157764\/"},"modified":"2025-10-05T09:30:04","modified_gmt":"2025-10-05T09:30:04","slug":"la-directora-de-cine-paula-ortiz-da-el-pregon-en-zaragoza-y-lo-que-dice-deja-a-la-alcaldesa-del-pp-con-esta-cara","status":"publish","type":"post","link":"https:\/\/www.europesays.com\/es\/157764\/","title":{"rendered":"La directora de cine Paula Ortiz da el preg\u00f3n en Zaragoza y lo que dice deja a la alcaldesa, del PP, con esta cara"},"content":{"rendered":"<p>Zaragoza ha arrancado este s\u00e1bado sus Fiestas del Pilar 2025 y lo ha hecho con el\u00a0<a href=\"https:\/\/www.huffingtonpost.es\/virales\/manu-sanchez-responde-que-forma-le-cuestiona-siendo-agnostico-pregon-reyes-magos.html\" rel=\"nofollow noopener\" target=\"_blank\">preg\u00f3n<\/a>\u00a0que da el pistoletazo de salida a las celebraciones. Este a\u00f1o, a cargo de\u00a0los cineastas zaragozanos Javier Macipe, Pilar Palomero y Paula Ortiz.<\/p>\n<p>Pero durante el turno de palabra de Paula Ortiz, ha dejado una intervenci\u00f3n en la que no s\u00f3lo hablaba de Arag\u00f3n que no deja de compartirse una y otra vez en redes sociales en las \u00faltimas horas. Y no s\u00f3lo por lo que ha dicho, sino tambi\u00e9n por <b>la reacci\u00f3n de la persona que estaba justo detr\u00e1s de ella, la alcaldesa de Zaragoza, Natalia Chueca, del Partido Popular<\/b>.<\/p>\n<p>\u00abMa\u00f1os y ma\u00f1as. Hoy, aqu\u00ed, todos somos una. Somos una ciudad, somos foro, somos asamblea. Somos hogar. <b>Lo somos a pesar de la dureza del viento, del polvo, de la niebla y del sol abrasador<\/b>\u00ab, ha se\u00f1alado.<\/p>\n<p>Paula Ortiz ha asegurado de que siguen si\u00e9ndolo \u00ab<b>a pesar de que falten aceras, profesores en los colegios p\u00fablicos, m\u00e9dicos en los hospitales, casas de juventud<\/b>\u00ab. Unas palabras a las que la alcaldesa de Zaragoza, Natalia Chueca, del PP, ha reaccionado con una cara que demostraba que no sab\u00eda d\u00f3nde meterse.<\/p>\n<p>\u00ab<b>A pesar de las guerras que nos averg\u00fcenzan y los genocidios a los que asistimos y de qui\u00e9nes nos reprochan denunciar esa verg\u00fcenza<\/b>. A pesar de eso, somos una gran ciudad que recibe a quien llega sin preguntar. Y lo somos gracias a un car\u00e1cter sencillo y noble que forjaron nuestras madres y abuelos que resistieron y so\u00f1aron grande. Lo somos gracias a los barrios, que siguen siendo barrios\u00bb, ha destacado.<\/p>\n<p>El discurso de Paula Ortiz durante el preg\u00f3n de Zaragoza no deja de compartirse en redes sociales con gente que no deja de poner la lupa en la reacci\u00f3n totalmente inesperada de la alcaldesa Natalia Chueca. \u00ab<b>Las caras, Juan<\/b>\u00ab, ironizan algunos.<\/p>\n","protected":false},"excerpt":{"rendered":"Zaragoza ha arrancado este s\u00e1bado sus Fiestas del Pilar 2025 y lo ha hecho con el\u00a0preg\u00f3n\u00a0que da el&hellip;\n","protected":false},"author":2,"featured_media":157765,"comment_status":"","ping_status":"","sticky":false,"template":"","format":"standard","meta":{"footnotes":""},"categories":[8],"tags":[17,18,25,24,13,14,11,19,20,9,10,15,16,6066,47059,23,12,21,22,491],"class_list":{"0":"post-157764","1":"post","2":"type-post","3":"status-publish","4":"format-standard","5":"has-post-thumbnail","7":"category-espana","8":"tag-breaking-news","9":"tag-breakingnews","10":"tag-es","11":"tag-espana","12":"tag-featured-news","13":"tag-featurednews","14":"tag-headlines","15":"tag-latest-news","16":"tag-latestnews","17":"tag-news","18":"tag-noticias","19":"tag-noticias-destacadas","20":"tag-noticiasdestacadas","21":"tag-partido-popular-pp","22":"tag-paula-ortiz","23":"tag-spain","24":"tag-titulares","25":"tag-ultimas-noticias","26":"tag-ultimasnoticias","27":"tag-zaragoza"},"share_on_mastodon":{"url":"","error":""},"_links":{"self":[{"href":"https:\/\/www.europesays.com\/es\/wp-json\/wp\/v2\/posts\/157764","targetHints":{"allow":["GET"]}}],"collection":[{"href":"https:\/\/www.europesays.com\/es\/wp-json\/wp\/v2\/posts"}],"about":[{"href":"https:\/\/www.europesays.com\/es\/wp-json\/wp\/v2\/types\/post"}],"author":[{"embeddable":true,"href":"https:\/\/www.europesays.com\/es\/wp-json\/wp\/v2\/users\/2"}],"replies":[{"embeddable":true,"href":"https:\/\/www.europesays.com\/es\/wp-json\/wp\/v2\/comments?post=157764"}],"version-history":[{"count":0,"href":"https:\/\/www.europesays.com\/es\/wp-json\/wp\/v2\/posts\/157764\/revisions"}],"wp:featuredmedia":[{"embeddable":true,"href":"https:\/\/www.europesays.com\/es\/wp-json\/wp\/v2\/media\/157765"}],"wp:attachment":[{"href":"https:\/\/www.europesays.com\/es\/wp-json\/wp\/v2\/media?parent=157764"}],"wp:term":[{"taxonomy":"category","embeddable":true,"href":"https:\/\/www.europesays.com\/es\/wp-json\/wp\/v2\/categories?post=157764"},{"taxonomy":"post_tag","embeddable":true,"href":"https:\/\/www.europesays.com\/es\/wp-json\/wp\/v2\/tags?post=157764"}],"curies":[{"name":"wp","href":"https:\/\/api.w.org\/{rel}","templated":true}]}}