{"id":157766,"date":"2025-10-05T09:31:08","date_gmt":"2025-10-05T09:31:08","guid":{"rendered":"https:\/\/www.europesays.com\/es\/157766\/"},"modified":"2025-10-05T09:31:08","modified_gmt":"2025-10-05T09:31:08","slug":"los-puntos-de-informacion-turistica-del-ayuntamiento-han-atendido-en-lo-que-va-de-ano-a-mas-de-42-000-personas","status":"publish","type":"post","link":"https:\/\/www.europesays.com\/es\/157766\/","title":{"rendered":"Los puntos de informaci\u00f3n tur\u00edstica del Ayuntamiento han atendido en lo que va de a\u00f1o a m\u00e1s de 42.000 personas"},"content":{"rendered":"<p class=\"Cuerpo\">Los puntos de informaci\u00f3n tur\u00edstica del Ayuntamiento de Jerez (que incluyen la oficina de la Plaza del Arenal, Festival de Jerez, Feria del Caballo, Equisur, Real Escuela y Alc\u00e1zar) <strong>han atendido en lo que va de 2025 a 42.022 personas, 2.692 m\u00e1s que en el mismo periodo de hace un a\u00f1o<\/strong> cuando se registraron 39.330 visitantes.<\/p>\n<p class=\"Cuerpo\"><strong>Mayo fue el mes de mayor afluencia de p\u00fablico en este servicio con casi 11.000 visitantes atendidos<\/strong> coincidiendo con la celebraci\u00f3n de la Feria del Caballo. Le sigue septiembre precisamente con 5.881, marzo (4.582) y septiembre (4.956). Por lo que respecta a los meses de verano estos puntos atendieron a 4.037 visitantes en junio, 3.154 en julio, 4.104 en agosto.<\/p>\n<p class=\"Cuerpo\"><strong>El 59% de los usuarios de estos puntos se corresponde con turistas nacionales <\/strong>y el 41% restante con visitantes extranjeros. R<strong>eino Unido ha sido el pa\u00eds con mayor n\u00famero de demandantes de informaci\u00f3n <\/strong>con un 9,97% seguido muy de cerca por Francia (9.16%) y Alemania (6,35%).<\/p>\n<p class=\"Cuerpo\">Por comunidades aut\u00f3nomas, <strong>el 18% de las personas que solicitaron informaci\u00f3n en estos puntos corresponden a Andaluc\u00eda; <\/strong>en segundo lugar, el 16% han sido visitantes de la Comunidad de Madrid seguidos de Catalu\u00f1a (9%), Castilla y Le\u00f3n y Pa\u00eds Vasco (ambos con un 6% del total). La informaci\u00f3n <strong>m\u00e1s demandada en los puntos tur\u00edsticos municipales es aquella relativa a los monumentos<\/strong> (16%) y de las bodegas (15%) siendo los caballos el tercer tema por el que m\u00e1s se ha preguntado.<\/p>\n<p class=\"Cuerpo\">Por otra parte, los datos facilitados por la patronal hotelera HORECA arrojan <strong>una ocupaci\u00f3n hotelera en la ciudad del 84.62% durante el mes de septiembre <\/strong>en Jerez, m\u00e1s de siete puntos con respecto al mismo mes del a\u00f1o pasado cuando fue del 77.41%<\/p>\n<p class=\"Cuerpo\">El teniente de alcaldesa de Turismo y Proyecci\u00f3n Tur\u00edstica, Antonio Real, <strong>ha valorado estos datos de forma positiva <\/strong>se\u00f1alando que \u201cnuevamente estos registros de atenci\u00f3n al p\u00fablico y de ocupaci\u00f3n hotelera demuestran, como en el a\u00f1o anterior, <strong>una l\u00ednea ascendente en el n\u00famero de visitantes atendidos<\/strong> y que solicitan informaci\u00f3n adem\u00e1s de un mayor n\u00famero de plazas hoteleras ocupadas durante el \u00faltimo mes del verano lo que, sin lugar a dudas, <strong>nos anima a seguir trabajando en esta l\u00ednea y a seguir mejorando nuestros servicios\u201d.<\/strong><\/p>\n<p class=\"Cuerpo\">Precisamente el 27 de septiembre se conmemor\u00f3 el<strong> D\u00eda Internacional del Turismo<\/strong> este a\u00f1o bajo el lema \u00abTurismo y Transformaci\u00f3n Sostenible\u00bb con el objetivo de poner el foco sobre el potencial transformador del turismo como agente de cambio positivo. Con tal motivo la Delegaci\u00f3n de Turismo y Proyecci\u00f3n Tur\u00edstica del Ayuntamiento de Jerez, con el teniente de alcaldesa Antonio Real al frente, organiz\u00f3 y coordin\u00f3 una amplia programaci\u00f3n para conmemorar esta efem\u00e9rides con actos que se desarrollaron durante el fin de semana recibiendo <strong>durante ese periodo m\u00e1s de 1.700 visitantes en El Alc\u00e1zar, la Catedral, el Museo Arqueol\u00f3gico y los Museos de La Atalaya.<\/strong><\/p>\n<p class=\"Cuerpo\">\u00a0<\/p>\n<p class=\"Cuerpo\">\u00a0<\/p>\n<p>\u00a0<\/p>\n","protected":false},"excerpt":{"rendered":"Los puntos de informaci\u00f3n tur\u00edstica del Ayuntamiento de Jerez (que incluyen la oficina de la Plaza del Arenal,&hellip;\n","protected":false},"author":2,"featured_media":157767,"comment_status":"","ping_status":"","sticky":false,"template":"","format":"standard","meta":{"footnotes":""},"categories":[5],"tags":[17,18,25,24,13,14,11,19,20,9,10,15,16,23,12,21,22],"class_list":{"0":"post-157766","1":"post","2":"type-post","3":"status-publish","4":"format-standard","5":"has-post-thumbnail","7":"category-titulares","8":"tag-breaking-news","9":"tag-breakingnews","10":"tag-es","11":"tag-espana","12":"tag-featured-news","13":"tag-featurednews","14":"tag-headlines","15":"tag-latest-news","16":"tag-latestnews","17":"tag-news","18":"tag-noticias","19":"tag-noticias-destacadas","20":"tag-noticiasdestacadas","21":"tag-spain","22":"tag-titulares","23":"tag-ultimas-noticias","24":"tag-ultimasnoticias"},"share_on_mastodon":{"url":"","error":""},"_links":{"self":[{"href":"https:\/\/www.europesays.com\/es\/wp-json\/wp\/v2\/posts\/157766","targetHints":{"allow":["GET"]}}],"collection":[{"href":"https:\/\/www.europesays.com\/es\/wp-json\/wp\/v2\/posts"}],"about":[{"href":"https:\/\/www.europesays.com\/es\/wp-json\/wp\/v2\/types\/post"}],"author":[{"embeddable":true,"href":"https:\/\/www.europesays.com\/es\/wp-json\/wp\/v2\/users\/2"}],"replies":[{"embeddable":true,"href":"https:\/\/www.europesays.com\/es\/wp-json\/wp\/v2\/comments?post=157766"}],"version-history":[{"count":0,"href":"https:\/\/www.europesays.com\/es\/wp-json\/wp\/v2\/posts\/157766\/revisions"}],"wp:featuredmedia":[{"embeddable":true,"href":"https:\/\/www.europesays.com\/es\/wp-json\/wp\/v2\/media\/157767"}],"wp:attachment":[{"href":"https:\/\/www.europesays.com\/es\/wp-json\/wp\/v2\/media?parent=157766"}],"wp:term":[{"taxonomy":"category","embeddable":true,"href":"https:\/\/www.europesays.com\/es\/wp-json\/wp\/v2\/categories?post=157766"},{"taxonomy":"post_tag","embeddable":true,"href":"https:\/\/www.europesays.com\/es\/wp-json\/wp\/v2\/tags?post=157766"}],"curies":[{"name":"wp","href":"https:\/\/api.w.org\/{rel}","templated":true}]}}