{"id":157772,"date":"2025-10-05T09:43:08","date_gmt":"2025-10-05T09:43:08","guid":{"rendered":"https:\/\/www.europesays.com\/es\/157772\/"},"modified":"2025-10-05T09:43:08","modified_gmt":"2025-10-05T09:43:08","slug":"el-libro-turismo-de-cine-en-santander-de-fran-diez-repasa-los-escenarios-de-la-ciudad-objeto-de-rodajes-el-faradio","status":"publish","type":"post","link":"https:\/\/www.europesays.com\/es\/157772\/","title":{"rendered":"El libro \u2018Turismo de cine en Santander\u2019, de Fran D\u00edez. repasa los escenarios de la ciudad objeto de rodajes &#8211; El Faradio"},"content":{"rendered":"<p>La alcaldesa de Santander, Gema Igual, ha presentado la iniciativa con la que la ciudad se une este a\u00f1o a la celebraci\u00f3n del D\u00eda del Cine Espa\u00f1ol: la edici\u00f3n y reparto gratuito del libro \u2018Turismo de cine en Santander\u2019, escrito por el periodista Fran D\u00edez.<\/p>\n<p>En una rueda de prensa celebrada en el Ayuntamiento junto a la concejala de Cultura, Noem\u00ed M\u00e9ndez; el autor del libro y Rafa San Emeterio, de Fyero Studio, Igual ha destacado que esta propuesta pretende poner en valor la estrecha relaci\u00f3n de la ciudad con el s\u00e9ptimo arte.<\/p>\n<p>La regidora ha recordado que el D\u00eda del Cine Espa\u00f1ol se conmemora el 6 de octubre desde 2021, una fecha que evoca el final de la producci\u00f3n de \u2018Esa pareja feliz\u2019, de Juan Antonio Bardem y Luis Garc\u00eda-Berlanga, s\u00edmbolo de la creatividad de una generaci\u00f3n brillante de cineastas.<\/p>\n<p>\u201cSantander apuesta de forma decidida por el cinecon apoyos al Festival de Cine, las jornadas profesionales de producci\u00f3n audiovisual o el convenio con Cine Infinito\u201d, ha asegurado Igual, y subraya que este nuevo proyecto se suma a estas iniciativas como una propuesta singular que conecta cultura y turismo.<\/p>\n<p>Como ha explicado, se han editado 1.000 ejemplares de \u2018Turismo de cine en Santander\u2019 yestar\u00e1n a disposici\u00f3n de los ciudadanos el pr\u00f3ximo lunes en los centros culturales Fernando Ateca, Jado y Doctor Madrazo.<\/p>\n<p>La obra reivindica la fecunda relaci\u00f3n entre Santander y el arte cinematogr\u00e1fico a trav\u00e9s de localizaciones de rodajes, an\u00e9cdotas, curiosidades, personajes y vivencias ligadas a la ciudad que han sido protagonistas en la gran pantalla.<\/p>\n<p>\u201cEste libro nos invita a redescubrir Santander desde la mirada del turismo de cine y a valorar c\u00f3mo los rodajes generan riqueza econ\u00f3mica, cultural y social\u201d, ha se\u00f1alado.<\/p>\n<p>Asimismo, ha felicitado a Fran D\u00edez por un trabajo \u201cmagn\u00edfico\u201d que mezcla informaci\u00f3n, memoria y emoci\u00f3n en un formato atractivo y cercano, y ha destacado el dise\u00f1o y la maquetaci\u00f3n, con Rafa San Emeterio al frente.<\/p>\n<p>\u201cEl cine refuerza la identidad de Santander como referente creativo, atrae talento, impulsa sectores como la hosteler\u00eda o el comercio y contribuye a que la ciudad siga brillando en la gran pantalla. Santander tiene alma de cine\u201d, ha concluido.<\/p>\n<p>Por su parte, Fran D\u00edaz ha asegurado que el libro propone un recorrido tur\u00edstico por Santander, desde el Faro de Cabo Mayor al Parque Doctor Morales, detallando todo lo relacionado con el cine y la televisi\u00f3n.<\/p>\n<p>\u201cVisitar los lugares donde se han rodado pel\u00edculas o series se ha convertido en nuestro tiempo en una especie de peregrinaci\u00f3n moderna que practican millones de personas. Lo hemos visto con la serie \u2018Juego de Tronos\u2019; en varias localizaciones en Espa\u00f1a como es el caso de Lastres, con el \u2018Doctor Mateo\u2019. Y aqu\u00ed, en Santander, tenemos mucho que aportar a este tipo de visitantes\u201d, ha afirmado el autor, que ha recordado el \u00e9xito de la serie \u2018Gran Hotel\u2019 y su efecto en las visitas al Palacio de la Magdalena.<\/p>\n<p>Por \u00faltimo, San Emeterio ha se\u00f1alado que en la direcci\u00f3n de arte, dise\u00f1o, maquetaci\u00f3n e ilustraci\u00f3n se ha buscado una obra limpia y unas ilustraciones que acompa\u00f1en los textos dotando al libro de coherencia visual.<\/p>\n<p>En las p\u00e1ginas aparecen elementos como el mar, el faro o distintos gui\u00f1os locales. Se ha jugado adem\u00e1s con la disposici\u00f3n del texto en citas de pel\u00edculas \u2014como Ocho apellidos marroqu\u00edes\u2014 o frases que todos tenemos en la memoria como \u201cEl concepto es el concepto\u201d del personaje Pazos en \u2018Airbag\u2019, rodada en el Casino.<\/p>\n","protected":false},"excerpt":{"rendered":"La alcaldesa de Santander, Gema Igual, ha presentado la iniciativa con la que la ciudad se une este&hellip;\n","protected":false},"author":2,"featured_media":157773,"comment_status":"","ping_status":"","sticky":false,"template":"","format":"standard","meta":{"footnotes":""},"categories":[172],"tags":[224,146,147,25,24,225,23],"class_list":{"0":"post-157772","1":"post","2":"type-post","3":"status-publish","4":"format-standard","5":"has-post-thumbnail","7":"category-libros","8":"tag-books","9":"tag-entertainment","10":"tag-entretenimiento","11":"tag-es","12":"tag-espana","13":"tag-libros","14":"tag-spain"},"share_on_mastodon":{"url":"","error":""},"_links":{"self":[{"href":"https:\/\/www.europesays.com\/es\/wp-json\/wp\/v2\/posts\/157772","targetHints":{"allow":["GET"]}}],"collection":[{"href":"https:\/\/www.europesays.com\/es\/wp-json\/wp\/v2\/posts"}],"about":[{"href":"https:\/\/www.europesays.com\/es\/wp-json\/wp\/v2\/types\/post"}],"author":[{"embeddable":true,"href":"https:\/\/www.europesays.com\/es\/wp-json\/wp\/v2\/users\/2"}],"replies":[{"embeddable":true,"href":"https:\/\/www.europesays.com\/es\/wp-json\/wp\/v2\/comments?post=157772"}],"version-history":[{"count":0,"href":"https:\/\/www.europesays.com\/es\/wp-json\/wp\/v2\/posts\/157772\/revisions"}],"wp:featuredmedia":[{"embeddable":true,"href":"https:\/\/www.europesays.com\/es\/wp-json\/wp\/v2\/media\/157773"}],"wp:attachment":[{"href":"https:\/\/www.europesays.com\/es\/wp-json\/wp\/v2\/media?parent=157772"}],"wp:term":[{"taxonomy":"category","embeddable":true,"href":"https:\/\/www.europesays.com\/es\/wp-json\/wp\/v2\/categories?post=157772"},{"taxonomy":"post_tag","embeddable":true,"href":"https:\/\/www.europesays.com\/es\/wp-json\/wp\/v2\/tags?post=157772"}],"curies":[{"name":"wp","href":"https:\/\/api.w.org\/{rel}","templated":true}]}}