{"id":157785,"date":"2025-10-05T09:52:08","date_gmt":"2025-10-05T09:52:08","guid":{"rendered":"https:\/\/www.europesays.com\/es\/157785\/"},"modified":"2025-10-05T09:52:08","modified_gmt":"2025-10-05T09:52:08","slug":"sanchez-convierte-la-causa-palestina-en-su-principal-baza-de-legislatura-al-cumplirse-dos-anos-del-atentado-de-hamas","status":"publish","type":"post","link":"https:\/\/www.europesays.com\/es\/157785\/","title":{"rendered":"S\u00e1nchez convierte la causa palestina en su principal baza de legislatura al cumplirse dos a\u00f1os del atentado de Ham\u00e1s"},"content":{"rendered":"<p class=\"c-paragraph\">Dos a\u00f1os despu\u00e9s del <a href=\"https:\/\/www.20minutos.es\/tags\/instituciones-empresas\/hamas.html\" title=\"Ham\u00e1s\" rel=\"nofollow noopener\" target=\"_blank\">atentado de Ham\u00e1s<\/a> y el recrudecimiento de la ofensiva israel\u00ed en Gaza, la causa palestina se ha consolidado como la <b>principal baza de la legislatura de <a href=\"https:\/\/www.20minutos.es\/tags\/personas\/pedro-sanchez.html\" title=\"Pedro S\u00e1nchez\" rel=\"nofollow noopener\" target=\"_blank\">Pedro S\u00e1nchez<\/a><\/b>. El Ejecutivo espa\u00f1ol se adelant\u00f3 a sus socios europeos al reconocer al Estado de Palestina y lleg\u00f3 incluso a calificar de \u00abgenocidio\u00bb los ataques israel\u00edes en la Franja. Esta estrategia <b>tension\u00f3 las relaciones diplom\u00e1ticas con Israel<\/b>, pero permiti\u00f3 a S\u00e1nchez colocar al Gobierno como un referente internacional en defensa de la causa palestina en medio de una legislatura marcada por los casos de corrupci\u00f3n en el PSOE y en el entorno del presidente.\u00a0<\/p>\n<p class=\"c-paragraph\">El 7 de octubre de 2023, apenas dos meses despu\u00e9s de las elecciones que pusieron en marcha el segundo mandato de S\u00e1nchez, Ham\u00e1s lanz\u00f3 un ataque contra Israel que se sald\u00f3 con 1.200 muertes y cientos de secuestros. Espa\u00f1a conden\u00f3 los atentados del grupo terrorista y exigi\u00f3 el cese inmediato de la violencia contra la poblaci\u00f3n civil. Poco despu\u00e9s, suspender\u00eda la venta de armas a Israel (lo que no se consolid\u00f3 jur\u00eddicamente hasta hace unas semanas), y en apenas unas semanas, S\u00e1nchez, que entonces ostentaba la presidencia rotatoria del Consejo Europeo, <b>viajar\u00eda a Israel y a Palestina<\/b>.<\/p>\n<p class=\"c-paragraph\">Aquel viaje result\u00f3 el comienzo de la <b>escalada de tensi\u00f3n diplom\u00e1tica<\/b> entre Espa\u00f1a e Israel, ya que, aunque S\u00e1nchez reiter\u00f3 a Netanyahu su solidaridad tras los ataques del 7 de octubre, tambi\u00e9n calific\u00f3 de \u00abinsoportable\u00bb el n\u00famero de v\u00edctimas gazat\u00edes, lo que no sent\u00f3 bien al primer ministro hebreo. Adem\u00e1s, S\u00e1nchez tambi\u00e9n visit\u00f3 el paso de Rafah, que era la \u00fanica puerta de entrada de la ayuda humanitaria a Gaza, donde abog\u00f3 por la soluci\u00f3n de los dos Estados y dijo que ten\u00eda serias dudas de que Israel cumpliese con el derecho internacional humanitario. Fue entonces cuando <b>Israel llam\u00f3 a consultas a su embajadora en Espa\u00f1a<\/b>, que no volver\u00eda hasta enero de 2024, aunque por poco tiempo.<\/p>\n<p class=\"c-paragraph\">A mediados de marzo de 2024 la tensi\u00f3n aument\u00f3 cuando un barco de bandera danesa con armamento destinado a Israel <b>no pudo hacer escala en el puerto de Cartagena<\/b> porque el Gobierno espa\u00f1ol le deneg\u00f3 el permiso. Tras ello, el ministro de Exteriores, advirti\u00f3 de que todos los buques con cargas similares correr\u00edan la misma suerte.\u00a0<\/p>\n<p>Tensi\u00f3n diplom\u00e1tica con Israel<\/p>\n<p class=\"c-paragraph\">Poco despu\u00e9s, en el mes de mayo, Espa\u00f1a reconoci\u00f3 al Estado de Palestina. Entonces, <b>Netanyahu volvi\u00f3 a llamar a consultas<\/b> a su embajadora en Madrid como muestra de protesta y el embajador espa\u00f1ol en Tel Aviv fue citado para una queja formar por parte del Ministerio de Exteriores de Israel. Adem\u00e1s, el Gobierno israel\u00ed comenz\u00f3 a acusar a S\u00e1nchez de <b>premiar a Ham\u00e1s<\/b> y prohibi\u00f3 que el Consulado de Espa\u00f1a en Jerusal\u00e9n prestase servicio a los palestinos de Cisjordania.\u00a0<\/p>\n<p class=\"c-paragraph\">No obstante, en ese momento el Gobierno a\u00fan no pod\u00eda convertir la causa palestina en un activo de la legislatura. El incremento de la tensi\u00f3n diplom\u00e1tica con Israel y la posici\u00f3n excepcional de Espa\u00f1a en el reconocimiento del Estado palestino dentro de la UE se convirtieron en un <b>arma para la oposici\u00f3n<\/b>, que acusaba a S\u00e1nchez de actuar por su cuenta y de \u00abempoderar\u00bb a Ham\u00e1s. Adem\u00e1s, la continuidad de contratos con empresas israel\u00edes generaba fricciones dentro de la coalici\u00f3n.\u00a0<\/p>\n<p class=\"c-paragraph\">Aun as\u00ed, S\u00e1nchez continu\u00f3 haciendo gestos simb\u00f3licos: recibi\u00f3 por primera vez en Moncloa al presidente de la Autoridad Nacional Palestina, <a href=\"https:\/\/www.20minutos.es\/tags\/personas\/mahmud-abas.html\" title=\"Mahmud Ab\u00e1s\" rel=\"nofollow noopener\" target=\"_blank\">Mahmud Ab\u00e1s<\/a>, desde el reconocimiento, y destin\u00f3 75 millones de euros en dos a\u00f1os en ayuda humanitaria a la Franja de Gaza.<\/p>\n<p>Pulso internacional frente a la crisis dom\u00e9stica<\/p>\n<p class=\"c-paragraph\">Fue en 2025 cuando las acciones del Gobierno espa\u00f1ol en favor de la causa palestina se intensificaron, especialmente este mes de septiembre, coincidiendo con la Asamblea General de la ONU. Antes del verano, el PSOE atravesaba su <b>peor crisis pol\u00edtica y reputacional <\/b>tras el encarcelamiento de <a href=\"https:\/\/www.20minutos.es\/tags\/personas\/santos-cerdan.html\" title=\"Santos Cerd\u00e1n\" rel=\"nofollow noopener\" target=\"_blank\">Santos Cerd\u00e1n<\/a>, hasta entonces n\u00famero 3 del partido. Ahora, S\u00e1nchez ha aprovechado que el periodo vacacional ha rebajado la atenci\u00f3n medi\u00e1tica sobre las causas judiciales que amenazan a su entorno para <b>relanzar su agenda internacional<\/b>, colocando la causa palestina como bandera.<\/p>\n<p class=\"c-paragraph\">A principios de este mes, anunci\u00f3 un paquete de medidas contra lo que ya abiertamente tild\u00f3 de \u00abgenocidio\u00bb en Gaza, entre las que incluy\u00f3 el la <b>consolidaci\u00f3n del embargo de armas a Israel<\/b> a trav\u00e9s de un decreto. La respuesta de Netanyahu no tard\u00f3 en llegar: acus\u00f3 a S\u00e1nchez de antisemitismo y de amenaza genocida, y prohibi\u00f3 la entrada a Israel de dos ministras: Yolanda D\u00edaz y Sira Rego. La tensi\u00f3n volvi\u00f3 a incrementarse. Espa\u00f1a tambi\u00e9n meti\u00f3 en su lista negra a dos ministros de Netanyahu y, en menos de una semana, lleg\u00f3 a <b>convocar hasta en dos ocasiones <\/b>a la encargada de negocios de Israel en Espa\u00f1a.\u00a0<\/p>\n<p class=\"c-paragraph\">No obstante, en los \u00faltimos d\u00edas S\u00e1nchez ha tenido que hacer<b>\u00a0equilibrios<\/b> para sostener su f\u00e9rrea posici\u00f3n frente a Israel. Y es que EEUU puso sobre la mesa un \u00abplan de paz\u00bb para Gaza al que, en consonancia con el resto de pa\u00edses de la UE, S\u00e1nchez dio la \u00abbienvenida\u00bb. Esto no sent\u00f3 bien ni a sus socios de izquierdas ni a los de coalici\u00f3n, que se\u00f1alaban que este plan no hac\u00eda otra cosa que \u00ablegitimar la impunidad\u00bb de Israel tras los cr\u00edmenes en la Franja. De hecho, algunos de estos socios le ped\u00edan \u00abcontinuar\u00bb en ese \u00ablado correcto de la historia\u00bb.\u00a0<\/p>\n<p class=\"c-paragraph\">La crisis de la flotilla rumbo a Gaza no hizo sino tensar a\u00fan m\u00e1s los equilibrios discursivos de S\u00e1nchez. Moncloa envi\u00f3 un buque de guerra para auxiliar a los tripulantes de la misma, pero al alcanzar el l\u00edmite de la \u00abzona de exclusi\u00f3n\u00bb impuesta por Israel -en aguas internacionales-, decidi\u00f3 no continuar. Seg\u00fan el Ejecutivo, cruzar esa frontera habr\u00eda puesto en riesgo la seguridad de los militares a bordo. La decisi\u00f3n<b> desat\u00f3 cr\u00edticas<\/b> tanto de los activistas espa\u00f1oles que viajaban en la flotilla como de varios socios parlamentarios de Pedro S\u00e1nchez.\u00a0<\/p>\n<p class=\"c-paragraph\">En este punto, Moncloa trata de defenderse alegando que debe ser \u00abresponsable\u00bb en su cometido diplom\u00e1tico e institucional y evita que sea el presidente del Gobierno el que, a viva voz, <b>defienda este tipo de decisiones<\/b>. Desde Copenhague, el mensaje de S\u00e1nchez abunda en la que sigue siendo su principal baza de legislatura: pidi\u00f3 al Gobierno de Israel que respetase los derechos de los tripulantes de la flotilla, de los que aplaudi\u00f3 su \u00absolidaridad\u00bb y, adem\u00e1s, avanz\u00f3 que estudiar\u00eda \u00abacciones\u00bb tras la intercepci\u00f3n de las embarcaciones por parte del Gobierno hebreo.\u00a0<b\/><\/p>\n","protected":false},"excerpt":{"rendered":"Dos a\u00f1os despu\u00e9s del atentado de Ham\u00e1s y el recrudecimiento de la ofensiva israel\u00ed en Gaza, la causa&hellip;\n","protected":false},"author":2,"featured_media":157786,"comment_status":"","ping_status":"","sticky":false,"template":"","format":"standard","meta":{"footnotes":""},"categories":[42],"tags":[17,18,13,14,11,61,62,63,64,19,20,9,10,15,16,76,199,12,21,22,65,66,67],"class_list":{"0":"post-157785","1":"post","2":"type-post","3":"status-publish","4":"format-standard","5":"has-post-thumbnail","7":"category-internacional","8":"tag-breaking-news","9":"tag-breakingnews","10":"tag-featured-news","11":"tag-featurednews","12":"tag-headlines","13":"tag-internacional","14":"tag-international","15":"tag-international-news","16":"tag-internationalnews","17":"tag-latest-news","18":"tag-latestnews","19":"tag-news","20":"tag-noticias","21":"tag-noticias-destacadas","22":"tag-noticiasdestacadas","23":"tag-palestina","24":"tag-sanchez","25":"tag-titulares","26":"tag-ultimas-noticias","27":"tag-ultimasnoticias","28":"tag-world","29":"tag-world-news","30":"tag-worldnews"},"share_on_mastodon":{"url":"","error":""},"_links":{"self":[{"href":"https:\/\/www.europesays.com\/es\/wp-json\/wp\/v2\/posts\/157785","targetHints":{"allow":["GET"]}}],"collection":[{"href":"https:\/\/www.europesays.com\/es\/wp-json\/wp\/v2\/posts"}],"about":[{"href":"https:\/\/www.europesays.com\/es\/wp-json\/wp\/v2\/types\/post"}],"author":[{"embeddable":true,"href":"https:\/\/www.europesays.com\/es\/wp-json\/wp\/v2\/users\/2"}],"replies":[{"embeddable":true,"href":"https:\/\/www.europesays.com\/es\/wp-json\/wp\/v2\/comments?post=157785"}],"version-history":[{"count":0,"href":"https:\/\/www.europesays.com\/es\/wp-json\/wp\/v2\/posts\/157785\/revisions"}],"wp:featuredmedia":[{"embeddable":true,"href":"https:\/\/www.europesays.com\/es\/wp-json\/wp\/v2\/media\/157786"}],"wp:attachment":[{"href":"https:\/\/www.europesays.com\/es\/wp-json\/wp\/v2\/media?parent=157785"}],"wp:term":[{"taxonomy":"category","embeddable":true,"href":"https:\/\/www.europesays.com\/es\/wp-json\/wp\/v2\/categories?post=157785"},{"taxonomy":"post_tag","embeddable":true,"href":"https:\/\/www.europesays.com\/es\/wp-json\/wp\/v2\/tags?post=157785"}],"curies":[{"name":"wp","href":"https:\/\/api.w.org\/{rel}","templated":true}]}}