{"id":157787,"date":"2025-10-05T09:53:07","date_gmt":"2025-10-05T09:53:07","guid":{"rendered":"https:\/\/www.europesays.com\/es\/157787\/"},"modified":"2025-10-05T09:53:07","modified_gmt":"2025-10-05T09:53:07","slug":"el-papa-leon-xiv-llama-a-ser-misioneros-de-la-acogida","status":"publish","type":"post","link":"https:\/\/www.europesays.com\/es\/157787\/","title":{"rendered":"El Papa Le\u00f3n XIV llama a ser misioneros de la acogida"},"content":{"rendered":"<p>En una ma\u00f1ana lluviosa y llena de esperanza, miles de fieles y peregrinos de todo el mundo se congregaron en la Plaza de San Pedro para celebrar el Jubileo de los Migrantes y del Mundo Misionero. El Romano Pont\u00edfice exhort\u00f3 a vivir la misi\u00f3n desde la compasi\u00f3n, la acogida y la solidaridad concreta.<\/p>\n<p style=\"text-align: justify;\">Sebasti\u00e1n Sans\u00f3n Ferrari \u2013 Ciudad del Vaticano<\/p>\n<p style=\"text-align: justify;\">\u201cCelebramos hoy el Jubileo del Mundo Misionero y de los Migrantes. Es una hermosa ocasi\u00f3n para reavivar en nosotros la conciencia de la vocaci\u00f3n misionera\u201d, proclam\u00f3 el Papa Le\u00f3n XIV al inicio de su homil\u00eda en la Santa Misa que presidi\u00f3 este domingo 5 de octubre en la Plaza de San Pedro.<\/p>\n<p style=\"text-align: justify;\">Bajo una persistente llovizna oto\u00f1al, los paraguas multicolores se convirtieron en signos de comuni\u00f3n entre los m\u00e1s de 30.000 fieles y peregrinos llegados desde los cinco continentes, que participaron con emoci\u00f3n en esta celebraci\u00f3n jubilar.<\/p>\n<p>La fe que transforma y sostiene <\/p>\n<p style=\"text-align: justify;\">En su reflexi\u00f3n, el Pont\u00edfice profundiz\u00f3 en el clamor del profeta Habacuc: \u201c\u00bfHasta cu\u00e1ndo, Se\u00f1or, pedir\u00e9 auxilio sin que t\u00fa escuches?\u201d. A partir de esta s\u00faplica, el Papa abord\u00f3 el misterio del silencio de Dios ante el sufrimiento humano, recordando las palabras de Benedicto XVI sobre la oraci\u00f3n que brota en medio del desconsuelo.<\/p>\n<p style=\"text-align: justify;\">\u201cLa respuesta del Se\u00f1or nos abre a la esperanza\u201d, explic\u00f3 Le\u00f3n XIV. \u201cSi el profeta denuncia el mal que parece prevalecer, el Se\u00f1or promete que la salvaci\u00f3n vendr\u00e1 y no tardar\u00e1. El justo vivir\u00e1 por su fidelidad\u201d.<\/p>\n<p style=\"text-align: justify;\">El Santo Padre subray\u00f3 que la fe \u2014aunque sea del tama\u00f1o de un grano de mostaza\u2014 contiene una fuerza que no procede del poder, sino del amor: \u201cLa fe es una fuerza mansa que transforma el mundo silenciosamente, en los gestos y palabras cotidianas\u201d.<\/p>\n<p>    <img decoding=\"async\" src=\"data:image\/gif;base64,R0lGODlhAQABAIAAAAAAAP\/\/\/yH5BAEAAAAALAAAAAABAAEAAAIBRAA7\" data-original=\"https:\/\/www.vaticannews.va\/content\/dam\/vaticannews\/agenzie\/images\/srv\/2025\/10\/05\/2025-10-05-giubileo-del-mondo-missionario-e-giubileo-dei-migrant\/1759657001360.JPG\/_jcr_content\/renditions\/cq5dam.thumbnail.cropped.750.422.jpeg\" alt=\"Santa misa presidida por el Santo Padre Le\u00f3n XIV en el marco del Jubileo de los Migrantes y del Mundo Misionero, domingo 5 de octubre de 2025.\" title=\"Santa misa presidida por el Santo Padre Le\u00f3n XIV en el marco del Jubileo de los Migrantes y del Mundo Misionero, domingo 5 de octubre de 2025.\"\/><\/p>\n<p>\n   Santa misa presidida por el Santo Padre Le\u00f3n XIV en el marco del Jubileo de los Migrantes y del Mundo Misionero, domingo 5 de octubre de 2025. \u00a0 (@Vatican Media)\n  <\/p>\n<p>Misi\u00f3n y misericordia en camino <\/p>\n<p style=\"text-align: justify;\">El Papa invit\u00f3 a redescubrir el ardor misionero, citando las palabras de san Pablo VI sobre la responsabilidad de evangelizar en tiempos de \u201cprogreso y desesperaci\u00f3n sin precedentes\u201d.<\/p>\n<p style=\"text-align: justify;\">\u201cHoy se abre en la historia de la Iglesia una \u00e9poca misionera nueva\u201d, sostuvo. \u201cLas fronteras de la misi\u00f3n ya no son geogr\u00e1ficas: son el sufrimiento, la pobreza y el deseo de esperanza los que vienen hacia nosotros\u201d.<\/p>\n<p style=\"text-align: justify;\">Ante los rostros de tantos migrantes presentes, Le\u00f3n XIV pidi\u00f3 acoger con ternura a quienes huyen de la violencia o de la miseria: \u201cEsas barcas que esperan avistar un puerto seguro en el que detenerse y esos ojos llenos de angustia y esperanza que buscan una tierra firme a la que llegar, no pueden y no deben encontrar la frialdad de la indiferencia o el estigma de la discriminaci\u00f3n\u201d.<\/p>\n<p>\u201cPermanecer\u201d para acoger <\/p>\n<p style=\"text-align: justify;\">En un pasaje central de su homil\u00eda, el Papa invit\u00f3 a cambiar la l\u00f3gica del \u201cpartir\u201d por la del \u201cpermanecer\u201d:<\/p>\n<p style=\"text-align: justify;\">\u201cLa cuesti\u00f3n no es partir, sino permanecer para anunciar a Cristo mediante la acogida, la compasi\u00f3n y la solidaridad. Permanecer para mirar a los ojos a los que llegan, para abrirles los brazos y el coraz\u00f3n\u201d.<\/p>\n<p style=\"text-align: justify;\">El Santo Padre agradeci\u00f3 la entrega de misioneros, voluntarios y personas de buena voluntad que sirven a los migrantes y promueven una \u201ccultura de la fraternidad m\u00e1s all\u00e1 de los prejuicios\u201d. A la vez, exhort\u00f3 a toda la comunidad cristiana a vivir en un \u201cestado permanente de misi\u00f3n\u201d, como ped\u00eda el Papa Francisco en su exhortaci\u00f3n apost\u00f3lica<a href=\"https:\/\/www.vatican.va\/content\/francesco\/es\/apost_exhortations\/documents\/papa-francesco_esortazione-ap_20131124_evangelii-gaudium.html\" rel=\"external nofollow noopener\" target=\"_blank\">\u00a0Evangelii gaudium.<\/a><\/p>\n<p>    <img decoding=\"async\" src=\"data:image\/gif;base64,R0lGODlhAQABAIAAAAAAAP\/\/\/yH5BAEAAAAALAAAAAABAAEAAAIBRAA7\" data-original=\"https:\/\/www.vaticannews.va\/content\/dam\/vaticannews\/agenzie\/images\/srv\/2025\/10\/05\/2025-10-05-giubileo-del-mondo-missionario-e-giubileo-dei-migrant\/1759656991576.JPG\/_jcr_content\/renditions\/cq5dam.thumbnail.cropped.750.422.jpeg\" alt=\"Los fieles participaron con devoci\u00f3n y recogimiento de la santa misa presidida por el Romano Pont\u00edfice.\" title=\"Los fieles participaron con devoci\u00f3n y recogimiento de la santa misa presidida por el Romano Pont\u00edfice.\"\/><\/p>\n<p>\n   Los fieles participaron con devoci\u00f3n y recogimiento de la santa misa presidida por el Romano Pont\u00edfice. \u00a0 (@Vatican Media)\n  <\/p>\n<p>Llamado a la cooperaci\u00f3n y a las vocaciones misioneras <\/p>\n<p style=\"text-align: justify;\">En la \u00faltima parte de su pr\u00e9dica, Le\u00f3n XIV destac\u00f3 dos compromisos prioritarios: la cooperaci\u00f3n misionera entre Iglesias y la promoci\u00f3n de nuevas vocaciones.<\/p>\n<p style=\"text-align: justify;\">\u201cLa presencia de hermanos y hermanas de distintas culturas es una oportunidad para renovar el rostro de la Iglesia y testimoniar un cristianismo m\u00e1s abierto y din\u00e1mico\u201d, afirm\u00f3.<\/p>\n<p style=\"text-align: justify;\">Dirigi\u00e9ndose especialmente a Europa, el Sucesor de Pedro alent\u00f3 a suscitar un nuevo impulso misionero en j\u00f3venes, religiosos y laicos dispuestos a servir en las periferias del mundo.<\/p>\n<p style=\"text-align: justify;\">Finalmente, confi\u00f3 a todos los misioneros y migrantes a la intercesi\u00f3n de la Virgen Mar\u00eda, \u201cprimera misionera de su Hijo, que se pone en camino sin demora hacia los montes de Judea, llevando a Jes\u00fas en su seno y poni\u00e9ndose al servicio de Isabel\u201d.<\/p>\n<p>    <img decoding=\"async\" src=\"data:image\/gif;base64,R0lGODlhAQABAIAAAAAAAP\/\/\/yH5BAEAAAAALAAAAAABAAEAAAIBRAA7\" data-original=\"https:\/\/www.vaticannews.va\/content\/dam\/vaticannews\/agenzie\/images\/srv\/2025\/10\/05\/2025-10-05-giubileo-del-mondo-missionario-e-giubileo-dei-migrant\/1759656987419.JPG\/_jcr_content\/renditions\/cq5dam.thumbnail.cropped.750.422.jpeg\" alt=\"Santa misa presidida por el Santo Padre Le\u00f3n XIV en el marco del Jubileo de los Migrantes y del Mundo Misionero, domingo 5 de octubre de 2025. \" title=\"Santa misa presidida por el Santo Padre Le\u00f3n XIV en el marco del Jubileo de los Migrantes y del Mundo Misionero, domingo 5 de octubre de 2025. \"\/><\/p>\n<p>\n   Santa misa presidida por el Santo Padre Le\u00f3n XIV en el marco del Jubileo de los Migrantes y del Mundo Misionero, domingo 5 de octubre de 2025. \u00a0 (@Vatican Media)\n  <\/p>\n<p>Una bendici\u00f3n que cruza fronteras <\/p>\n<p style=\"text-align: justify;\">Con un gesto de ternura, el Papa bendijo a la multitud que, bajo la lluvia, escuchaba en silencio y emoci\u00f3n. \u201cA los migrantes les digo: son siempre bienvenidos. Los mares y los desiertos que han atravesado, en la Escritura, son \u2018lugares de salvaci\u00f3n\u2019, en los que Dios se hizo presente para salvar a su pueblo\u201d, expres\u00f3.<\/p>\n<p style=\"text-align: justify;\">El Pont\u00edfice les dese\u00f3 \u201cencontrar este rostro de Dios en las misioneras y en los misioneros que encontrar\u00e1n\u201d.<\/p>\n<p>    <img decoding=\"async\" src=\"data:image\/gif;base64,R0lGODlhAQABAIAAAAAAAP\/\/\/yH5BAEAAAAALAAAAAABAAEAAAIBRAA7\" data-original=\"https:\/\/www.vaticannews.va\/content\/dam\/vaticannews\/agenzie\/images\/srv\/2025\/10\/05\/2025-10-05-giubileo-del-mondo-missionario-e-giubileo-dei-migrant\/1759657319165.JPG\/_jcr_content\/renditions\/cq5dam.thumbnail.cropped.750.422.jpeg\" alt=\"Santa misa presidida por el Santo Padre Le\u00f3n XIV en el marco del Jubileo de los Migrantes y del Mundo Misionero, domingo 5 de octubre de 2025.\" title=\"Santa misa presidida por el Santo Padre Le\u00f3n XIV en el marco del Jubileo de los Migrantes y del Mundo Misionero, domingo 5 de octubre de 2025.\"\/><\/p>\n<p>\n   Santa misa presidida por el Santo Padre Le\u00f3n XIV en el marco del Jubileo de los Migrantes y del Mundo Misionero, domingo 5 de octubre de 2025. \u00a0 (@Vatican Media)\n  <\/p>\n","protected":false},"excerpt":{"rendered":"En una ma\u00f1ana lluviosa y llena de esperanza, miles de fieles y peregrinos de todo el mundo se&hellip;\n","protected":false},"author":2,"featured_media":157788,"comment_status":"","ping_status":"","sticky":false,"template":"","format":"standard","meta":{"footnotes":""},"categories":[8],"tags":[436,17,18,25,24,700,9573,13,14,11,35309,19,20,22260,14066,12360,2508,9,10,15,16,400,23,12,21,22],"class_list":{"0":"post-157787","1":"post","2":"type-post","3":"status-publish","4":"format-standard","5":"has-post-thumbnail","7":"category-espana","8":"tag-jubileo2025","9":"tag-breaking-news","10":"tag-breakingnews","11":"tag-es","12":"tag-espana","13":"tag-europa","14":"tag-evangelizacion","15":"tag-featured-news","16":"tag-featurednews","17":"tag-headlines","18":"tag-homilia","19":"tag-latest-news","20":"tag-latestnews","21":"tag-llamamiento","22":"tag-migrantes-y-refugiados","23":"tag-misa","24":"tag-misioneros","25":"tag-news","26":"tag-noticias","27":"tag-noticias-destacadas","28":"tag-noticiasdestacadas","29":"tag-papa-leon-xiv","30":"tag-spain","31":"tag-titulares","32":"tag-ultimas-noticias","33":"tag-ultimasnoticias"},"share_on_mastodon":{"url":"","error":""},"_links":{"self":[{"href":"https:\/\/www.europesays.com\/es\/wp-json\/wp\/v2\/posts\/157787","targetHints":{"allow":["GET"]}}],"collection":[{"href":"https:\/\/www.europesays.com\/es\/wp-json\/wp\/v2\/posts"}],"about":[{"href":"https:\/\/www.europesays.com\/es\/wp-json\/wp\/v2\/types\/post"}],"author":[{"embeddable":true,"href":"https:\/\/www.europesays.com\/es\/wp-json\/wp\/v2\/users\/2"}],"replies":[{"embeddable":true,"href":"https:\/\/www.europesays.com\/es\/wp-json\/wp\/v2\/comments?post=157787"}],"version-history":[{"count":0,"href":"https:\/\/www.europesays.com\/es\/wp-json\/wp\/v2\/posts\/157787\/revisions"}],"wp:featuredmedia":[{"embeddable":true,"href":"https:\/\/www.europesays.com\/es\/wp-json\/wp\/v2\/media\/157788"}],"wp:attachment":[{"href":"https:\/\/www.europesays.com\/es\/wp-json\/wp\/v2\/media?parent=157787"}],"wp:term":[{"taxonomy":"category","embeddable":true,"href":"https:\/\/www.europesays.com\/es\/wp-json\/wp\/v2\/categories?post=157787"},{"taxonomy":"post_tag","embeddable":true,"href":"https:\/\/www.europesays.com\/es\/wp-json\/wp\/v2\/tags?post=157787"}],"curies":[{"name":"wp","href":"https:\/\/api.w.org\/{rel}","templated":true}]}}