{"id":157793,"date":"2025-10-05T10:01:10","date_gmt":"2025-10-05T10:01:10","guid":{"rendered":"https:\/\/www.europesays.com\/es\/157793\/"},"modified":"2025-10-05T10:01:10","modified_gmt":"2025-10-05T10:01:10","slug":"academia-de-f1-singapur-carrera-2-el-inesperado-triunfo-de-maya-weug-bajo-la-lluvia-doriane-pin-segundo","status":"publish","type":"post","link":"https:\/\/www.europesays.com\/es\/157793\/","title":{"rendered":"Academia de F1 &#8211; Singapur &#8211; Carrera 2: El inesperado triunfo de Maya Weug bajo la lluvia, Doriane Pin segundo"},"content":{"rendered":"<p class=\"gt-block\">Maya Weug gan\u00f3 la segunda carrera del fin de semana <a href=\"https:\/\/es.autohebdo.fr\/noticias\/f1\" data-internallinksmanager029f6b8e52c=\"1\" title=\"F1\" rel=\"nofollow noopener\" target=\"_blank\">F1<\/a> Academia en Singapur. Desde hace tiempo, a la cabeza, <a href=\"https:\/\/es.autohebdo.fr\/noticias\/etiqueta\/pino-doriane\" data-internallinksmanager029f6b8e52c=\"39\" title=\"Pin de Dorian\" rel=\"nofollow noopener\" target=\"_blank\">Pin de Dorian<\/a>, que hab\u00eda dominado la carrera de principio a fin, fue finalmente superada por la holandesa en la \u00faltima vuelta, justo despu\u00e9s de que el coche de seguridad activado por el accidente de Nicole Havrda fuera retirado. La j\u00fanior <a href=\"https:\/\/es.autohebdo.fr\/noticias\/estable\/ferrari\" data-internallinksmanager029f6b8e52c=\"74\" title=\"Ferrari\" rel=\"nofollow noopener\" target=\"_blank\">Ferrari<\/a> De esta manera reduce la diferencia en el campeonato y ahora solo cuenta con <a href=\"https:\/\/www.f1academy.com\/Racing-Series\/Standings\/Driver\" rel=\"nofollow noopener\" target=\"_blank\">nueve puntos por detr\u00e1s<\/a> sobre su rival francesa antes de la ronda final, programada en Las Vegas del 20 al 22 de noviembre. Ella Lloyd complet\u00f3 el podio, asegurando su quinto top 3 de la temporada en su primer a\u00f1o en F1 Academy y subiendo a la tercera posici\u00f3n en la clasificaci\u00f3n.<\/p>\n<p>Tras partir desde la segunda posici\u00f3n, Doriane Pin domin\u00f3 su salida a la perfecci\u00f3n, lanz\u00e1ndose agresivamente por el interior para tomar la delantera sobre Maya Weug, quien estaba en la pole, en la primera curva. Las dos competidoras intercambiaron vueltas r\u00e1pidas durante la mayor parte de una carrera generalmente tranquila.<\/p>\n<p class=\"gt-block\"><strong>LEA TAMBI\u00c9N &gt; <a href=\"https:\/\/es.autohebdo.fr\/noticias\/coche\/academia-f1\/Lia-Block-tras-su-primera-victoria-en-Singapur-Empec%C3%A9-desde-cero-y-ahora-estamos-en-la-cima.html\" rel=\"nofollow noopener\" target=\"_blank\">Lia Block tras su primera victoria en Singapur: \u00abEmpec\u00e9 desde cero y ahora estamos en la cima\u00bb<\/a><\/strong><\/p>\n<p>El dram\u00e1tico giro de los acontecimientos de Maya Weug bajo la lluvia de Singapur<\/p>\n<p>Cuando la lluvia lleg\u00f3 a Marina Bay al final de la carrera, afectando la visibilidad y el agarre de los coches, Nicole Havrda perdi\u00f3 el control y se vio obligada a retirarse por segunda vez este fin de semana y quinta esta temporada. Mientras varios equipos llamaron a sus pilotos a boxes para cambiar de neum\u00e1ticos lisos a neum\u00e1ticos de lluvia, el tr\u00edo de cabeza opt\u00f3 por mantenerse en pista tras la salida del coche de seguridad.<\/p>\n<p>Sin embargo, en la reanudaci\u00f3n, Maya Weug le arrebat\u00f3 la delantera a su rival, sorprendi\u00e9ndola por dentro antes de ganar una vuelta m\u00e1s tarde y asegurar su tercera victoria de la temporada. Doriane Pin, que se sent\u00eda muy c\u00f3moda en pista seca, sufri\u00f3 las consecuencias de una decisi\u00f3n audaz, pero no le sali\u00f3 bien.<\/p>\n<p class=\"gt-block\"><strong>LEA TAMBI\u00c9N &gt; <a href=\"https:\/\/es.autohebdo.fr\/noticias\/coche\/academia-f1\/Stevens-domina-la-prueba-de-novatos-por-delante-de-la-francesa-Lisa-Billard.html\" rel=\"nofollow noopener\" target=\"_blank\">Stevens domina la prueba de novatos por delante de la francesa Lisa Billard<\/a><\/strong><\/p>\n<p>Duro golpe para Lisa Billard, la Wild Card francesa<\/p>\n<p>Tras una impresionante clasificaci\u00f3n en quinto lugar, Lisa Billard sufri\u00f3 otro rev\u00e9s este fin de semana, tras su primer abandono en la Carrera 1. En la Carrera 2, la piloto de Normand\u00eda no pudo contener a sus rivales m\u00e1s experimentadas, quienes la superaron r\u00e1pidamente gracias a un ritmo superior y una agresividad m\u00e1s notable. Finalmente, cruz\u00f3 la meta en un frustrante decimosexto puesto, dejando atr\u00e1s el amargo sabor de una actuaci\u00f3n prometedora pero frustrada.<\/p>\n<p>Academia de F1 \u2013 Singapur (Marina Bay)<br \/>La clasificaci\u00f3n de la Carrera 2<\/p>\n<p><img fetchpriority=\"high\" decoding=\"async\" class=\"alignnone wp-image-636714 size-full\" src=\"https:\/\/www.europesays.com\/es\/wp-content\/uploads\/2025\/10\/Capture-decran-2025-10-05-100544.png\" alt=\"\" width=\"367\" height=\"475\"  \/> <img loading=\"lazy\" decoding=\"async\" class=\"alignnone wp-image-636715 size-full\" src=\"https:\/\/www.europesays.com\/es\/wp-content\/uploads\/2025\/10\/Capture-decran-2025-10-05-100554.png\" alt=\"\" width=\"375\" height=\"87\"  \/><\/p>\n","protected":false},"excerpt":{"rendered":"Maya Weug gan\u00f3 la segunda carrera del fin de semana F1 Academia en Singapur. Desde hace tiempo, a&hellip;\n","protected":false},"author":2,"featured_media":157794,"comment_status":"","ping_status":"","sticky":false,"template":"","format":"standard","meta":{"footnotes":""},"categories":[270],"tags":[46683,168,18150,25,24,306,10030,271,272,45641,47060,23,167],"class_list":{"0":"post-157793","1":"post","2":"type-post","3":"status-publish","4":"format-standard","5":"has-post-thumbnail","7":"category-formula-1","8":"tag-circuit-de-marina-bay","9":"tag-deportes","10":"tag-doriane-pin","11":"tag-es","12":"tag-espana","13":"tag-f1","14":"tag-f1-academy","15":"tag-formula-1","16":"tag-formula1","17":"tag-gp-de-singapour","18":"tag-maya-weug","19":"tag-spain","20":"tag-sports"},"share_on_mastodon":{"url":"","error":""},"_links":{"self":[{"href":"https:\/\/www.europesays.com\/es\/wp-json\/wp\/v2\/posts\/157793","targetHints":{"allow":["GET"]}}],"collection":[{"href":"https:\/\/www.europesays.com\/es\/wp-json\/wp\/v2\/posts"}],"about":[{"href":"https:\/\/www.europesays.com\/es\/wp-json\/wp\/v2\/types\/post"}],"author":[{"embeddable":true,"href":"https:\/\/www.europesays.com\/es\/wp-json\/wp\/v2\/users\/2"}],"replies":[{"embeddable":true,"href":"https:\/\/www.europesays.com\/es\/wp-json\/wp\/v2\/comments?post=157793"}],"version-history":[{"count":0,"href":"https:\/\/www.europesays.com\/es\/wp-json\/wp\/v2\/posts\/157793\/revisions"}],"wp:featuredmedia":[{"embeddable":true,"href":"https:\/\/www.europesays.com\/es\/wp-json\/wp\/v2\/media\/157794"}],"wp:attachment":[{"href":"https:\/\/www.europesays.com\/es\/wp-json\/wp\/v2\/media?parent=157793"}],"wp:term":[{"taxonomy":"category","embeddable":true,"href":"https:\/\/www.europesays.com\/es\/wp-json\/wp\/v2\/categories?post=157793"},{"taxonomy":"post_tag","embeddable":true,"href":"https:\/\/www.europesays.com\/es\/wp-json\/wp\/v2\/tags?post=157793"}],"curies":[{"name":"wp","href":"https:\/\/api.w.org\/{rel}","templated":true}]}}