{"id":157797,"date":"2025-10-05T10:07:18","date_gmt":"2025-10-05T10:07:18","guid":{"rendered":"https:\/\/www.europesays.com\/es\/157797\/"},"modified":"2025-10-05T10:07:18","modified_gmt":"2025-10-05T10:07:18","slug":"la-boda-de-irene-y-leonardo","status":"publish","type":"post","link":"https:\/\/www.europesays.com\/es\/157797\/","title":{"rendered":"\u00a1La boda de Irene y Leonardo!"},"content":{"rendered":"<p data-journey-content=\"true\" data-node-id=\"3\" class=\"css-6wxqfj emevuu60\">Esta semana en &#8216;<a href=\"https:\/\/www.diezminutos.es\/valle-salvaje\/\" target=\"_blank\" data-vars-ga-outbound-link=\"https:\/\/www.diezminutos.es\/valle-salvaje\/\" data-vars-ga-ux-element=\"Hyperlink\" data-vars-ga-call-to-action=\"Valle Salvaje\" data-node-id=\"3.1\" class=\"body-link css-177bzfx emevuu60\" rel=\"nofollow noopener\">Valle Salvaje<\/a>&#8216;, la celebraci\u00f3n en la Casa Grande se convierte en un amargo trago para B\u00e1rbara, que sufre el desprecio de don Hernando en pleno festejo. La tensi\u00f3n aumenta cuando <strong data-node-id=\"3.3\">los marqueses aprovechan la ocasi\u00f3n<\/strong> para realizar un anuncio inesperado, cuyas repercusiones marcar\u00e1n un antes y un despu\u00e9s en la vida de todos los presentes. Mientras tanto, en Valle Salvaje, <a href=\"https:\/\/www.diezminutos.es\/telenovela\/espanolas\/a68031372\/valle-salvaje-capitulos-259-al-263-resumen-semanal-22-al-26-septiembre-tve-netflix\/\" target=\"_blank\" data-vars-ga-outbound-link=\"https:\/\/www.diezminutos.es\/telenovela\/espanolas\/a68031372\/valle-salvaje-capitulos-259-al-263-resumen-semanal-22-al-26-septiembre-tve-netflix\/\" data-vars-ga-ux-element=\"Hyperlink\" data-vars-ga-call-to-action=\"Victoria, cegada por el miedo\" data-node-id=\"3.5\" class=\"body-link css-177bzfx emevuu60\" rel=\"nofollow noopener\">Victoria, cegada por el miedo<\/a> a que sus cr\u00edmenes salgan a la luz, exige a \u00darsula que se encargue de hacer desaparecer a la \u00fanica testigo capaz de incriminarla.<\/p>\n<p><img draggable=\"true\" alt=\"valle salvaje leonardo y barbara\" title=\"Valle Salvaje- Leonardo y Barbara\" loading=\"lazy\" width=\"4030\" height=\"2687\" decoding=\"async\" data-nimg=\"1\" style=\"color:transparent;width:100%;height:auto;\"   src=\"https:\/\/www.europesays.com\/es\/wp-content\/uploads\/2025\/10\/g1dot3uweaazhgd-68d3c2df373d3.jpeg\" class=\"css-0 e1g79fud0\"\/><\/p>\n<p>Add RTVE<\/p>\n<p>Leonardo busca tranquilizar a B\u00e1rbara en &#8216;Valle Salvaje&#8217;<\/p>\n<p data-journey-content=\"true\" data-node-id=\"8\" class=\"css-6wxqfj emevuu60\">Don Hernando se muestra m\u00e1s calculador que nunca y tienta al duque con una propuesta suculenta, con el objetivo de asegurarse su bendici\u00f3n en el compromiso de Leonardo e Irene. El futuro de la joven parece sellado, aunque el destino a\u00fan guarda giros imprevistos. Paralelamente, <strong data-node-id=\"8.1\">Rafael cambia de estrategia<\/strong> en su empe\u00f1o por arrancar una confesi\u00f3n a Ana. Su t\u00e1ctica apela directamente a la conciencia de la doncella, que empieza a tambalearse ante la presi\u00f3n.<\/p>\n<p data-journey-content=\"true\" data-node-id=\"10\" class=\"css-6wxqfj emevuu60\">El hermetismo de Tom\u00e1s sobre los motivos de su presencia en el Valle angustia cada vez m\u00e1s a Luisa, que teme un desenlace fat\u00eddico. Entre tanto, Leonardo busca tranquilizar a B\u00e1rbara y le promete que no se casar\u00e1 con Irene. Sin embargo, el duque ya ha aceptado la uni\u00f3n y su decisi\u00f3n parece firme. En otro rinc\u00f3n, <strong data-node-id=\"10.1\">\u00darsula recurre a Ana para pedirle un nuevo favor<\/strong>, uno que podr\u00eda complicar todav\u00eda m\u00e1s la vida de la doncella.<\/p>\n<p>La desesperaci\u00f3n de Leonardo en &#8216;Valle Salvaje&#8217;<img draggable=\"true\" alt=\"valle salvaje leonardo y barbara\" title=\"Valle Salvaje- Leonardo y Barbara\" loading=\"lazy\" width=\"4096\" height=\"2731\" decoding=\"async\" data-nimg=\"1\" style=\"color:transparent;width:100%;height:auto;\"   src=\"https:\/\/www.europesays.com\/es\/wp-content\/uploads\/2025\/10\/g1dosrawcaaiucx-68da2a61298ab.jpg\" class=\"css-0 e1g79fud0\"\/><\/p>\n<p>RTVE<\/p>\n<p data-journey-content=\"true\" data-node-id=\"16\" class=\"css-6wxqfj emevuu60\">Con astucia, Tom\u00e1s utiliza a Atanasio para lograr acceder a la Casa Grande, pero su plan no termina ah\u00ed: poco despu\u00e9s, pide a Luisa que le ayude a robar algo de gran valor que pertenece a los G\u00e1lvez de Aguirre. El riesgo es enorme, aunque Tom\u00e1s parece dispuesto a todo. Mientras tanto, <strong data-node-id=\"16.1\">Adriana se re\u00fane con Jos\u00e9 Luis<\/strong> y le comunica su esperada decisi\u00f3n sobre el futuro de Valle Salvaje, una respuesta que podr\u00eda redefinir los destinos de muchos.<\/p>\n<p data-journey-content=\"true\" data-node-id=\"18\" class=\"css-6wxqfj emevuu60\">La desesperaci\u00f3n de Leonardo resulta evidente y no pasa desapercibida. Conmovida, Irene suplica a su padre que no la obligue a casarse con \u00e9l, buscando escapar de un destino impuesto. En paralelo, <strong data-node-id=\"18.1\">Luisa sorprende a Tom\u00e1s con un gesto rotundo<\/strong>: demuestra que est\u00e1 dispuesta a lo que sea necesario con tal de proteger a los suyos, aunque eso signifique desafiar l\u00edmites impensados.<\/p>\n<p><img src=\"https:\/\/www.europesays.com\/es\/wp-content\/uploads\/2025\/10\/1759658838_269_43af9b8f-983e-4e74-8e74-9a7479b0966b_1681831601.file\" alt=\"Headshot of Pilar Mart\u00ednez\" title=\"Headshot of Pilar Mart\u00ednez\" width=\"100%\" height=\"100%\" decoding=\"async\" loading=\"lazy\" class=\"css-o0wq4v ev8dhu53\"\/><\/p>\n<p>Pilar Mart\u00ednez es periodista especializada en contenidos de televisi\u00f3n y cultura, se gradu\u00f3 en la carrera en Periodismo en la Facultad de Ciencias de la Informaci\u00f3n (Universidad Complutense de Madrid) en el a\u00f1o 2018. Desde entonces ha pasado por las redacciones de Ecoteuve (El Economista), donde realiz\u00f3 sus primeras pr\u00e1cticas durante el verano del 2016.<\/p>\n<p>Posteriormente, concretamente, en el a\u00f1o 2017 se pas\u00f3 al grupo Hearst Espa\u00f1a, donde comenz\u00f3 su andadura en las revistas de televisi\u00f3n: Supertele, Teleprograma, Telenovela. Ahora colabora con Diez Minutos, en su versi\u00f3n web, donde se encarga de realizar los avances semanales de las ficciones diarias de moda, as\u00ed como entrevistas y art\u00edculos sobre los melodramas o telenovelas que aterrizan en nuestro pa\u00eds y aquellos que est\u00e1n por venir.<\/p>\n<p>Toda una cazadora de exclusivas. A esto, se suma su puesto como redactora jefe de la secci\u00f3n de novela narrativa en la revista Culturamas, medio digital de alto impacto al que lleva unida desde el a\u00f1o 2013. \u00c1vida lectora, cin\u00e9fila y seri\u00e9fila de primer nivel, ha hecho de su vocaci\u00f3n su oficio. \u00a0<\/p>\n","protected":false},"excerpt":{"rendered":"Esta semana en &#8216;Valle Salvaje&#8216;, la celebraci\u00f3n en la Casa Grande se convierte en un amargo trago para&hellip;\n","protected":false},"author":2,"featured_media":157798,"comment_status":"","ping_status":"","sticky":false,"template":"","format":"standard","meta":{"footnotes":""},"categories":[171],"tags":[253,146,147,25,24,23,214],"class_list":{"0":"post-157797","1":"post","2":"type-post","3":"status-publish","4":"format-standard","5":"has-post-thumbnail","7":"category-tv","8":"tag-discover","9":"tag-entertainment","10":"tag-entretenimiento","11":"tag-es","12":"tag-espana","13":"tag-spain","14":"tag-tv"},"share_on_mastodon":{"url":"","error":""},"_links":{"self":[{"href":"https:\/\/www.europesays.com\/es\/wp-json\/wp\/v2\/posts\/157797","targetHints":{"allow":["GET"]}}],"collection":[{"href":"https:\/\/www.europesays.com\/es\/wp-json\/wp\/v2\/posts"}],"about":[{"href":"https:\/\/www.europesays.com\/es\/wp-json\/wp\/v2\/types\/post"}],"author":[{"embeddable":true,"href":"https:\/\/www.europesays.com\/es\/wp-json\/wp\/v2\/users\/2"}],"replies":[{"embeddable":true,"href":"https:\/\/www.europesays.com\/es\/wp-json\/wp\/v2\/comments?post=157797"}],"version-history":[{"count":0,"href":"https:\/\/www.europesays.com\/es\/wp-json\/wp\/v2\/posts\/157797\/revisions"}],"wp:featuredmedia":[{"embeddable":true,"href":"https:\/\/www.europesays.com\/es\/wp-json\/wp\/v2\/media\/157798"}],"wp:attachment":[{"href":"https:\/\/www.europesays.com\/es\/wp-json\/wp\/v2\/media?parent=157797"}],"wp:term":[{"taxonomy":"category","embeddable":true,"href":"https:\/\/www.europesays.com\/es\/wp-json\/wp\/v2\/categories?post=157797"},{"taxonomy":"post_tag","embeddable":true,"href":"https:\/\/www.europesays.com\/es\/wp-json\/wp\/v2\/tags?post=157797"}],"curies":[{"name":"wp","href":"https:\/\/api.w.org\/{rel}","templated":true}]}}