{"id":157811,"date":"2025-10-05T10:16:08","date_gmt":"2025-10-05T10:16:08","guid":{"rendered":"https:\/\/www.europesays.com\/es\/157811\/"},"modified":"2025-10-05T10:16:08","modified_gmt":"2025-10-05T10:16:08","slug":"ultima-hora-del-conflicto-en-oriente-proximo-en-directo-exteriores-informa-de-que-21-de-los-49-espanoles-de-la-flotilla-detenidos-en-israel-regresaran-este-domingo-a-espana-si-nada-se-tuer","status":"publish","type":"post","link":"https:\/\/www.europesays.com\/es\/157811\/","title":{"rendered":"\u00daltima hora del conflicto en Oriente Pr\u00f3ximo, en directo | Exteriores informa de que 21 de los 49 espa\u00f1oles de la flotilla detenidos en Israel regresar\u00e1n este domingo a Espa\u00f1a \u201csi nada se tuerce\u201d | Internacional"},"content":{"rendered":"<p class=\"ev-title\"> Israel\u00edes y palestinos negociar\u00e1n los detalles del plan de Trump a partir del lunes en Egipto<\/p>\n<p>El Ministerio de Asuntos Exteriores egipcio ha confirmado que las delegaciones israel\u00ed y del Movimiento de Resistencia Isl\u00e1mica (Ham\u00e1s) mantendr\u00e1n contactos en El Cairo a partir de este lunes para cerrar los detalles de la propuesta de plan de paz para Gaza del presidente estadounidense, Donald Trump.<\/p>\n<p>\u201cEgipto acoger\u00e1 reuniones de delegaciones israel\u00ed y palestina el 6 de octubre de 2025 para debatir las condiciones concretas y los detalles del intercambio de todos los rehenes israel\u00edes y presos palestinos de acuerdo con la propuesta del presidente estadounidense Donald Trump\u201d, ha explicado el Ministerio de Exteriores egipcio en un comunicado.<\/p>\n<p>Estos contactos abordar\u00e1n las condiciones necesarias a nivel humanitario y log\u00edstico para realizar el intercambio previsto en el plan de Trump. Los representantes de Israel, Ham\u00e1s, Qatar y Estados Unidos estar\u00e1n presentes en estas reuniones, seg\u00fan han informado diferentes medios estadounidenses e israel\u00edes.<\/p>\n<p>Por parte de Israel, el primer ministro, Benjamin Netanyahu, ha confirmado el env\u00edo de una delegaci\u00f3n que estar\u00e1 encabezada por el ministro de Asuntos Estrat\u00e9gicos, Ron Dermer. Seg\u00fan fuentes de la cadena estadounidense CBS, la delegaci\u00f3n estadounidense estar\u00e1 encabezada por el enviado de Trump, Steve Witkoff y el yerno del presidente, Jared Kushner, uno de los principales implicados en la pol\u00edtica norteamericana en Oriente Pr\u00f3ximo durante la primera administraci\u00f3n del mandatario. (Efe)<\/p>\n","protected":false},"excerpt":{"rendered":"Israel\u00edes y palestinos negociar\u00e1n los detalles del plan de Trump a partir del lunes en Egipto El Ministerio&hellip;\n","protected":false},"author":2,"featured_media":157812,"comment_status":"","ping_status":"","sticky":false,"template":"","format":"standard","meta":{"footnotes":""},"categories":[8],"tags":[17,18,68,70,71,72,25,24,13,14,73,69,75,11,74,19,20,9,10,15,16,77,76,23,12,21,22],"class_list":{"0":"post-157811","1":"post","2":"type-post","3":"status-publish","4":"format-standard","5":"has-post-thumbnail","7":"category-espana","8":"tag-breaking-news","9":"tag-breakingnews","10":"tag-conflicto-arabe-israeli","11":"tag-conflictos","12":"tag-conflictos-armados","13":"tag-conflictos-internacionales","14":"tag-es","15":"tag-espana","16":"tag-featured-news","17":"tag-featurednews","18":"tag-franja-gaza","19":"tag-guerra","20":"tag-hamas","21":"tag-headlines","22":"tag-israel","23":"tag-latest-news","24":"tag-latestnews","25":"tag-news","26":"tag-noticias","27":"tag-noticias-destacadas","28":"tag-noticiasdestacadas","29":"tag-oriente-proximo","30":"tag-palestina","31":"tag-spain","32":"tag-titulares","33":"tag-ultimas-noticias","34":"tag-ultimasnoticias"},"share_on_mastodon":{"url":"","error":""},"_links":{"self":[{"href":"https:\/\/www.europesays.com\/es\/wp-json\/wp\/v2\/posts\/157811","targetHints":{"allow":["GET"]}}],"collection":[{"href":"https:\/\/www.europesays.com\/es\/wp-json\/wp\/v2\/posts"}],"about":[{"href":"https:\/\/www.europesays.com\/es\/wp-json\/wp\/v2\/types\/post"}],"author":[{"embeddable":true,"href":"https:\/\/www.europesays.com\/es\/wp-json\/wp\/v2\/users\/2"}],"replies":[{"embeddable":true,"href":"https:\/\/www.europesays.com\/es\/wp-json\/wp\/v2\/comments?post=157811"}],"version-history":[{"count":0,"href":"https:\/\/www.europesays.com\/es\/wp-json\/wp\/v2\/posts\/157811\/revisions"}],"wp:featuredmedia":[{"embeddable":true,"href":"https:\/\/www.europesays.com\/es\/wp-json\/wp\/v2\/media\/157812"}],"wp:attachment":[{"href":"https:\/\/www.europesays.com\/es\/wp-json\/wp\/v2\/media?parent=157811"}],"wp:term":[{"taxonomy":"category","embeddable":true,"href":"https:\/\/www.europesays.com\/es\/wp-json\/wp\/v2\/categories?post=157811"},{"taxonomy":"post_tag","embeddable":true,"href":"https:\/\/www.europesays.com\/es\/wp-json\/wp\/v2\/tags?post=157811"}],"curies":[{"name":"wp","href":"https:\/\/api.w.org\/{rel}","templated":true}]}}