{"id":157813,"date":"2025-10-05T10:17:07","date_gmt":"2025-10-05T10:17:07","guid":{"rendered":"https:\/\/www.europesays.com\/es\/157813\/"},"modified":"2025-10-05T10:17:07","modified_gmt":"2025-10-05T10:17:07","slug":"elpuerto-de-santa-maria-david-calleja-inaugura-la-nueva-tienda-de-colchones-megustadescansar-en-el-puerto-de-santa-maria","status":"publish","type":"post","link":"https:\/\/www.europesays.com\/es\/157813\/","title":{"rendered":"#ElPuerto de Santa Mar\u00eda &#8211; David Calleja inaugura la nueva tienda de colchones &#8216;Megustadescansar&#8217; en El Puerto de Santa Mar\u00eda"},"content":{"rendered":"<p>El teniente de alcalde de Comercio, Hosteler\u00eda y Fiestas del Ayuntamiento de El Puerto de Santa Mar\u00eda, David Calleja, ha inaugurado la nueva tienda \u201cMegustadescansar\u201d, especializada en productos para el descanso personalizado, que abre sus puertas en la calle Vald\u00e9s, n\u00famero 21.<\/p>\n<p>Calleja aprovech\u00f3 su visita para dar la bienvenida a esta empresa al tejido comercial portuense, destacando que \u201cla apertura de nuevos negocios es un reflejo del dinamismo econ\u00f3mico de El Puerto, una ciudad viva, con un sector comercial en constante crecimiento y con una ubicaci\u00f3n estrat\u00e9gica que la convierte en un destino atractivo para la inversi\u00f3n\u201d.<\/p>\n<p>El edil ha se\u00f1alado la buena evoluci\u00f3n comercial de la zona de Crevillet, donde \u201cactualmente casi la totalidad de los locales est\u00e1n en funcionamiento, lo que demuestra que El Puerto est\u00e1 atravesando una etapa muy fruct\u00edfera en esta \u00e1rea\u201d. Adem\u00e1s, ha agradecido a los responsables de \u201cMegustadescansar\u201d su apuesta por la ciudad, subrayando la importancia de que firmas que llegan de fuera generen empleo local, como es el caso de Patricia y Sonia, portuenses que estar\u00e1n al frente de la atenci\u00f3n al cliente.<\/p>\n<p>\u00abIniciativas como esta son una muestra clara de c\u00f3mo El Puerto se convierte en un polo de atracci\u00f3n para negocios que desean crecer, al tiempo que contribuyen al fortalecimiento del comercio local y al bienestar de nuestros vecinos\u00bb, ha a\u00f1adido el teniente de alcalde.<\/p>\n<p>\u201cMegustadescansar\u201d es una empresa con m\u00e1s de 25 a\u00f1os de experiencia en el sector, tanto como fabricante como distribuidor oficial de primeras marcas como Tempur y Sealy. Esta apertura supone su segunda tienda en la provincia de C\u00e1diz, y representa una firme apuesta por el asesoramiento especializado y la mejora de la calidad del sue\u00f1o de sus clientes.<\/p>\n<p>Desde la empresa han mostrado su satisfacci\u00f3n por haber elegido El Puerto como nueva ubicaci\u00f3n, destacando que \u201ces una ciudad con una energ\u00eda especial y con grandes posibilidades de crecimiento en el \u00e1mbito comercial\u201d.<\/p>\n<p>La tienda permanecer\u00e1 abierta al p\u00fablico de lunes a viernes de 9:30 a 13:30 y de 17:00 a 21:00, y los s\u00e1bados de 10:00 a 13:30.<\/p>\n","protected":false},"excerpt":{"rendered":"El teniente de alcalde de Comercio, Hosteler\u00eda y Fiestas del Ayuntamiento de El Puerto de Santa Mar\u00eda, David&hellip;\n","protected":false},"author":2,"featured_media":157814,"comment_status":"","ping_status":"","sticky":false,"template":"","format":"standard","meta":{"footnotes":""},"categories":[5],"tags":[17,18,47065,18744,5446,4034,25,24,13,14,11,4520,19,20,47066,9,10,15,16,47064,23,12,21,22],"class_list":{"0":"post-157813","1":"post","2":"type-post","3":"status-publish","4":"format-standard","5":"has-post-thumbnail","7":"category-titulares","8":"tag-breaking-news","9":"tag-breakingnews","10":"tag-colchones","11":"tag-david-calleja","12":"tag-el-puerto","13":"tag-el-puerto-de-santa-maria","14":"tag-es","15":"tag-espana","16":"tag-featured-news","17":"tag-featurednews","18":"tag-headlines","19":"tag-inaugura","20":"tag-latest-news","21":"tag-latestnews","22":"tag-megustadescansar","23":"tag-news","24":"tag-noticias","25":"tag-noticias-destacadas","26":"tag-noticiasdestacadas","27":"tag-nueva-tienda","28":"tag-spain","29":"tag-titulares","30":"tag-ultimas-noticias","31":"tag-ultimasnoticias"},"share_on_mastodon":{"url":"","error":""},"_links":{"self":[{"href":"https:\/\/www.europesays.com\/es\/wp-json\/wp\/v2\/posts\/157813","targetHints":{"allow":["GET"]}}],"collection":[{"href":"https:\/\/www.europesays.com\/es\/wp-json\/wp\/v2\/posts"}],"about":[{"href":"https:\/\/www.europesays.com\/es\/wp-json\/wp\/v2\/types\/post"}],"author":[{"embeddable":true,"href":"https:\/\/www.europesays.com\/es\/wp-json\/wp\/v2\/users\/2"}],"replies":[{"embeddable":true,"href":"https:\/\/www.europesays.com\/es\/wp-json\/wp\/v2\/comments?post=157813"}],"version-history":[{"count":0,"href":"https:\/\/www.europesays.com\/es\/wp-json\/wp\/v2\/posts\/157813\/revisions"}],"wp:featuredmedia":[{"embeddable":true,"href":"https:\/\/www.europesays.com\/es\/wp-json\/wp\/v2\/media\/157814"}],"wp:attachment":[{"href":"https:\/\/www.europesays.com\/es\/wp-json\/wp\/v2\/media?parent=157813"}],"wp:term":[{"taxonomy":"category","embeddable":true,"href":"https:\/\/www.europesays.com\/es\/wp-json\/wp\/v2\/categories?post=157813"},{"taxonomy":"post_tag","embeddable":true,"href":"https:\/\/www.europesays.com\/es\/wp-json\/wp\/v2\/tags?post=157813"}],"curies":[{"name":"wp","href":"https:\/\/api.w.org\/{rel}","templated":true}]}}