{"id":157817,"date":"2025-10-05T10:19:16","date_gmt":"2025-10-05T10:19:16","guid":{"rendered":"https:\/\/www.europesays.com\/es\/157817\/"},"modified":"2025-10-05T10:19:16","modified_gmt":"2025-10-05T10:19:16","slug":"javier-castano-se-retira-estas-son-sus-impresionantes-cifras-antes-del-adios-en-zaragoza","status":"publish","type":"post","link":"https:\/\/www.europesays.com\/es\/157817\/","title":{"rendered":"Javier Casta\u00f1o se retira: estas son sus impresionantes cifras antes del adi\u00f3s en Zaragoza"},"content":{"rendered":"<p><a class=\"v-mdl-ath__fig-a\" href=\"https:\/\/www.lagacetadesalamanca.es\/autor\/javier-lorenzo-5975.html\" title=\"Javier Lorenzo\" rel=\"nofollow noopener\" target=\"_blank\"><br \/>\n<img decoding=\"async\" class=\"v-mdl-ath__img\" src=\"https:\/\/www.europesays.com\/es\/wp-content\/uploads\/2025\/09\/1757748131_340_autor-5975-foto-1.png\" alt=\"Javier Lorenzo\"\/><br \/>\n<\/a><\/p>\n<p class=\"v-mdl-ath__p v-mdl-ath__p--6\">\nDomingo, 5 de octubre 2025, 10:37<\/p>\n<p class=\"v-p\"><strong>Javier Casta\u00f1o<\/strong> se retira hoy del toreo en <strong>Zaragoza<\/strong>, con 24 a\u00f1os de la alternativa que le dieron <strong>Enrique Ponce<\/strong> y <strong>El Juli<\/strong> en <strong>San Sebasti\u00e1n<\/strong> el 1 de abril de 2001. En todo este tiempo, se ha convertido en el cuarto diestro salmantino de todos los tiempos que m\u00e1s corridas de toros tore\u00f3 en cosos europeos situ\u00e1ndose tras la estela inalcanzable de <strong>El Viti<\/strong>, <strong>El Ni\u00f1o de la Capea<\/strong> y <strong>Julio Robles<\/strong>.<\/p>\n<p><img decoding=\"async\" loading=\"lazy\" src=\"https:\/\/www.europesays.com\/es\/wp-content\/uploads\/2025\/10\/viticastano.jpg\" class=\"v-a-img\" width=\"624\" height=\"385\" alt=\"Javier Casta\u00f1o, brind\u00e1ndole un toro a El Viti en La Glorieta.\" data-voc-vtm-id=\"in-text-traffic\"\/><\/p>\n<p>Javier Casta\u00f1o, brind\u00e1ndole un toro a El Viti en La Glorieta.<\/p>\n<p>ARCHIVO<\/p>\n<p><img loading=\"lazy\" decoding=\"async\" src=\"https:\/\/www.europesays.com\/es\/wp-content\/uploads\/2025\/10\/viticastano.jpg\" class=\"v-mdl__img-z\" width=\"624\" height=\"385\" alt=\"\"\/><\/p>\n<p class=\"v-p\">Javier Casta\u00f1o pone hoy fin a su carrera en el <strong>coso de La Misericordia<\/strong> con 360 corridas de toros en <strong>Espa\u00f1a<\/strong>, <strong>Francia<\/strong> y <strong>Portugal<\/strong>. La de 2013 fue la temporada m\u00e1s intensa de Javier Casta\u00f1o con 42 corridas de toros anunciado en las grandes ferias. Aquel 2013 super\u00f3 en tres festejos los 39 con los que culmin\u00f3 la atropellada campa\u00f1a de su alternativa (2001). 175 contratos firm\u00f3 Javier Casta\u00f1o entre 2010 y 2016, que fueron los siete a\u00f1os clave de su vida y en los que alcanz\u00f3 el esplendor y los hitos m\u00e1s destacados, entre ellos la memorable tarde ante seis toros de <strong>Miura<\/strong> en solitario en <strong>Nimes (Francia)<\/strong> que sald\u00f3 con cinco orejas (26 de mayo de 2012). En aquellos siete a\u00f1os estuvo apoderado por <strong>Tiburcio Lucero<\/strong> que ha sido el apoderado de esta su \u00faltima temporada.<\/p>\n<p class=\"v-p\">Esas 175 corridas de toros enmarcadas en el ecuador de su trayectoria llegaron antes de una de las faenas de su vida: la que protagoniz\u00f3 el 17 de abril de 2016 en <strong>Sevilla<\/strong>. Los tres meses y medio anteriores tuvo que luchar contra un c\u00e1ncer de test\u00edculos detectado al iniciar ese a\u00f1o. Vencido el tumor y curado el torero, solo 19 d\u00edas antes de la cita en <strong>La Maestranza<\/strong> anunci\u00f3 que reaparec\u00eda all\u00ed ante los Miura y dio una dimensi\u00f3n b\u00e1rbara con la que volvi\u00f3 a hacer historia. Tanto que del envite sali\u00f3 con el aval del p\u00fablico y con el premio a la mejor estocada de la Feria. Su lucha tit\u00e1nica para volver a vestirse de luces fue otra de sus grandes obras en la que se reflej\u00f3 la constancia, la fe, el sacrificio que siempre le acompa\u00f1aron.<\/p>\n<p><img decoding=\"async\" loading=\"lazy\" src=\"https:\/\/www.europesays.com\/es\/wp-content\/uploads\/2025\/10\/cancer.jpg\" class=\"v-a-img\" width=\"624\" height=\"385\" alt=\"Javier Casta\u00f1o, llegando a La Maestranza de Sevilla el d\u00eda que reapareci\u00f3 tras superar el c\u00e1ncer.\" data-voc-vtm-id=\"in-text-traffic\"\/><\/p>\n<p>Javier Casta\u00f1o, llegando a La Maestranza de Sevilla el d\u00eda que reapareci\u00f3 tras superar el c\u00e1ncer.<\/p>\n<p>J. L.<\/p>\n<p><img loading=\"lazy\" decoding=\"async\" src=\"https:\/\/www.europesays.com\/es\/wp-content\/uploads\/2025\/10\/cancer.jpg\" class=\"v-mdl__img-z\" width=\"624\" height=\"385\" alt=\"\"\/><\/p>\n<p class=\"v-p\">Javier Casta\u00f1o es el matador de toros salmantino que m\u00e1s corridas de toros tore\u00f3 de la historia en <strong>Salamanca<\/strong> despu\u00e9s de las tres grandes figuras de esta tierra: El Viti, Capea y Robles. Con las cinco actuaciones de esta temporada y la sexta de hoy en Zaragoza, Javier Casta\u00f1o sumar\u00e1 360 corridas de toros, casi la mitad de las que logr\u00f3 Robles (738). Sin embargo, Javier Casta\u00f1o marca distancia con el quinto del Top 10, con setenta pase\u00edllos m\u00e1s que <strong>L\u00f3pez Chaves<\/strong>, que cerr\u00f3 su trayectoria profesional en 2023 con 290 corridas de toros.<\/p>\n<p><a href=\"http:\/\/www.lagacetadesalamanca.es\/toros\/javier-castano-ante-retirada-vertigo-mirar-atras-20250930070000-nt.html#vtm_modulosEngag=mod-rel:toros:noticia:1:cmp:1-not\" class=\"v-a-link\" aria-label=\"Imagen\" rel=\"nofollow noopener\" target=\"_blank\"><\/p>\n<p><img decoding=\"async\" loading=\"lazy\" src=\"https:\/\/www.europesays.com\/es\/wp-content\/uploads\/2025\/10\/_LME6214-U40384181320hfF-366x256@Gaceta Salamanca.jpg\" class=\"v-a-img\" width=\"258\" height=\"180\" alt=\"\" data-voc-vtm-id=\"in-text-traffic\"\/><\/p>\n<p><\/a><\/p>\n<p>68 toros de Miura: la ganader\u00eda que m\u00e1s lidi\u00f3<\/p>\n<p class=\"v-p\">La ganader\u00eda a la que m\u00e1s veces se ha enfrentado y de la que m\u00e1s toros ha lidiado Javier Casta\u00f1o en su carrera es la de Miura. La primera que tore\u00f3 fue el 15 de septiembre de 2011 en Nimes (Francia) y la \u00faltima, hasta el momento, la del 16 de agosto de 2023 en Vitigudino. La de Miura la estoque\u00f3 en todos los grandes escenarios de Espa\u00f1a y Francia, e incluso en <strong>San Crist\u00f3bal (Venezuela)<\/strong>: 32 corridas de toros y 66 toros. El podio de las divisas con las que m\u00e1s se anunci\u00f3 se completa con los hierros de <strong>Adolfo Mart\u00edn<\/strong> (42 reses en 21 corridas) y <strong>Cuadri<\/strong> (27 reses estoqueadas en 15 corridas de toros). Le siguen 12 corridas de toros la ganader\u00eda de <strong>Victorino Mart\u00edn<\/strong> y otras tantas de <strong>Jos\u00e9 Escolar<\/strong>.<\/p>\n<p>Torero en ocho pa\u00edses diferentes<\/p>\n<p class=\"v-p\">Javier Casta\u00f1o llega hoy en <strong>Zaragoza<\/strong> a la corrida de toros 397 en toda su carrera, que ha protagonizado en ocho pa\u00edses diferentes. A las 360 corridas de toros que alcanzar\u00e1 en Espa\u00f1a, Francia y Portugal Javier Casta\u00f1o hay que sumar 37 pase\u00edllos m\u00e1s en Am\u00e9rica, que se reparten as\u00ed: 22 en <strong>Per\u00fa<\/strong>, 6 en <strong>Colombia<\/strong>, 4 en Venezuela, 3 en <strong>M\u00e9xico<\/strong> y 2 en <strong>Ecuador<\/strong>.<\/p>\n<p>Orejas en todas las plazas de 1\u00aa de Francia menos una<\/p>\n<p class=\"v-p\">Javier Casta\u00f1o actu\u00f3 en todas las plazas de 1\u00aa en Francia, donde sum\u00f3 36 pase\u00edllos y cort\u00f3 18 orejas. Triunf\u00f3 en todas menos <strong>Mont de Marsan<\/strong>. Seis pase\u00edllos trenz\u00f3 en Nimes (9 orejas, todas a Miuras), <strong>Vic-Fezensac<\/strong> (un trofeo a un <strong>Palha<\/strong>) y <strong>Dax<\/strong> (una oreja en 2001 a un toro de <strong>Samuel Flores<\/strong> y otra en 2012 a uno de <strong>Escolar<\/strong>); cinco corridas suma en <strong>Arles<\/strong> (dos orejas) y Mont de Marsan (sin trofeos); y cuatro corridas de toros en <strong>Bayona<\/strong> (una oreja) y <strong>B\u00e9ziers<\/strong> (tres trofeos, todos a toros de Miura).<\/p>\n<p>Hoy har\u00e1 su pase\u00edllo n\u00famero 64 en Espa\u00f1a en cosos de primer nivel<\/p>\n<p><img decoding=\"async\" loading=\"lazy\" src=\"https:\/\/www.europesays.com\/es\/wp-content\/uploads\/2025\/10\/despiecemadrid.jpg\" class=\"v-a-img\" width=\"624\" height=\"385\" alt=\"Javier Casta\u00f1o, listo para el pase\u00edllo en la plaza de Las Ventas de Madrid.\" data-voc-vtm-id=\"in-text-traffic\"\/><\/p>\n<p>Javier Casta\u00f1o, listo para el pase\u00edllo en la plaza de Las Ventas de Madrid.<\/p>\n<p>J. L.<\/p>\n<p><img loading=\"lazy\" decoding=\"async\" src=\"https:\/\/www.europesays.com\/es\/wp-content\/uploads\/2025\/10\/despiecemadrid.jpg\" class=\"v-mdl__img-z\" width=\"624\" height=\"385\" alt=\"\"\/><\/p>\n<p class=\"v-p\">En Espa\u00f1a tore\u00f3 63 corridas de toros en plazas de primera, hoy en el coso de La Misericordia ser\u00e1 el 64. De todas ellos fue Madrid en la que m\u00e1s actu\u00f3 sumando 26 actuaciones (16 de ellos en la feria de San Isidro); le siguen <strong>Pamplona<\/strong> con 8; Sevilla y Zaragoza donde hoy sumar\u00e1 el s\u00e9ptimo para retirarse del toreo; San Sebasti\u00e1n con 5; 4 en <strong>Bilbao<\/strong> y <strong>Valencia<\/strong>; y 2 en <strong>M\u00e1laga<\/strong> y <strong>Barcelona<\/strong> (puerta grande). La \u00fanica plaza de primera en Espa\u00f1a en la que no tore\u00f3 fue <strong>C\u00f3rdoba<\/strong>. Cort\u00f3 una decena de orejas: Pamplona (3), San Sebasti\u00e1n y Barcelona (2), y una en Valencia, <strong>Madrid<\/strong>, Bilbao y M\u00e1laga.<\/p>\n<p class=\"v-p\">Casi el 30% de su carrera en plazas de m\u00e1xima categor\u00eda.<\/p>\n<p>Hoy llega a los 100 pase\u00edllos de primera<\/p>\n<p class=\"v-p\">De las 359 corridas de toros que tore\u00f3 Javier Casta\u00f1o hasta el momento en su carrera (que hoy cerrar\u00e1 con 360), casi el treinta por ciento fueron en cosos de primera categor\u00eda, donde hizo el pase\u00edllo en 100 ocasiones: 36 en plazas de toros en Francia y 63 en ruedos espa\u00f1oles. La de hoy de su despedida en <strong>Zaragoza<\/strong> ser\u00e1 la corrida de toros n\u00famero 100 en plazas de primera categor\u00eda y la 64\u00aa en Espa\u00f1a.<\/p>\n<p>16 corridas de toros en La Glorieta<\/p>\n<p><img decoding=\"async\" loading=\"lazy\" src=\"https:\/\/www.europesays.com\/es\/wp-content\/uploads\/2025\/10\/pedraza.jpg\" class=\"v-a-img\" width=\"624\" height=\"385\" alt=\"Natural de Javier Casta\u00f1o al toro de Pedraza de Yeltes, al que le cort\u00f3 las dos orejas en la Feria de Salamanca de 2014.\" data-voc-vtm-id=\"in-text-traffic\"\/><\/p>\n<p>Natural de Javier Casta\u00f1o al toro de Pedraza de Yeltes, al que le cort\u00f3 las dos orejas en la Feria de Salamanca de 2014.<\/p>\n<p>ARCHIVO<\/p>\n<p><img loading=\"lazy\" decoding=\"async\" src=\"https:\/\/www.europesays.com\/es\/wp-content\/uploads\/2025\/10\/pedraza.jpg\" class=\"v-mdl__img-z\" width=\"624\" height=\"385\" alt=\"\"\/><\/p>\n<p class=\"v-p\">La empresa de la plaza de toros de Salamanca injustamente no le dio a Javier Casta\u00f1o la despedida que merec\u00eda en la pasada Feria. En La Glorieta debut\u00f3 el 16 de septiembre de 2001 (<strong>Curro V\u00e1zquez<\/strong>, <strong>Ponce<\/strong> y toros de <strong>Puerto de San Lorenzo<\/strong>) y desde entonces suma 16 pase\u00edllos: cort\u00f3 9 orejas que le sirvieron para salir a hombros dos veces (2012 y 2014). Tore\u00f3 por \u00faltima vez en esta plaza el 16 de septiembre de 2017, una corrida de toros de Puerto de San Lorenzo, junto a <strong>Joselito<\/strong> y <strong>Luis David Adame<\/strong> adem\u00e1s de <strong>Alejandro Marcos<\/strong>. Fue ovacionado en sus dos toros. Su \u00faltimo triunfo en La Glorieta lo certific\u00f3 el 14 de septiembre de 2014 cuando en un desaf\u00edo ganadero cort\u00f3 tres orejas y sali\u00f3 a hombros: una a un toro de <strong>La Ventana del Puerto<\/strong> y las dos a uno de <strong>Pedraza de Yeltes<\/strong>.<\/p>\n<p>Reporta un error<\/p>\n","protected":false},"excerpt":{"rendered":"Domingo, 5 de octubre 2025, 10:37 Javier Casta\u00f1o se retira hoy del toreo en Zaragoza, con 24 a\u00f1os&hellip;\n","protected":false},"author":2,"featured_media":157818,"comment_status":"","ping_status":"","sticky":false,"template":"","format":"standard","meta":{"footnotes":""},"categories":[277],"tags":[6831,373,8991,687,168,25,24,47067,5264,15896,23,167,374,491],"class_list":{"0":"post-157817","1":"post","2":"type-post","3":"status-publish","4":"format-standard","5":"has-post-thumbnail","7":"category-toreo","8":"tag-adios","9":"tag-bullfighting","10":"tag-castano","11":"tag-cifras","12":"tag-deportes","13":"tag-es","14":"tag-espana","15":"tag-impresionantes","16":"tag-javier","17":"tag-retira","18":"tag-spain","19":"tag-sports","20":"tag-toreo","21":"tag-zaragoza"},"share_on_mastodon":{"url":"","error":""},"_links":{"self":[{"href":"https:\/\/www.europesays.com\/es\/wp-json\/wp\/v2\/posts\/157817","targetHints":{"allow":["GET"]}}],"collection":[{"href":"https:\/\/www.europesays.com\/es\/wp-json\/wp\/v2\/posts"}],"about":[{"href":"https:\/\/www.europesays.com\/es\/wp-json\/wp\/v2\/types\/post"}],"author":[{"embeddable":true,"href":"https:\/\/www.europesays.com\/es\/wp-json\/wp\/v2\/users\/2"}],"replies":[{"embeddable":true,"href":"https:\/\/www.europesays.com\/es\/wp-json\/wp\/v2\/comments?post=157817"}],"version-history":[{"count":0,"href":"https:\/\/www.europesays.com\/es\/wp-json\/wp\/v2\/posts\/157817\/revisions"}],"wp:featuredmedia":[{"embeddable":true,"href":"https:\/\/www.europesays.com\/es\/wp-json\/wp\/v2\/media\/157818"}],"wp:attachment":[{"href":"https:\/\/www.europesays.com\/es\/wp-json\/wp\/v2\/media?parent=157817"}],"wp:term":[{"taxonomy":"category","embeddable":true,"href":"https:\/\/www.europesays.com\/es\/wp-json\/wp\/v2\/categories?post=157817"},{"taxonomy":"post_tag","embeddable":true,"href":"https:\/\/www.europesays.com\/es\/wp-json\/wp\/v2\/tags?post=157817"}],"curies":[{"name":"wp","href":"https:\/\/api.w.org\/{rel}","templated":true}]}}