{"id":157819,"date":"2025-10-05T10:20:08","date_gmt":"2025-10-05T10:20:08","guid":{"rendered":"https:\/\/www.europesays.com\/es\/157819\/"},"modified":"2025-10-05T10:20:08","modified_gmt":"2025-10-05T10:20:08","slug":"ilia-topuria-se-declara-estadio-deportivo","status":"publish","type":"post","link":"https:\/\/www.europesays.com\/es\/157819\/","title":{"rendered":"Ilia Topuria se declara &#8211; Estadio Deportivo"},"content":{"rendered":"<p class=\"parrafo\">Ilia Topuria tiene &#8216;enemigos&#8217; en la UFC, pero tambi\u00e9n otras muchas personas a las que guarda gran cari\u00f1o. El hecho de ser una leyenda de las artes marciales mixtas \u2013sus 17 victorias por 0 derrotas as\u00ed lo exigen\u2013 han convertido al hispano-georgiano en objeto de cr\u00edticas y declaraciones cruzadas, pero no por ello pierde el foco de esas personas que le importan.<\/p>\n<p><a class=\"elementos-rel-t2\" href=\"https:\/\/www.estadiodeportivo.com\/ufc\/alex-pereira-revienta-ufc-320-20251005-515129.html\" title=\"Alex Pereira revienta el UFC 320\" rel=\"nofollow noopener\" target=\"_blank\">Alex Pereira revienta el UFC 320<img decoding=\"async\" src=\"https:\/\/www.europesays.com\/es\/wp-content\/uploads\/2025\/10\/ab5b8e1d-7a07-496b-9700-51d0d36d133b_320x180.jpeg\" alt=\"Alex Pereira revienta el UFC 320\"\/><\/a><a class=\"elementos-rel-t2\" href=\"https:\/\/www.estadiodeportivo.com\/ufc\/proximo-rival-ilia-topuria-20251004-514986.html\" title=\"El pr\u00f3ximo rival de Ilia Topuria\" rel=\"nofollow noopener\" target=\"_blank\">El pr\u00f3ximo rival de Ilia Topuria<img decoding=\"async\" src=\"https:\/\/www.europesays.com\/es\/wp-content\/uploads\/2025\/10\/104533ad-7342-4950-8c5f-3ee48bd53791_320x180.jpeg\" alt=\"El pr\u00f3ximo rival de Ilia Topuria\"\/><\/a><\/p>\n<p class=\"parrafo\">En esa l\u00ednea, en la de mostrar amor por otros luchadores, no sorprende que hace escasas horas se haya declarado fan incondicional de otro luchador como Merab Dvalishvili, un georgiano al que le dedica unas emotivas palabras en su perfil de la red social X.<\/p>\n<p class=\"parrafo\">\u00abHermano, hemos llegado al punto en que tus victorias parecen casi normales, pero todos sabemos lo dif\u00edcil que es llegar all\u00ed. Lo digo con orgullo: \u00a1\u00a1\u00a1eres una leyenda viviente!!!! Un ejemplo de trabajo duro, sacrificio y coraz\u00f3n. M\u00e1s all\u00e1 de luchador, eres una persona incre\u00edble, con un alma demasiado grande para tu pecho. Te amamos, te apoyamos y estamos contigo en cada paso del camino\u00bb, expresa.<\/p>\n<p class=\"parrafo\">Topuria hace referencia al combate que esta pasada madrugada ha ganado su compatriota georgiano en el UFC 320, en el cual se ha impuesto a Cory Sandhagen por decisi\u00f3n un\u00e1nime (49-45, 49-45 y 49-46) en su tercera defensa del t\u00edtulo del peso gallo. Aunque Merab no ha logrado noquear al estadounidense, la realidad es que durante toda la pelea ha estado mucho m\u00e1s activo y ha dominado de principio a fin.<\/p>\n<p class=\"parrafo\">En desarrollo.<\/p>\n","protected":false},"excerpt":{"rendered":"Ilia Topuria tiene &#8216;enemigos&#8217; en la UFC, pero tambi\u00e9n otras muchas personas a las que guarda gran cari\u00f1o.&hellip;\n","protected":false},"author":2,"featured_media":157820,"comment_status":"","ping_status":"","sticky":false,"template":"","format":"standard","meta":{"footnotes":""},"categories":[276],"tags":[168,25,24,284,1523,744,23,167,343],"class_list":{"0":"post-157819","1":"post","2":"type-post","3":"status-publish","4":"format-standard","5":"has-post-thumbnail","7":"category-ufc","8":"tag-deportes","9":"tag-es","10":"tag-espana","11":"tag-estadio-deportivo","12":"tag-ilia-topuria","13":"tag-polideportivo","14":"tag-spain","15":"tag-sports","16":"tag-ufc"},"share_on_mastodon":{"url":"","error":""},"_links":{"self":[{"href":"https:\/\/www.europesays.com\/es\/wp-json\/wp\/v2\/posts\/157819","targetHints":{"allow":["GET"]}}],"collection":[{"href":"https:\/\/www.europesays.com\/es\/wp-json\/wp\/v2\/posts"}],"about":[{"href":"https:\/\/www.europesays.com\/es\/wp-json\/wp\/v2\/types\/post"}],"author":[{"embeddable":true,"href":"https:\/\/www.europesays.com\/es\/wp-json\/wp\/v2\/users\/2"}],"replies":[{"embeddable":true,"href":"https:\/\/www.europesays.com\/es\/wp-json\/wp\/v2\/comments?post=157819"}],"version-history":[{"count":0,"href":"https:\/\/www.europesays.com\/es\/wp-json\/wp\/v2\/posts\/157819\/revisions"}],"wp:featuredmedia":[{"embeddable":true,"href":"https:\/\/www.europesays.com\/es\/wp-json\/wp\/v2\/media\/157820"}],"wp:attachment":[{"href":"https:\/\/www.europesays.com\/es\/wp-json\/wp\/v2\/media?parent=157819"}],"wp:term":[{"taxonomy":"category","embeddable":true,"href":"https:\/\/www.europesays.com\/es\/wp-json\/wp\/v2\/categories?post=157819"},{"taxonomy":"post_tag","embeddable":true,"href":"https:\/\/www.europesays.com\/es\/wp-json\/wp\/v2\/tags?post=157819"}],"curies":[{"name":"wp","href":"https:\/\/api.w.org\/{rel}","templated":true}]}}