{"id":15782,"date":"2025-07-31T07:25:07","date_gmt":"2025-07-31T07:25:07","guid":{"rendered":"https:\/\/www.europesays.com\/es\/15782\/"},"modified":"2025-07-31T07:25:07","modified_gmt":"2025-07-31T07:25:07","slug":"zapatero-se-reunira-al-menos-dos-veces-en-lanzarote-con-sanchez","status":"publish","type":"post","link":"https:\/\/www.europesays.com\/es\/15782\/","title":{"rendered":"Zapatero se reunir\u00e1 al menos dos veces en Lanzarote con S\u00e1nchez"},"content":{"rendered":"<p style=\"\"><a href=\"https:\/\/www.abc.es\/noticias\/pedro-sanchez\/\" title=\"www.abc.es\" data-voc-vtm-id=\"in-text-traffic\" data-mrf-link=\"www.abc.es\" rel=\"nofollow noopener\" target=\"_blank\">Pedro S\u00e1nchez<\/a> y Jos\u00e9 Luis Rodr\u00edguez Zapatero ya est\u00e1n haciendo sus maletas para marcharse de vacaciones a la isla canaria de Lanzarote. En el caso del presidente del Gobierno, seg\u00fan confirman fuentes gubernamentales a ABC, iniciar\u00e1 su descanso vacacional junto a su familia este  &#8230; s\u00e1bado 2 de agosto <strong>y lo prolongar\u00e1 hasta el domingo d\u00eda 24<\/strong>, dos d\u00edas antes de la celebraci\u00f3n del primer Consejo de Ministros del curso pol\u00edtico.<\/p>\n<p class=\"voc-p\" style=\"\">Como es habitual en verano, pese a que en los \u00faltimos a\u00f1os hab\u00eda pasado parte de su descanso estival fuera del pa\u00eds, S\u00e1nchez vuelve a elegir la isla de C\u00e9sar Manrique para descansar junto a Bego\u00f1a G\u00f3mez y sus hijas. All\u00ed <strong>coincidir\u00e1 con el expresidente Zapatero<\/strong>, con casa propia en la caleta de Famara, a unos 25 km de la residencia oficial de La Mareta, campo base del presidente.<\/p>\n<p class=\"voc-p\" style=\"\">Ambos pol\u00edticos, cuya relaci\u00f3n es muy cercana \u2013siendo Zapatero una de las voces m\u00e1s influyentes en las decisiones que toma Pedro S\u00e1nchez\u2013, compartir\u00e1n parte de su descanso veraniego. <\/p>\n<p class=\"voc-p\" style=\"\">La previsi\u00f3n es que las dos parejas compartan una velada en la vivienda del expresidente del Gobierno, a la que acudir\u00e1n otros invitados del mundo de la cultura o de la pol\u00edtica. Adem\u00e1s, S\u00e1nchez y Zapatero aprovechar\u00e1n su estancia en la isla de Lanzarote<strong> para preparar el arranque del nuevo curso pol\u00edtico<\/strong>. Aunque el expresidente no tiene ning\u00fan cargo org\u00e1nico o institucional, forma parte del n\u00facleo duro del l\u00edder del PSOE. El presidente, tal como revel\u00f3 este diario, encarg\u00f3 a su antecesor que se reuniera de forma inminente con Carles Puigdemont en Suiza. La idea, subrayan fuentes cercanas al presidente, es que uno de los d\u00edas que compartan en Lanzarote ambos puedan comprobar el grado de compromiso de Junts con lo que queda de legislatura. <\/p>\n<p>\nLa estrategia de resistir\n<\/p>\n<p class=\"voc-p\" style=\"\">Pedro S\u00e1nchez<strong> sigue empe\u00f1ado en querer agotar la legislatura<\/strong>. En no convocar las elecciones generales hasta 2027, cuando tocan, descartando as\u00ed un adelanto electoral como le exige la oposici\u00f3n y le sugieren algunos cr\u00edticos dentro de su partido.<\/p>\n<p class=\"voc-p\" style=\"\">Para resistir hasta entonces, con un Congreso cada vez m\u00e1s distanciado de sus decisiones, el presidente necesita contar con el apoyo de los siete diputados de Junts y los cuatro de Podemos. En asegurar el respaldo de ambos de aqu\u00ed hasta los comicios, a ser posible con nuevos Presupuestos y aprobando leyes tan importantes para el Ejecutivo como la de acceso a la carrera judicial y la reducci\u00f3n de la jornada laboral, juega un papel muy importante el expresidente del Gobierno. Con Zapatero, en uno de esos encuentros que mantendr\u00e1n en privado,<strong> analizar\u00e1 el grado de lealtad de los socios y c\u00f3mo responder a los ataques de la oposici\u00f3n<\/strong> y de algunos de los grupos que apoyaron su investidura. <\/p>\n<p class=\"voc-p\" style=\"\">Auque este martes, <a href=\"https:\/\/www.abc.es\/espana\/sanchez-acusa-ante-rey-cansancio-curso-agonizante-20250729204843-nt.html\" title=\"www.abc.es\" data-voc-vtm-id=\"in-text-traffic\" data-mrf-link=\"www.abc.es\" rel=\"nofollow noopener\" target=\"_blank\">desde Marivent (Palma), S\u00e1nchez neg\u00f3 que se estuviera planteando una crisis <\/a>de Gobierno, fuentes cercanas al jefe del Ejecutivo sostienen que ese es un escenario que sigue contemplando. De esta cuesti\u00f3n, seguramente, tambi\u00e9n hablar\u00e1n los dos dirigentes socialistas, m\u00e1s teniendo en cuenta la influencia de Zapatero en algunos nombramientos de altos cargos del Ejecutivo.<\/p>\n<p>\nClavijo espera la llamada\n<\/p>\n<p class=\"voc-p\" style=\"\">Mientras que con Jos\u00e9 Luis Rodr\u00edguez Zapatero, durante las tres semanas que estar\u00e1 en Lanzarote, Pedro S\u00e1nchez ya sabe cuando se ver\u00e1, c<strong>aso bien distinto es el del presidente auton\u00f3mico, Fernando Clavijo<\/strong>, que sigue esperando la llamada del presidente del Gobierno.<\/p>\n<p class=\"voc-p\" style=\"\">Fuentes cercanas al mandatario canario explican a ABC que a d\u00eda de hoy, poco antes de que empiecen las vacaciones de S\u00e1nchez en La Mareta,<strong> nadie de Moncloa se ha puesto en contacto con ellos<\/strong> para agendar el tradicional encuentro de verano. Clavijo, que solo har\u00e1 una semana de descanso este verano, tiene su agenda despejada para mantener esa reuni\u00f3n.<\/p>\n<p class=\"voc-p\" style=\"\">El cumplimiento de la agenda canaria o la distribuci\u00f3n de los menores no acompa\u00f1ados por la Pen\u00ednsula, que empezar\u00e1 el 28 de agosto, son dos de los temas que el l\u00edder de Coalici\u00f3n Canaria le pondr\u00e1 sobre la mesa, si se acaba celebrando el encuentro como ha ocurrido en a\u00f1os anteriores \u2013en 2024 fue en LaPalma\u2013, y como <a href=\"https:\/\/www.abc.es\/espana\/baleares\/prohens-suplica-sanchez-frene-envio-masivo-menores-20250729195422-nt.html\" title=\"www.abc.es\" data-voc-vtm-id=\"in-text-traffic\" data-mrf-link=\"www.abc.es\" rel=\"nofollow noopener\" target=\"_blank\">ocurri\u00f3 este pasado martes en Palma con Marga Prohens<\/a>, del PP, antes del tradicional despacho de verano en Marivent.<\/p>\n<p class=\"voc-p\" style=\"\">Para S\u00e1nchez, saber que har\u00e1 el partido liderado por Clavijo, actualmente en el bloque de apoyo al Gobierno y cuyo voto es imprescindible en votaciones como la de los Presupuestos, tambi\u00e9n es una de las dudas a resolver durante esta eventual cita que, como muy tarde, se tendr\u00e1 que celebrar el 24 de agosto.<\/p>\n<p class=\"voc-d-c__pretitle\">Otros invitados de S\u00e1nchez<\/p>\n<p>Illa y Marlaska, tambi\u00e9n estar\u00e1n en Lanzarote <\/p>\n<p class=\"voc-p\" style=\"\">Seg\u00fan ha podido confirmar ABC, los servicios de seguridad que ya aguardan a las distintas autoridades escoltadas en Canarias esperan para los pr\u00f3ximos d\u00edas la llegad<strong>a tanto el presidente de la Generalitat y primer secretario del PSC, Salvador Illa<\/strong>, como del ministro del Interior, Fernando Grande-Marlaska. Ambos repiten, ya que el a\u00f1o pasado, tras haber sido elegido por parte del Parlament, Illa y su esposa viajaron tambi\u00e9n a Lanzarote para ser los invitados de S\u00e1nchez y Bego\u00f1a G\u00f3mez en La Mareta. <\/p>\n<p class=\"voc-p\" style=\"\">Aunque este peri\u00f3dico ha intentado confirmar si en esta ocasi\u00f3n se alojar\u00e1n tambi\u00e9n en la residencia oficial, al cierre de esta edici\u00f3n no ha podido confirmarlo. Marlaska optar\u00e1 por un alojamiento de la zona. <\/p>\n<p class=\"voc-p\" style=\"\">Los <strong>dos s\u00ed compartir\u00e1n un rato con el presidente y Zapatero<\/strong> durante su estancia en la isla.<\/p>\n","protected":false},"excerpt":{"rendered":"Pedro S\u00e1nchez y Jos\u00e9 Luis Rodr\u00edguez Zapatero ya est\u00e1n haciendo sus maletas para marcharse de vacaciones a la&hellip;\n","protected":false},"author":2,"featured_media":15783,"comment_status":"","ping_status":"","sticky":false,"template":"","format":"standard","meta":{"footnotes":""},"categories":[8],"tags":[17,18,1563,25,24,13,14,11,3641,19,20,9,10,15,16,9509,199,23,12,21,22,3106,7472],"class_list":{"0":"post-15782","1":"post","2":"type-post","3":"status-publish","4":"format-standard","5":"has-post-thumbnail","7":"category-espana","8":"tag-breaking-news","9":"tag-breakingnews","10":"tag-dos","11":"tag-es","12":"tag-espana","13":"tag-featured-news","14":"tag-featurednews","15":"tag-headlines","16":"tag-lanzarote","17":"tag-latest-news","18":"tag-latestnews","19":"tag-news","20":"tag-noticias","21":"tag-noticias-destacadas","22":"tag-noticiasdestacadas","23":"tag-reunira","24":"tag-sanchez","25":"tag-spain","26":"tag-titulares","27":"tag-ultimas-noticias","28":"tag-ultimasnoticias","29":"tag-veces","30":"tag-zapatero"},"share_on_mastodon":{"url":"","error":""},"_links":{"self":[{"href":"https:\/\/www.europesays.com\/es\/wp-json\/wp\/v2\/posts\/15782","targetHints":{"allow":["GET"]}}],"collection":[{"href":"https:\/\/www.europesays.com\/es\/wp-json\/wp\/v2\/posts"}],"about":[{"href":"https:\/\/www.europesays.com\/es\/wp-json\/wp\/v2\/types\/post"}],"author":[{"embeddable":true,"href":"https:\/\/www.europesays.com\/es\/wp-json\/wp\/v2\/users\/2"}],"replies":[{"embeddable":true,"href":"https:\/\/www.europesays.com\/es\/wp-json\/wp\/v2\/comments?post=15782"}],"version-history":[{"count":0,"href":"https:\/\/www.europesays.com\/es\/wp-json\/wp\/v2\/posts\/15782\/revisions"}],"wp:featuredmedia":[{"embeddable":true,"href":"https:\/\/www.europesays.com\/es\/wp-json\/wp\/v2\/media\/15783"}],"wp:attachment":[{"href":"https:\/\/www.europesays.com\/es\/wp-json\/wp\/v2\/media?parent=15782"}],"wp:term":[{"taxonomy":"category","embeddable":true,"href":"https:\/\/www.europesays.com\/es\/wp-json\/wp\/v2\/categories?post=15782"},{"taxonomy":"post_tag","embeddable":true,"href":"https:\/\/www.europesays.com\/es\/wp-json\/wp\/v2\/tags?post=15782"}],"curies":[{"name":"wp","href":"https:\/\/api.w.org\/{rel}","templated":true}]}}