{"id":157821,"date":"2025-10-05T10:24:08","date_gmt":"2025-10-05T10:24:08","guid":{"rendered":"https:\/\/www.europesays.com\/es\/157821\/"},"modified":"2025-10-05T10:24:08","modified_gmt":"2025-10-05T10:24:08","slug":"la-formula-1-vuelve-a-madrid-todo-lo-que-se-sabe-del-gran-premio-2026","status":"publish","type":"post","link":"https:\/\/www.europesays.com\/es\/157821\/","title":{"rendered":"La F\u00f3rmula 1 vuelve a Madrid: todo lo que se sabe del Gran Premio 2026"},"content":{"rendered":"<p data-start=\"211\" data-end=\"537\">La F\u00f3rmula 1 vuelve a Madrid y la ciudad se prepara a vibrar como pocas veces en su historia reciente. La FIA ha fijado las fechas del Gran Premio de Espa\u00f1a 2026: del 11 al 13 de septiembre, y Madrid estrenar\u00e1 su propio trazado urbano, MADRING, que har\u00e1 de la capital el epicentro del automovilismo durante ese fin de semana.<\/p>\n<p data-start=\"539\" data-end=\"1012\">MADRING nace como un proyecto ambicioso que combina la potencia de IFEMA-Valdebebas con la est\u00e9tica y la emoci\u00f3n de un circuito urbano pensado para la era moderna de la F1. Seg\u00fan la informaci\u00f3n oficial del proyecto, el trazado tendr\u00e1 5,4 kil\u00f3metros y 22 curvas, y la carrera se disputar\u00e1 a 57 vueltas; la curva denominada \u201cLa Monumental\u201d, una secci\u00f3n peraltada concebida como referente visual del circuito, ya se perfila como una de las im\u00e1genes ic\u00f3nicas del campeonato.<\/p>\n<p data-start=\"1014\" data-end=\"1825\">El trazado combina secciones de alta velocidad con curvas t\u00e9cnicas y desafiantes. Destacan la recta de 837 metros en la zona \u2018Hortaleza\u2019, donde los monoplazas podr\u00e1n superar los 300 km\/h, y la \u00abSubida de las C\u00e1rcavas\u00bb, un tramo con pendiente ascendente del 8 % que culmina en la curva 7, ciega y de gran exigencia para los pilotos. La curva 10 es un viraje r\u00e1pido en bajada que pondr\u00e1 a prueba la estabilidad de los coches y la precisi\u00f3n de frenado, mientras que el sector de las curvas 14 a 17 combina peraltes y chicanes r\u00e1pidas que exigir\u00e1n cambios de direcci\u00f3n muy precisos, ideales para adelantamientos y estrategia de carrera. El trazado finaliza con un peralte de 150 metros antes de la recta de meta, asegurando que los espectadores puedan disfrutar de velocidades m\u00e1ximas y maniobras espectaculares.<\/p>\n<p data-start=\"1827\" data-end=\"2456\">La idea que late detr\u00e1s de MADRING no es solo deportiva: es una operaci\u00f3n de ciudad. IFEMA y la Comunidad de Madrid lideran la iniciativa con un calendario de trabajo que aspira a dejar instalaciones permanentes y a impulsar el tejido tur\u00edstico y de eventos de la capital. La construcci\u00f3n del circuito y sus estructuras asociadas fue adjudicada a un consorcio liderado por Eiffage Construcci\u00f3n, que se encargar\u00e1 de la ejecuci\u00f3n y montaje del trazado y de las instalaciones t\u00e9cnicas. La puesta en obra ya est\u00e1 en marcha y la planificaci\u00f3n oficial prev\u00e9 completar los trabajos principales con el horizonte de 2026.<\/p>\n<p><img loading=\"lazy\" decoding=\"async\" aria-describedby=\"caption-attachment-227812\" class=\"lazy lazy-hidden  wp-image-227812\" src=\"data:image\/gif;base64,R0lGODlhAQABAIAAAAAAAP\/\/\/yH5BAEAAAAALAAAAAABAAEAAAIBRAA7\" data-lazy-type=\"image\" data-lazy-src=\"https:\/\/www.europesays.com\/es\/wp-content\/uploads\/2025\/10\/la-formula-1-vuelve-a-madrid-todo-lo-que-se-sabe-del-gran-premio-2026-2025-10-05-la-formula-1-vuelve.jpeg\" alt=\"\" width=\"743\" height=\"496\" data-lazy- data-lazy-\/><\/p>\n<p id=\"caption-attachment-227812\" class=\"wp-caption-text\">Trazado del circuito Ifema Madrid<\/p>\n<p data-start=\"2458\" data-end=\"3042\">El impacto log\u00edstico y de infraestructuras es comparable al de un gran congreso internacional: se levantar\u00e1 un Pit Building de \u00faltima generaci\u00f3n que alojar\u00e1 boxes, \u00e1reas t\u00e9cnicas y hospitality, con una inversi\u00f3n significativa destinada a dejar un legado funcional para IFEMA m\u00e1s all\u00e1 del fin de semana de carreras. La adjudicaci\u00f3n y el detalle econ\u00f3mico del contrato de construcci\u00f3n han sido hechos p\u00fablicos: el consorcio obtuvo un contrato por decenas de millones de euros, que cubre tanto la construcci\u00f3n del trazado como las estructuras necesarias para albergar equipos y p\u00fablico.<\/p>\n<p data-start=\"3044\" data-end=\"3549\">La expectaci\u00f3n se traduce en cifras. Las primeras ventas de entradas mostraron una demanda masiva: la preventa y los paquetes especiales agotaron una parte muy relevante del aforo en cuesti\u00f3n de horas, y Madrid ha visto c\u00f3mo la atenci\u00f3n de aficionados europeos y visitantes internacionales convergen hacia la capital. La previsi\u00f3n de asistentes por edici\u00f3n se sit\u00faa en torno a 120.000 personas, con una alta proporci\u00f3n de p\u00fablico internacional, lo que subraya la potencial dimensi\u00f3n tur\u00edstica del evento.<\/p>\n<p data-start=\"3551\" data-end=\"4707\">El regreso de la F1 a Madrid reson\u00f3 con especial fuerza entre los pilotos y en la comunidad del motor. Carlos Sainz, embajador del proyecto y figura madrile\u00f1a de proyecci\u00f3n internacional, particip\u00f3 en una exhibici\u00f3n que reuni\u00f3 a decenas de miles de aficionados y habl\u00f3 de la emoci\u00f3n de tener la F1 \u201ca un paso de casa\u201d. Adem\u00e1s de Sainz, la parrilla de 2026 podr\u00eda incluir a Fernando Alonso, siete veces campe\u00f3n mundial como aspirante destacado; Max Verstappen, vigente campe\u00f3n con Red Bull-Ford; Lewis Hamilton, m\u00faltiple campe\u00f3n con Mercedes; Charles Leclerc y Carlos Riquelme de Ferrari; y j\u00f3venes promesas como Oliver Bearman y Logan Sargeant, as\u00ed como otros talentos espa\u00f1oles y latinoamericanos que podr\u00edan debutar en categor\u00edas de apoyo como F2 o F3 durante el fin de semana del GP, lo que asegura un espect\u00e1culo de primer nivel con pilotos consagrados y novatos en igualdad de condiciones. La presencia de estos nombres consagrados en la parrilla de 2026 \u2014y la llegada de nuevas marcas asociadas a equipos\u2014 alimentan la ilusi\u00f3n: la capital ser\u00e1 testigo de una parrilla robusta y medi\u00e1tica, lo que aumenta la expectativa deportiva y social del evento.<\/p>\n<p data-start=\"4709\" data-end=\"5246\">La ubicaci\u00f3n de MADRING en torno a IFEMA aporta ventajas estrat\u00e9gicas claras: accesos amplios, infraestructura ferial consolidada, aparcamientos y una conectividad que incluye la l\u00ednea 8 de Metro, la estaci\u00f3n de Cercan\u00edas Valdebebas y la proximidad al aeropuerto Adolfo Su\u00e1rez-Barajas. Esa conectividad facilita la llegada de p\u00fablico internacional y permite dise\u00f1ar operativos de transporte espec\u00edficos para el fin de semana del GP, con refuerzo de servicios y log\u00edstica pensada para maximizar el flujo de visitantes sin perder fluidez.<\/p>\n<p><img loading=\"lazy\" decoding=\"async\" aria-describedby=\"caption-attachment-227815\" class=\"lazy lazy-hidden  wp-image-227815\" src=\"data:image\/gif;base64,R0lGODlhAQABAIAAAAAAAP\/\/\/yH5BAEAAAAALAAAAAABAAEAAAIBRAA7\" data-lazy-type=\"image\" data-lazy-src=\"https:\/\/www.europesays.com\/es\/wp-content\/uploads\/2025\/10\/1759659848_3_la-formula-1-vuelve-a-madrid-todo-lo-que-se-sabe-del-gran-premio-2026-2025-10-05-la-formula-1-vuelve.jpeg\" alt=\"\" width=\"803\" height=\"452\" data-lazy- data-lazy-\/><\/p>\n<p id=\"caption-attachment-227815\" class=\"wp-caption-text\">Carlos Sainz en la presentaci\u00f3n de MADRIG<\/p>\n<p data-start=\"5248\" data-end=\"5907\">M\u00e1s all\u00e1 de la pista, Madrid se prepara para capitalizar el evento: la estrategia oficial plantea que el Gran Premio genere empleo y dinamice sectores como la hosteler\u00eda, la hoteler\u00eda y los servicios. Las estimaciones de impacto econ\u00f3mico y de retorno \u2014el producto de la conjunci\u00f3n entre gasto tur\u00edstico, notoriedad de marca ciudad y la actividad generada por IFEMA\u2014 forman parte del discurso p\u00fablico de impulso al proyecto y han servido para cerrar apoyos institucionales. La apuesta de la capital es consolidar un evento recurrente que, a\u00f1o tras a\u00f1o, pueda situar a Madrid en el calendario global de grandes acontecimientos deportivos y de entretenimiento.<\/p>\n<p data-start=\"5909\" data-end=\"6712\">Los detalles t\u00e9cnicos del trazado, ya difundidos por la organizaci\u00f3n, muestran un circuito pensado para ofrecer im\u00e1genes fuertes y exigencia deportiva: rectas que permitir\u00e1n alcanzar velocidades superiores a 300 km\/h, secciones con desniveles y zonas de frenada que ser\u00e1n, a la vez, desaf\u00edo mec\u00e1nico y espect\u00e1culo visual. La intenci\u00f3n expresada por promotores y dise\u00f1adores es que MADRING no sea solo un circuito temporal m\u00e1s, sino un trazado con elementos permanentes que permitan repetir la experiencia y mantener una oferta de eventos complementarios durante todo el a\u00f1o. Se espera que los monoplazas alcancen su m\u00e1xima velocidad en la recta de Hortaleza y que la combinaci\u00f3n de curvas r\u00e1pidas y peraltes genere adelantamientos espectaculares en zonas estrat\u00e9gicas como la curva 7 y la \u201cMonumental\u201d.<\/p>\n<p data-start=\"6714\" data-end=\"7209\">La dimensi\u00f3n internacional del proyecto se aprecia en la presencia de marcas automovil\u00edsticas de primer nivel y en la cobertura medi\u00e1tica que ha acompa\u00f1ado cada paso del anuncio y de la construcci\u00f3n. La inclusi\u00f3n de Madrid en el calendario de 2026 es la incorporaci\u00f3n m\u00e1s reciente de la F1 a circuitos urbanos de relevancia global, y su estreno est\u00e1 llamado a ofrecer a la ciudad una ventana medi\u00e1tica que, seg\u00fan los organizadores, se traduce en valor para el turismo y la proyecci\u00f3n econ\u00f3mica.<\/p>\n<p data-start=\"7211\" data-end=\"7828\">Para los aficionados madrile\u00f1os, la emoci\u00f3n es palpable en las calles, en las redes y en los establecimientos relacionados con el motor. Las tiendas especializadas, las escuelas de karting y las iniciativas locales vinculadas al automovilismo ya han anunciado programas, exposiciones y actividades paralelas que buscan aprovechar la llegada del Gran Premio. Desde encuentros de clubes hasta eventos para familias, el fin de semana del GP promete una agenda paralela que convertir\u00e1 la ciudad en un gran festival alrededor de la velocidad, con fan zones en plazas, simuladores de F1 y exhibiciones de autos hist\u00f3ricos.<\/p>\n<p><img loading=\"lazy\" decoding=\"async\" aria-describedby=\"caption-attachment-227816\" class=\"lazy lazy-hidden  wp-image-227816\" src=\"data:image\/gif;base64,R0lGODlhAQABAIAAAAAAAP\/\/\/yH5BAEAAAAALAAAAAABAAEAAAIBRAA7\" data-lazy-type=\"image\" data-lazy-src=\"https:\/\/www.europesays.com\/es\/wp-content\/uploads\/2025\/10\/1759659848_895_la-formula-1-vuelve-a-madrid-todo-lo-que-se-sabe-del-gran-premio-2026-2025-10-05-la-formula-1-vuelve.jpeg\" alt=\"\" width=\"834\" height=\"417\" data-lazy- data-lazy-\/><\/p>\n<p id=\"caption-attachment-227816\" class=\"wp-caption-text\">Fernando Alonso tambi\u00e9n dir\u00e1 presente en el nuevo circuito<\/p>\n<p data-start=\"7830\" data-end=\"8647\">Madrid tambi\u00e9n prepara su cara m\u00e1s internacional: hoteles de gran categor\u00eda, restaurantes y centros culturales trabajan en experiencias complementarias para visitantes, desde men\u00fas tem\u00e1ticos hasta paquetes que incluyen entradas al GP y recorridos tur\u00edsticos. La capital se propone aprovechar la ocasi\u00f3n para mostrarse como una ciudad completa: moderna, conectada y con una oferta cultural que va m\u00e1s all\u00e1 del fin de semana de carreras. Se esperan adem\u00e1s programas educativos y talleres de promoci\u00f3n del automovilismo para j\u00f3venes. El impacto televisivo, con previsi\u00f3n de m\u00e1s de 1.500 millones de espectadores en todo el mundo, multiplicar\u00e1 esta proyecci\u00f3n, mientras que la ciudad implementar\u00e1 medidas de sostenibilidad, transporte p\u00fablico reforzado y gesti\u00f3n de residuos para reducir el impacto ambiental del evento.<\/p>\n<p data-start=\"8649\" data-end=\"9198\">La cuenta atr\u00e1s est\u00e1 en marcha. Con el trazado definido, las empresas constructoras trabajando y las entradas circulando, Madrid transita hacia un momento que muchos describen como hist\u00f3rico: la capital recupera un espacio que perteneci\u00f3 anta\u00f1o al Jarama y lo reinventa en clave urbana y contempor\u00e1nea. MADRING se presenta, en ese sentido, como la materializaci\u00f3n de una ciudad que decide apostar por un evento global, por su propia capacidad de acogida y por la posibilidad de transformar una semana del calendario en un escaparate de primer nivel.<\/p>\n<p data-start=\"9200\" data-end=\"9614\">Madrid vuelve a la F\u00f3rmula 1 con la atm\u00f3sfera de una gran ciudad que celebra su cita con el espect\u00e1culo y con la certeza de que, durante el fin de semana del 11 al 13 de septiembre de 2026, la capital ser\u00e1 punto de encuentro de la pasi\u00f3n por las carreras, del turismo internacional y de una industria que mueve audiencias y econom\u00edas. La emoci\u00f3n ya est\u00e1 en la calle; la ciudad se prepara para recibirla en grande.<\/p>\n","protected":false},"excerpt":{"rendered":"La F\u00f3rmula 1 vuelve a Madrid y la ciudad se prepara a vibrar como pocas veces en su&hellip;\n","protected":false},"author":2,"featured_media":157822,"comment_status":"","ping_status":"","sticky":false,"template":"","format":"standard","meta":{"footnotes":""},"categories":[270],"tags":[168,25,24,306,271,272,23,167],"class_list":{"0":"post-157821","1":"post","2":"type-post","3":"status-publish","4":"format-standard","5":"has-post-thumbnail","7":"category-formula-1","8":"tag-deportes","9":"tag-es","10":"tag-espana","11":"tag-f1","12":"tag-formula-1","13":"tag-formula1","14":"tag-spain","15":"tag-sports"},"share_on_mastodon":{"url":"","error":""},"_links":{"self":[{"href":"https:\/\/www.europesays.com\/es\/wp-json\/wp\/v2\/posts\/157821","targetHints":{"allow":["GET"]}}],"collection":[{"href":"https:\/\/www.europesays.com\/es\/wp-json\/wp\/v2\/posts"}],"about":[{"href":"https:\/\/www.europesays.com\/es\/wp-json\/wp\/v2\/types\/post"}],"author":[{"embeddable":true,"href":"https:\/\/www.europesays.com\/es\/wp-json\/wp\/v2\/users\/2"}],"replies":[{"embeddable":true,"href":"https:\/\/www.europesays.com\/es\/wp-json\/wp\/v2\/comments?post=157821"}],"version-history":[{"count":0,"href":"https:\/\/www.europesays.com\/es\/wp-json\/wp\/v2\/posts\/157821\/revisions"}],"wp:featuredmedia":[{"embeddable":true,"href":"https:\/\/www.europesays.com\/es\/wp-json\/wp\/v2\/media\/157822"}],"wp:attachment":[{"href":"https:\/\/www.europesays.com\/es\/wp-json\/wp\/v2\/media?parent=157821"}],"wp:term":[{"taxonomy":"category","embeddable":true,"href":"https:\/\/www.europesays.com\/es\/wp-json\/wp\/v2\/categories?post=157821"},{"taxonomy":"post_tag","embeddable":true,"href":"https:\/\/www.europesays.com\/es\/wp-json\/wp\/v2\/tags?post=157821"}],"curies":[{"name":"wp","href":"https:\/\/api.w.org\/{rel}","templated":true}]}}