{"id":157823,"date":"2025-10-05T10:29:08","date_gmt":"2025-10-05T10:29:08","guid":{"rendered":"https:\/\/www.europesays.com\/es\/157823\/"},"modified":"2025-10-05T10:29:08","modified_gmt":"2025-10-05T10:29:08","slug":"la-editorial-valenciana-bamba-recupera-escribo-tu-nombre-de-elena-quiroga","status":"publish","type":"post","link":"https:\/\/www.europesays.com\/es\/157823\/","title":{"rendered":"La editorial valenciana Bamba recupera &#8216;Escribo tu nombre&#8217;, de Elena Quiroga"},"content":{"rendered":"<p>VAL\u00c8NCIA (EFE\/Carla Ali\u00f1o).\u00a0La editorial Bamba ha recuperado una nueva novela de la escritora Elena Quiroga, &#8216;Escribo tu nombre&#8217;, una de las obras autobiogr\u00e1ficas m\u00e1s ambiciosas de una autora que, pese a haber sido la segunda mujer en ingresar en la Real Academia Espa\u00f1ola y haber ganado el Premio Nadal, hab\u00eda quedado \u00abolvidada\u00bb. La novela, que en estos momentos se encuentra descatalogada tras haberse publicado por ultima vez hace m\u00e1s de 30 a\u00f1os, saldr\u00e1 a la venta el pr\u00f3ximo 8 de octubre, coincidiendo con el sexag\u00e9simo aniversario de su publicaci\u00f3n, en octubre de 1965, y el trig\u00e9simo aniversario del fallecimiento de Quiroga, el 3 de octubre de 1995.<\/p>\n<p>Con este nuevo lanzamiento, Bamba cierra \u00abde momento\u00bb la recuperaci\u00f3n del legado de Quiroga (Santander, 1921-La Coru\u00f1a, 1995), tras haber publicado &#8216;Tristura&#8217; y &#8216;Viento del norte&#8217;, la obra con la que la escritora gan\u00f3 el Premio Nadal en 1950, aunque no descarta volver a rescatar alguno de sus escritos, afirma a EFE la directora de la editorial, Raquel Bada. El libro es la segunda parte de una trilog\u00eda autobiogr\u00e1fica, que arranc\u00f3 con &#8216;Tristura&#8217;, donde narra su infancia desde las vivencias de Tadea, y que deb\u00eda completarse con &#8216;Grandes soledades&#8217;, una novela que Quiroga nunca lleg\u00f3 a terminar debido a su fallecimiento y que, al parecer, trat\u00f3 de destruir. En estos libros es donde se puede conocer algo de la vida de esta autora, que pese a ser una escritora consolidada en su \u00e9poca, tambi\u00e9n fue \u00abmuy enigm\u00e1tica\u00bb, ya que no le gustaba la vida p\u00fablica y pocas veces se dejaba ver en actos o caf\u00e9s literarios, y no concedi\u00f3 pr\u00e1cticamente ninguna entrevista.<\/p>\n<p><strong>Una mirada a la sociedad espa\u00f1ola de los a\u00f1os 30<\/strong><\/p>\n<p>&#8216;Escribo tu nombre&#8217; brinda una mirada amplia a la sociedad espa\u00f1ola de los a\u00f1os 30, a las tensiones que desembocar\u00edan en la guerra civil y, sobre todo, a la experiencia femenina dentro de un internado, explica la directora de esta peque\u00f1a editorial, nacida hace tres a\u00f1os con el prop\u00f3sito de rescatar a autoras silenciadas y olvidadas. El relato sigue casi en forma de diario los seis a\u00f1os (entre los 10 y los 16) que Tadea pasa en un opresivo internado de monjas entre 1930 y 1936, en los que a trav\u00e9s de distintos personajes se filtran las tensiones pol\u00edticas de la \u00e9poca y las dudas, a menudo sin respuesta, de la muchacha, atrapada en una sociedad que hac\u00eda del silencio una norma.<\/p>\n<p>La novela arranca con una clara declaraci\u00f3n de intenciones por parte de la autora: \u00abQue no lean este libro los muchachos y muchachas (&#8230;) que no se han formulado jam\u00e1s ninguna pregunta interna, que se hallan instalados en la vida como si la vida fuese un lugar, y duermen y no sue\u00f1an, y pasean y no andan, y desconocen la inquietud\u00bb. La obra toma su t\u00edtulo del poema &#8216;Libertad&#8217; de Paul \u00c9luard, y es que precisamente el eje central del libro es \u00abla aspiraci\u00f3n a la libertad, en contraste con las actitudes represivas de la Espa\u00f1a conservadora\u00bb, explica Bada, quien asegura que Quiroga \u00abno dud\u00f3 en abordar asuntos vetados por la censura franquista, entre ellos el divorcio, el suicidio o la cr\u00edtica a la Iglesia\u00bb.<\/p>\n<p>\u00abLo interesante de Quiroga son estas grandes historias, pero retratadas en lo cotidiano y en lo \u00edntimo -a\u00f1ade la editora-. Cuando leemos sobre la guerra civil suelen ser obras que hablan de los hechos, pero no tanto de esas historias que pasaban en las casas, con las mujeres, entre madres e hijas\u00bb. La cr\u00edtica ha comparado esta novela con &#8216;Nada&#8217;, de Carmen Laforet, pues en ambas el tema fundamental es la rebeli\u00f3n adolescente frente a una crisis espiritual e ideol\u00f3gica generada por la guerra civil espa\u00f1ola, en un entorno familiar y social relativamente acomodado, se\u00f1ala Bada.<\/p>\n<p><strong>Una narrativa en permanente experimentaci\u00f3n<\/strong><\/p>\n<p>Elena Quiroga nunca busc\u00f3 en sus novelas \u00abestar a la moda ni ser complaciente\u00bb, afirma la editora, que apunta que en los a\u00f1os 50, cuando predominaba el realismo social, Quiroga eligi\u00f3 apartarse de esa corriente para adentrarse en t\u00e9cnicas como el mon\u00f3logo interior, la multiplicidad de perspectivas o los saltos temporales. &#8216;Escribo tu nombre&#8217; fue seleccionada de manera un\u00e1nime para representar a Espa\u00f1a en la primera edici\u00f3n del Premio Internacional de Novela en Lengua Espa\u00f1ola R\u00f3mulo Gallegos, lo que muchos consideraron un reconocimiento a su obra maestra.<\/p>\n<p>Sesenta a\u00f1os despu\u00e9s de su publicaci\u00f3n, Bamba publica ahora una nueva edici\u00f3n \u00abmuy revisada\u00bb, tras dos intensos a\u00f1os de trabajo, en los que han tenido que trabajar directamente sobre las ediciones anteriores de la novela, al haber \u00abuna conservaci\u00f3n nula del legado\u00bb de esta autora, y en los que han encontrado con diversas versiones debido a la censura de la \u00e9poca. Bada espera que el lector o lectora quede cautivado con esta escritora y se sorprenda de que haya estado \u00abmuy fuera de las conversaciones literarias\u00bb, pese a haber tenido una categor\u00eda muy consolidada dentro de la literatura, sobre todo en su \u00e9poca. Afirma que aunque en los tres a\u00f1os que la editorial lleva recuperando la obra y la figura de esta escritora, Elena Quiroga es algo m\u00e1s conocida que antes, cree que aun queda mucho trabajo por hacer pues sigue siendo \u00abuna de las grandes ausentes de su generaci\u00f3n\u00bb.\u00a0<\/p>\n","protected":false},"excerpt":{"rendered":"VAL\u00c8NCIA (EFE\/Carla Ali\u00f1o).\u00a0La editorial Bamba ha recuperado una nueva novela de la escritora Elena Quiroga, &#8216;Escribo tu nombre&#8217;,&hellip;\n","protected":false},"author":2,"featured_media":157824,"comment_status":"","ping_status":"","sticky":false,"template":"","format":"standard","meta":{"footnotes":""},"categories":[172],"tags":[224,146,147,25,24,225,23],"class_list":{"0":"post-157823","1":"post","2":"type-post","3":"status-publish","4":"format-standard","5":"has-post-thumbnail","7":"category-libros","8":"tag-books","9":"tag-entertainment","10":"tag-entretenimiento","11":"tag-es","12":"tag-espana","13":"tag-libros","14":"tag-spain"},"share_on_mastodon":{"url":"","error":""},"_links":{"self":[{"href":"https:\/\/www.europesays.com\/es\/wp-json\/wp\/v2\/posts\/157823","targetHints":{"allow":["GET"]}}],"collection":[{"href":"https:\/\/www.europesays.com\/es\/wp-json\/wp\/v2\/posts"}],"about":[{"href":"https:\/\/www.europesays.com\/es\/wp-json\/wp\/v2\/types\/post"}],"author":[{"embeddable":true,"href":"https:\/\/www.europesays.com\/es\/wp-json\/wp\/v2\/users\/2"}],"replies":[{"embeddable":true,"href":"https:\/\/www.europesays.com\/es\/wp-json\/wp\/v2\/comments?post=157823"}],"version-history":[{"count":0,"href":"https:\/\/www.europesays.com\/es\/wp-json\/wp\/v2\/posts\/157823\/revisions"}],"wp:featuredmedia":[{"embeddable":true,"href":"https:\/\/www.europesays.com\/es\/wp-json\/wp\/v2\/media\/157824"}],"wp:attachment":[{"href":"https:\/\/www.europesays.com\/es\/wp-json\/wp\/v2\/media?parent=157823"}],"wp:term":[{"taxonomy":"category","embeddable":true,"href":"https:\/\/www.europesays.com\/es\/wp-json\/wp\/v2\/categories?post=157823"},{"taxonomy":"post_tag","embeddable":true,"href":"https:\/\/www.europesays.com\/es\/wp-json\/wp\/v2\/tags?post=157823"}],"curies":[{"name":"wp","href":"https:\/\/api.w.org\/{rel}","templated":true}]}}