{"id":157827,"date":"2025-10-05T10:33:08","date_gmt":"2025-10-05T10:33:08","guid":{"rendered":"https:\/\/www.europesays.com\/es\/157827\/"},"modified":"2025-10-05T10:33:08","modified_gmt":"2025-10-05T10:33:08","slug":"las-palmas-cadiz-minuto-a-minuto-canal-sur","status":"publish","type":"post","link":"https:\/\/www.europesays.com\/es\/157827\/","title":{"rendered":"Las Palmas &#8211; C\u00e1diz, minuto a minuto &#8211; Canal Sur"},"content":{"rendered":"<ol>\n<li><a href=\"https:\/\/news.google.com\/rss\/articles\/CBMinAFBVV95cUxQNHEtMFdiZVAtVzR4TUpETWVmU3JZRG93Y3c0bUtQakdvNml4R1RReG82LWRKLWlBSl9lbTJxMUx2ZlI2dUJOaC1vSENsNzVrYXptMkpvRmo2MVo5cHJzRHZQMXRSOUdnUzFVdWpLVFMyWG5lemNzN1N1Y05PQWZmQnVsOUo4T3RTWlJQRFBqekpGNmpRRlpObDRnRTY?oc=5\" target=\"_blank\" rel=\"nofollow noopener\">Las Palmas &#8211; C\u00e1diz, minuto a minuto<\/a>&nbsp;&nbsp;Canal Sur<\/li>\n<li><a href=\"https:\/\/news.google.com\/rss\/articles\/CBMinwFBVV95cUxNV1NXQWtHLXNvWTRDYlJYQ3luMnNOTHlnZkxOVHNscVZsckdlZzFGZUZKNUV5X2lzOW9mdWVTSVpWaVllX1RWUENvMU1hWTNPNEdQQWM1TkdMR28wakV0SnpmT2s2VVctUHIxak1faldydDhPdTQ1bWc4VE9uV29XYW9ETDNIT3lUSXNvLUx2N0ItMWxvdHZXVWttbjhYX0U?oc=5\" target=\"_blank\" rel=\"nofollow noopener\">En la casa de la UD Las Palmas hay que respetar las normas<\/a>&nbsp;&nbsp;Canarias7<\/li>\n<li><a href=\"https:\/\/news.google.com\/rss\/articles\/CBMi2gFBVV95cUxPY2djMEQ2dmlXMTk1eHR4M0JhOHZuM2J3djNReWV3MVNYelNRcDNReVRuVTdXaWNtVTNSQlJSVlpyRExUaFUxT0R3UFgweTlBRXJabzFJNDdfdll2ZUVfZElnWG5kdGFmMTlGVHBHXzJSTmdVeHAzb1dCeGZwRXhlenZTcHlFa3Bzam1BMTljMm9YRnZfX0lTRURSVkN4ZVhhejE1NnF2LUppVmdqdVJKdy1QZ2d3d055WmlGT2V1cnBRWTdaQ1RPN2t6cFAzQ2pVTGMySkpMS0pRd9IB7gFBVV95cUxNMGdQUnNjN2NMaktnOXQ1TEI4TlRwYm44OXNlQ3UzbEtoXzZmdHQ0dTMyWnMzTmhMdi1rS0g5cFNJRnhrS0tCVkNLVkxFLTdIZGtxZnNQdlpHWkluRUlNanVMYWRCT1ZQV0VTZEpHSjhLRms5dDNWend3M2ZJVTROMllRUWxZZUxXTDB0T3VFYkFCaEdncXA1MklBc0U3STYtM1RQWXpuYkQ4OXVlUFNBQTJTam4tVG02WFZvQmNpbXJBOUtxUlNNSDBsaVpfbFVfd0ZxWXlIem1TblZlRlQ0Xy1tcndMVTBmb3VvR0F3?oc=5\" target=\"_blank\" rel=\"nofollow noopener\">El C\u00e1diz CF visita a Las Palmas: duelo de alto voltaje en busca de estar en lo m\u00e1s alto<\/a>&nbsp;&nbsp;Cadena SER<\/li>\n<li><a href=\"https:\/\/news.google.com\/rss\/articles\/CBMipgFBVV95cUxPU2xkMGR5aEE2anZtVWVZQV94elNURldaWUZtdzJDNlBHMFdva3g0QXhzN21iRlR2aDhlcW1IMnBCekFNQjktZXRiUV9XTlVVSnZrLWhsaE9IMl9YVXlYNkdSeE5zRlJSZkVGckUzc28zNzBtTW5yQ21FZ2xwcm5aMk5wekNRMUpIYTVmbkQ3LTZNUktiTnRyVXFpaTdaWlV2YVpaMjVB0gG6AUFVX3lxTE1UV3RzRm9FNWNkZWdjeC1HOG8ycVJpWnpKZV9EQUxIaXplWVdBamhGR0pELWJZLThYQlc2enZfM01zWU9HQ201WVV6TENGd0szMHFZeUtkT05VOEd1NEFaM3diYUVlc0lXa1M1UXVRSXZYUmF1YnVlMlZuS0pFSmNjOVFmSjkwVnEwbER5Qll3RFhzLXB5M3ZjT05iYXcwS0NoZkRDYmNKRzZMRlZwMm1zOTc3dmUyNTJFdw?oc=5\" target=\"_blank\" rel=\"nofollow noopener\">Alineaci\u00f3n posible de Las Palmas contra el C\u00e1diz en LaLiga Hypermotion<\/a>&nbsp;&nbsp;Diario AS<\/li>\n<li><a href=\"https:\/\/news.google.com\/rss\/articles\/CBMiqwFBVV95cUxOTUNDV1JOWnhxX2Jlc0lLSWhUSV8wSTNGZUkxUTJ0WkRhbkQzSjlMaWViemQtNHZhdjQ2Ymcxemh1UDRtLXdRZWN3bTRmeGladkZxVEZDNm1tWEpmNXBSWW1sZEpxb21NZTJtalBOVmtxSFMtUkdlVVFEcXQwOFRNOGtEQVhnOVFiSHJlTkJxTmFBeWNGRjV2NnJZQk15TElaMTNGOEFFMlE0dk0?oc=5\" target=\"_blank\" rel=\"nofollow noopener\">UD Las Palmas \u2013 C\u00e1diz: horario y d\u00f3nde ver hoy por TV el partido de f\u00fatbol de la LaLiga Hypermotion<\/a>&nbsp;&nbsp;La Vanguardia<\/li>\n<\/ol>\n","protected":false},"excerpt":{"rendered":"Las Palmas &#8211; C\u00e1diz, minuto a minuto&nbsp;&nbsp;Canal Sur En la casa de la UD Las Palmas hay que&hellip;\n","protected":false},"author":2,"featured_media":157828,"comment_status":"","ping_status":"","sticky":false,"template":"","format":"standard","meta":{"footnotes":""},"categories":[93],"tags":[15880,168,2125,3169,25,24,47068,3600,23,167,809],"class_list":{"0":"post-157827","1":"post","2":"type-post","3":"status-publish","4":"format-standard","5":"has-post-thumbnail","7":"category-deportes","8":"tag-cuando","9":"tag-deportes","10":"tag-directo","11":"tag-donde","12":"tag-es","13":"tag-espana","14":"tag-las-palmas-cadiz","15":"tag-minuto-a-minuto","16":"tag-spain","17":"tag-sports","18":"tag-ver"},"share_on_mastodon":{"url":"","error":""},"_links":{"self":[{"href":"https:\/\/www.europesays.com\/es\/wp-json\/wp\/v2\/posts\/157827","targetHints":{"allow":["GET"]}}],"collection":[{"href":"https:\/\/www.europesays.com\/es\/wp-json\/wp\/v2\/posts"}],"about":[{"href":"https:\/\/www.europesays.com\/es\/wp-json\/wp\/v2\/types\/post"}],"author":[{"embeddable":true,"href":"https:\/\/www.europesays.com\/es\/wp-json\/wp\/v2\/users\/2"}],"replies":[{"embeddable":true,"href":"https:\/\/www.europesays.com\/es\/wp-json\/wp\/v2\/comments?post=157827"}],"version-history":[{"count":0,"href":"https:\/\/www.europesays.com\/es\/wp-json\/wp\/v2\/posts\/157827\/revisions"}],"wp:featuredmedia":[{"embeddable":true,"href":"https:\/\/www.europesays.com\/es\/wp-json\/wp\/v2\/media\/157828"}],"wp:attachment":[{"href":"https:\/\/www.europesays.com\/es\/wp-json\/wp\/v2\/media?parent=157827"}],"wp:term":[{"taxonomy":"category","embeddable":true,"href":"https:\/\/www.europesays.com\/es\/wp-json\/wp\/v2\/categories?post=157827"},{"taxonomy":"post_tag","embeddable":true,"href":"https:\/\/www.europesays.com\/es\/wp-json\/wp\/v2\/tags?post=157827"}],"curies":[{"name":"wp","href":"https:\/\/api.w.org\/{rel}","templated":true}]}}