{"id":157838,"date":"2025-10-05T10:39:07","date_gmt":"2025-10-05T10:39:07","guid":{"rendered":"https:\/\/www.europesays.com\/es\/157838\/"},"modified":"2025-10-05T10:39:07","modified_gmt":"2025-10-05T10:39:07","slug":"te-vas-cuando-mas-falta-hacen-politicos-y-buenas-personas-como-tu","status":"publish","type":"post","link":"https:\/\/www.europesays.com\/es\/157838\/","title":{"rendered":"Te vas cuando m\u00e1s falta hacen pol\u00edticos y buenas personas como t\u00fa"},"content":{"rendered":"<p class=\"L6-news-detail__text\"><b><a title=\"El PSOE\" href=\"https:\/\/www.lasexta.com\/temas\/psoe-1\" target=\"_blank\" rel=\"nofollow noopener\">El PSOE<\/a><\/b> llora <b><a title=\"la muerte de Guillermo Fern\u00e1ndez Vara\" href=\"https:\/\/www.lasexta.com\/noticias\/nacional\/muere-guillermo-fernandez-vara-expresidente-junta-extremadura-66-anos_2025100568e203396c793a7e698f1517.html\" target=\"_blank\" rel=\"nofollow noopener\">la muerte de Guillermo Fern\u00e1ndez Vara<\/a><\/b>. De quien fuese <b><a title=\"uno de sus grandes l\u00edderes y una de sus grandes voces\" href=\"https:\/\/www.lasexta.com\/noticias\/nacional\/fernandez-vara-forense-que-encomendo-vida-gestion-politica-extremadura_2025100568e208446c793a7e698f1764.html\" target=\"_blank\" rel=\"nofollow noopener\">uno de sus grandes l\u00edderes y una de sus grandes voces<\/a><\/b>. De quien ocupase la presidencia de la Junta de Extremadura desde 2007 a 2011 con <b>el segundo mejor resultado hist\u00f3rico de los socialistas<\/b>. De quien repitiese en el cargo de 2015 a 2023. De quien ha sido, como <b><a title=\"ha expresado Pedro S\u00e1nchez\" href=\"https:\/\/www.lasexta.com\/noticias\/nacional\/sanchez-despide-fernandez-vara-referente-socialista-ejemplo-compromiso-dialogo-servicio-publico_2025100568e221ad771e4a2d532e7b47.html\" target=\"_blank\" rel=\"nofollow noopener\">ha expresado Pedro S\u00e1nchez<\/a><\/b>, un \u00abreferente\u00bb.<\/p>\n<p class=\"L6-news-detail__text\">Porque el presidente del Gobierno, en un mensaje compartido en redes sociales, ha lamentado<b> con \u00abenorme tristeza\u00bb<\/b> el fallecimiento, a los 66 a\u00f1os, de Fern\u00e1ndez Vara. \u00abEs un ejemplo de compromiso, di\u00e1logo y servicio p\u00fablico. Dedic\u00f3 su vida <b><a title=\"a Extremadura\" href=\"https:\/\/www.lasexta.com\/temas\/extremadura-1\" target=\"_blank\" rel=\"nofollow noopener\">a Extremadura<\/a><\/b>. Su legado quedar\u00e1 siempre en la memoria del PSOE y de Espa\u00f1a\u00bb, ha destacado.<\/p>\n<p class=\"L6-news-detail__text\">Todo, tras el mensaje de confirmaci\u00f3n del PSOE en Extremadura. De un partido al que lleg\u00f3 desde el campo de la medicina gracias a <b><a title=\"Juan Carlos Rodr\u00edguez Ibarra\" href=\"https:\/\/www.lasexta.com\/temas\/juan_carlos_rodriguez_ibarra-1\" target=\"_blank\" rel=\"nofollow noopener\">Juan Carlos Rodr\u00edguez Ibarra<\/a><\/b>. De su mentor. De su padre pol\u00edtico. De quien recogi\u00f3 el testigo una vez \u00e9l dej\u00f3 el cargo para <b>liderar a los socialistas extreme\u00f1os desde 2007 a 2023<\/b>. Ahora, le dan \u00abgracias por tanto\u00bb.<\/p>\n<p class=\"L6-news-detail__text\"><b>\u00abRotos y rotas de dolor. Gracias por todo, Guillermo. Gracias por tanto\u00bb<\/b>, han compartido desde el PSOE extreme\u00f1o en un mensaje que concluye con una rosa, s\u00edmbolo de los socialistas.<\/p>\n<p class=\"L6-news-detail__text\">Han sido varios los que han querido mandar un \u00faltimo adi\u00f3s a Fern\u00e1ndez Vara. <b><a title=\"Salvador Illa\" href=\"https:\/\/www.lasexta.com\/temas\/salvador_illa-1\" target=\"_blank\" rel=\"nofollow noopener\">Salvador Illa<\/a><\/b>, president de la Generalitat de Catalunya, es uno de ellos: \u00abConmocionado por el fallecimiento de mi querido compa\u00f1ero Guillermo Fern\u00e1ndez Vara, un gran socialista <b>que siempre trabaj\u00f3 por el progreso de Extremadura<\/b>. Todo mi cari\u00f1o a familia y allegados\u00bb.<\/p>\n<p class=\"L6-news-detail__text\">En Asturias, Adri\u00e1n Barb\u00f3n ha lamentado la muerte de Fern\u00e1ndez Vara recordando tambi\u00e9n el reciente fallecimiento de Javier Lamb\u00e1n, expresidente <b><a title=\"de Arag\u00f3n\" href=\"https:\/\/www.lasexta.com\/temas\/aragon-1\" target=\"_blank\" rel=\"nofollow noopener\">de Arag\u00f3n<\/a><\/b>: \u00abEn menos de dos meses hemos perdido a dos presidentes auton\u00f3micos con los que tuve el honor de coincidir y de trabajar. Con \u00e9l se va todo un s\u00edmbolo de compromiso y socialismo.<b> Un ejemplo de lo que significa ser presidente auton\u00f3mico<\/b>, un referente y un luchador cargado de bonhom\u00eda y b\u00fasqueda de recuerdos. En tiempos de discordia, \u00e9l fue <b>un hombre de concordia\u00bb.<\/b><\/p>\n<p class=\"L6-news-detail__text\">Eneko Andueza, secretario general del PSE, ha expresado su \u00abtristeza\u00bb por la muerte de quien define como <b>\u00abun maestro\u00bb<\/b>: \u00abSiempre recordar\u00e9 con un inmenso cari\u00f1o el homenaje que le rendimos los socialistas vascos. Amigo Guillermo, siempre ser\u00e1s un espejo en el que mirarse\u00bb.<\/p>\n<p class=\"L6-news-detail__text\">Por su parte, <b><a title=\"Diana Morant\" href=\"https:\/\/www.lasexta.com\/temas\/diana_morant-1\" target=\"_blank\" rel=\"nofollow noopener\">Diana Morant<\/a><\/b>, l\u00edder del PSOE en la Comunitat Valenciana, se ha referido a Fern\u00e1ndez Vara como un <b>\u00abreferente del socialismo espa\u00f1ol<\/b>, hombre \u00edntegro y comprometido siempre con la gente y con la defensa de su tierra\u00bb.<\/p>\n<p class=\"L6-news-detail__text\"><b>Elma Saiz<\/b>, ministra de Inclusi\u00f3n, Seguridad Social y Migraciones, ha lamentado el fallecimiento de Fern\u00e1ndez Vara y lo \u00abinjusta que es a veces la vida\u00bb: <b>\u00abTe vas cuando m\u00e1s falta nos hacen pol\u00edticos como t\u00fa.<\/b> Personas buenas como t\u00fa. Te vamos a echar de menos\u00bb.<\/p>\n<p class=\"L6-news-detail__text\"><b><a title=\"Pilar Alegr\u00eda\" href=\"https:\/\/www.lasexta.com\/temas\/pilar_alegria-1\" target=\"_blank\" rel=\"nofollow noopener\">Pilar Alegr\u00eda<\/a><\/b>, ha compartido un mensaje en el que define a Fern\u00e1ndez Vara como un \u00absocialista ejemplar y un gran compa\u00f1ero\u00bb. <b>\u00abSu memoria nos inspirar\u00e1 para seguir defendi\u00e9ndolas\u00bb,<\/b> ha expresado la ministra de Educaci\u00f3n.<\/p>\n<p class=\"L6-news-detail__text\">Desde el <b><a title=\"Partido Popular\" href=\"https:\/\/www.lasexta.com\/temas\/partido_popular_pp-1\" target=\"_blank\" rel=\"nofollow noopener\">Partido Popular<\/a><\/b>, <b><a title=\"Alberto N\u00fa\u00f1ez Feij\u00f3o\" href=\"https:\/\/www.lasexta.com\/temas\/alberto_nunez_feijoo-1\" target=\"_blank\" rel=\"nofollow noopener\">Alberto N\u00fa\u00f1ez Feij\u00f3o<\/a><\/b> ha expresado su \u00absincero respeto y m\u00e1s sentido p\u00e9same\u00bb a los familiares y amigos de Fern\u00e1ndez Vara.<\/p>\n<p class=\"L6-news-detail__text\"><b>\u00abLamento mucho el fallecimiento<\/b> de Guillermo Fern\u00e1ndez Vara. Coincidimos a\u00f1os gestionando la sanidad p\u00fablica y como presidentes auton\u00f3micos\u00bb, ha comentado el l\u00edder de los &#8216;populares&#8217;.<\/p>\n<p class=\"L6-news-detail__text\"><b><a title=\"Isabel D\u00edaz Ayuso\" href=\"https:\/\/www.lasexta.com\/temas\/isabel_diaz_ayuso-1\" target=\"_blank\" rel=\"nofollow noopener\">Isabel D\u00edaz Ayuso<\/a><\/b> tambi\u00e9n ha reaccionado en un mensaje en redes, en el que ha lamentado \u00abmuch\u00edsimo\u00bb la muerte de Fern\u00e1ndez Vara. \u00abComo ha sucedido con el presidente Lamb\u00e1n, la pol\u00edtica espa\u00f1ola <b>pierde a un l\u00edder socialista con el que se hablaba, se discut\u00eda y se llegaba a puntos de encuentro<\/b>. \u00a1Una pena!\u00bb, ha dicho la presidenta de la Comunidad de Madrid.<\/p>\n<p class=\"L6-news-detail__text\">Por su parte, Mar\u00eda Guardiola, actual presidenta de la Junta de Extremadura, ha definido a quien fuera su rival pol\u00edtico como una \u00abfigura clave\u00bb: \u00abPor encima de cualquier diferencia, siempre <b>me ofreci\u00f3 un trato cercano y sincero\u00bb.<\/b><\/p>\n<p class=\"L6-news-detail__text\">Otros l\u00edderes del PP, como Carlos Maz\u00f3n y Fernando L\u00f3pez Miras, presidentes de la Comunitat Valenciana y la Regi\u00f3n de Murcia, han lamentado la muerte del socialista, y destacan su \u00abresponsabilidad y sentido de Estado a la hora de defender sus ideas.<\/p>\n<p class=\"L6-news-detail__text\">Los Reyes tambi\u00e9n han lamentado la muerte del expresidente de Extremadura Guillermo Fern\u00e1ndez Vara, a quien se han referido como \u00abun servidor p\u00fablico que hizo del di\u00e1logo <b>su se\u00f1a de identidad, defendiendo siempre sus ideas con convicci\u00f3n<\/b>, pero desde la templanza y la moderaci\u00f3n\u00bb.<\/p>\n<p class=\"L6-news-detail__text\">As\u00ed lo han expresado, destacado adem\u00e1s<b> \u00absu entrega a Extremadura y a sus ciudadanos, tambi\u00e9n al conjunto de los espa\u00f1oles\u00bb<\/b>, al tiempo que han se\u00f1alado su \u00abprofundo sentido de Estado y lealtad a la Constituci\u00f3n y a la monarqu\u00eda\u00bb.<\/p>\n<p class=\"L6-news-detail__text\"><b><a title=\"*Sigue a laSexta en Google. Toda la actualidad y el mejor contenido aqu\u00ed.\" href=\"https:\/\/profile.google.com\/cp\/CgkvbS8wZG5xejA\" target=\"_blank\" rel=\"nofollow noopener\">*Sigue a laSexta en Google. Toda la actualidad y el mejor contenido aqu\u00ed.<\/a><\/b><\/p>\n<p class=\"L6-support-news-video__title\">Y as\u00ed acceder al mercado laboral<\/p>\n<p>            <a href=\"https:\/\/www.lasexta.com\/noticias\/sociedad\/programa-becas-facilita-mujeres-situacion-vulnerabilidad-que-puedan-sacar-carne-conducir-acceder-vehiculo_2025100468e1624e6c793a7e698eb66a.html\" class=\"L6-news__link\" rel=\"nofollow noopener\" target=\"_blank\"><br \/>\n                Un programa de becas facilita a mujeres en situaci\u00f3n de vulnerabilidad que se puedan sacar el carn\u00e9 de conducir y acceder a un veh\u00edculo<\/p>\n<p class=\"recirculation-video-desc\">El contexto Tener carn\u00e9 y coche se ha convertido, en muchos casos, en un requisito laboral, algo de lo que depende aspirar a un empleo o conseguir otro mejor. Sin embargo, hay iniciativas que ayudan a coste\u00e1rselo a quienes no se lo pueden permitir.<\/p>\n<p>            <\/a><\/p>\n","protected":false},"excerpt":{"rendered":"El PSOE llora la muerte de Guillermo Fern\u00e1ndez Vara. De quien fuese uno de sus grandes l\u00edderes y&hellip;\n","protected":false},"author":2,"featured_media":157839,"comment_status":"","ping_status":"","sticky":false,"template":"","format":"standard","meta":{"footnotes":""},"categories":[8],"tags":[17,18,25,24,13,14,11,19,20,9,10,15,16,23,12,21,22],"class_list":{"0":"post-157838","1":"post","2":"type-post","3":"status-publish","4":"format-standard","5":"has-post-thumbnail","7":"category-espana","8":"tag-breaking-news","9":"tag-breakingnews","10":"tag-es","11":"tag-espana","12":"tag-featured-news","13":"tag-featurednews","14":"tag-headlines","15":"tag-latest-news","16":"tag-latestnews","17":"tag-news","18":"tag-noticias","19":"tag-noticias-destacadas","20":"tag-noticiasdestacadas","21":"tag-spain","22":"tag-titulares","23":"tag-ultimas-noticias","24":"tag-ultimasnoticias"},"share_on_mastodon":{"url":"","error":""},"_links":{"self":[{"href":"https:\/\/www.europesays.com\/es\/wp-json\/wp\/v2\/posts\/157838","targetHints":{"allow":["GET"]}}],"collection":[{"href":"https:\/\/www.europesays.com\/es\/wp-json\/wp\/v2\/posts"}],"about":[{"href":"https:\/\/www.europesays.com\/es\/wp-json\/wp\/v2\/types\/post"}],"author":[{"embeddable":true,"href":"https:\/\/www.europesays.com\/es\/wp-json\/wp\/v2\/users\/2"}],"replies":[{"embeddable":true,"href":"https:\/\/www.europesays.com\/es\/wp-json\/wp\/v2\/comments?post=157838"}],"version-history":[{"count":0,"href":"https:\/\/www.europesays.com\/es\/wp-json\/wp\/v2\/posts\/157838\/revisions"}],"wp:featuredmedia":[{"embeddable":true,"href":"https:\/\/www.europesays.com\/es\/wp-json\/wp\/v2\/media\/157839"}],"wp:attachment":[{"href":"https:\/\/www.europesays.com\/es\/wp-json\/wp\/v2\/media?parent=157838"}],"wp:term":[{"taxonomy":"category","embeddable":true,"href":"https:\/\/www.europesays.com\/es\/wp-json\/wp\/v2\/categories?post=157838"},{"taxonomy":"post_tag","embeddable":true,"href":"https:\/\/www.europesays.com\/es\/wp-json\/wp\/v2\/tags?post=157838"}],"curies":[{"name":"wp","href":"https:\/\/api.w.org\/{rel}","templated":true}]}}