{"id":157840,"date":"2025-10-05T10:40:09","date_gmt":"2025-10-05T10:40:09","guid":{"rendered":"https:\/\/www.europesays.com\/es\/157840\/"},"modified":"2025-10-05T10:40:09","modified_gmt":"2025-10-05T10:40:09","slug":"dia-mundial-de-los-docentes-2025-la-voz-del-profesorado-debe-al-fin-ser-escuchada","status":"publish","type":"post","link":"https:\/\/www.europesays.com\/es\/157840\/","title":{"rendered":"D\u00eda Mundial de los Docentes 2025: la voz del profesorado debe al fin ser escuchada"},"content":{"rendered":"<p>&#13;<br \/>\n&#13;<\/p>\n<p style=\"text-align: justify;\">\u00a0<\/p>\n<p>&#13;<br \/>\n&#13;<\/p>\n<p style=\"text-align: justify;\">\u00a0 \u00a0 \u00a0 Este 5 de octubre celebramos el <strong>D\u00eda Mundial de los Docentes<\/strong>, que este a\u00f1o lleva por lema de la UNESCO: \u201cLa colaboraci\u00f3n es clave para que los docentes prosperen\u201d. Un mensaje que recuerda algo evidente para quienes vivimos cada d\u00eda en las aulas: sin apoyo real, recursos adecuados y condiciones dignas, la educaci\u00f3n no puede avanzar.<\/p>\n<p>&#13;<br \/>\n&#13;<\/p>\n<p style=\"text-align: justify;\">\u00a0 \u00a0 \u00a0La\u00a0<strong>Cumbre Mundial de la UNESCO sobre Docentes\u00a0<\/strong>alert\u00f3 de que el mundo necesitar\u00e1<strong>\u00a044 millones de docentes adicionales de aqu\u00ed a 2030<\/strong> para garantizar el derecho a una educaci\u00f3n de calidad. Esa cifra refleja lo que ya sentimos en Espa\u00f1a y ANPE sigue evidenciando: <strong>faltan medidas valientes que sit\u00faen al profesorado en el centro del sistema.<\/strong><\/p>\n<p>&#13;<br \/>\n&#13;<\/p>\n<p style=\"text-align: justify;\">\u00a0 \u00a0 \u00a0Desde ANPE creemos que este d\u00eda no es solo para <strong>celebrar<\/strong> nuestra labor, sino tambi\u00e9n para <strong>reivindicar lo<\/strong> <strong>que necesitamos como docentes<\/strong>:<\/p>\n<p>&#13;<br \/>\n&#13;<\/p>\n<ul>&#13;<\/p>\n<li style=\"text-align: justify;\"><strong>Un pacto educativo estable o un acuerdo de m\u00ednimos<\/strong>, que d\u00e9 continuidad al sistema y acabe con las leyes educativas cambiantes con cada gobierno.<\/li>\n<p>&#13;<\/p>\n<li style=\"text-align: justify;\"><strong>Un Estatuto Docente real<\/strong>, que regule nuestra formaci\u00f3n, acceso, carrera profesional, reconocimiento entre otros aspectos.<\/li>\n<p>&#13;<\/p>\n<li style=\"text-align: justify;\"><strong>Menos burocracia y m\u00e1s tiempo para ense\u00f1ar<\/strong>, porque nuestro lugar est\u00e1 con el alumnado, no en los despachos.<\/li>\n<p>&#13;<\/p>\n<li style=\"text-align: justify;\"><strong>Mejores condiciones laborales y recuperaci\u00f3n del poder adquisitivo<\/strong>, perdido desde 2010.<\/li>\n<p>&#13;<\/p>\n<li style=\"text-align: justify;\"><strong>Centros bien equipados y con recursos humanos suficientes<\/strong> (orientadores, especialistas, personal de apoyo) para atender a centros cada vez m\u00e1s diversos.<\/li>\n<p>&#13;<\/p>\n<li style=\"text-align: justify;\"><strong>Espacios para el desarrollo profesional<\/strong> que fomenten la innovaci\u00f3n y el acompa\u00f1amiento docente.<\/li>\n<p>&#13;\n<\/ul>\n<p>&#13;<br \/>\n&#13;<\/p>\n<p style=\"text-align: justify;\">\u00a0 \u00a0 \u00a0Los docentes no solo transmitimos conocimientos: <strong>construimos ciudadan\u00eda, fomentamos la igualdad y acompa\u00f1amos procesos personales<\/strong> que marcan la vida de nuestro alumnado.Pero tambi\u00e9n queremos dejar claro que la sociedad y las instituciones deben correspondernos con hechos. <strong>Reconocer al profesorado no puede quedarse en solo palabras: hacen falta pol\u00edticas reales, recursos sostenidos y respeto a nuestra voz profesional.<\/strong><\/p>\n<p>&#13;<br \/>\n&#13;<\/p>\n<p style=\"text-align: justify;\">\u00a0 \u00a0 \u00a0En este 5 de octubre, <strong>desde ANPE queremos agradecer la dedicaci\u00f3n diaria del profesorado, su compromiso con la ense\u00f1anza p\u00fablica y su capacidad para resistir, innovar y adaptarse incluso en contextos dif\u00edciles. Por ellos, reiteramos nuestro compromiso con la defensa de la ense\u00f1anza p\u00fablica y con la dignificaci\u00f3n de la profesi\u00f3n docente. Porque solo si el profesorado prospera, la educaci\u00f3n prospera.<\/strong><\/p>\n<p>&#13;<br \/>\n&#13;<\/p>\n<p style=\"text-align: justify;\">\u00a0<\/p>\n<p>&#13;<br \/>\n&#13;<\/p>\n<p style=\"text-align: justify;\">\u00a0<\/p>\n<p>&#13;<br \/>\n&#13;<\/p>\n<p style=\"text-align: justify;\">\u00a0<\/p>\n<p>&#13;<br \/>\n&#13;<\/p>\n","protected":false},"excerpt":{"rendered":"&#13; &#13; \u00a0 &#13; &#13; \u00a0 \u00a0 \u00a0 Este 5 de octubre celebramos el D\u00eda Mundial de los&hellip;\n","protected":false},"author":2,"featured_media":157841,"comment_status":"","ping_status":"","sticky":false,"template":"","format":"standard","meta":{"footnotes":""},"categories":[5],"tags":[17,18,47069,25,24,13,14,11,19,20,9,10,15,16,23,12,21,22],"class_list":{"0":"post-157840","1":"post","2":"type-post","3":"status-publish","4":"format-standard","5":"has-post-thumbnail","7":"category-titulares","8":"tag-breaking-news","9":"tag-breakingnews","10":"tag-dia-mundial-de-los-docentes-2025-la-voz-del-profesorado-debe-al-fin-ser-escuchada","11":"tag-es","12":"tag-espana","13":"tag-featured-news","14":"tag-featurednews","15":"tag-headlines","16":"tag-latest-news","17":"tag-latestnews","18":"tag-news","19":"tag-noticias","20":"tag-noticias-destacadas","21":"tag-noticiasdestacadas","22":"tag-spain","23":"tag-titulares","24":"tag-ultimas-noticias","25":"tag-ultimasnoticias"},"share_on_mastodon":{"url":"","error":""},"_links":{"self":[{"href":"https:\/\/www.europesays.com\/es\/wp-json\/wp\/v2\/posts\/157840","targetHints":{"allow":["GET"]}}],"collection":[{"href":"https:\/\/www.europesays.com\/es\/wp-json\/wp\/v2\/posts"}],"about":[{"href":"https:\/\/www.europesays.com\/es\/wp-json\/wp\/v2\/types\/post"}],"author":[{"embeddable":true,"href":"https:\/\/www.europesays.com\/es\/wp-json\/wp\/v2\/users\/2"}],"replies":[{"embeddable":true,"href":"https:\/\/www.europesays.com\/es\/wp-json\/wp\/v2\/comments?post=157840"}],"version-history":[{"count":0,"href":"https:\/\/www.europesays.com\/es\/wp-json\/wp\/v2\/posts\/157840\/revisions"}],"wp:featuredmedia":[{"embeddable":true,"href":"https:\/\/www.europesays.com\/es\/wp-json\/wp\/v2\/media\/157841"}],"wp:attachment":[{"href":"https:\/\/www.europesays.com\/es\/wp-json\/wp\/v2\/media?parent=157840"}],"wp:term":[{"taxonomy":"category","embeddable":true,"href":"https:\/\/www.europesays.com\/es\/wp-json\/wp\/v2\/categories?post=157840"},{"taxonomy":"post_tag","embeddable":true,"href":"https:\/\/www.europesays.com\/es\/wp-json\/wp\/v2\/tags?post=157840"}],"curies":[{"name":"wp","href":"https:\/\/api.w.org\/{rel}","templated":true}]}}