{"id":157844,"date":"2025-10-05T10:42:07","date_gmt":"2025-10-05T10:42:07","guid":{"rendered":"https:\/\/www.europesays.com\/es\/157844\/"},"modified":"2025-10-05T10:42:07","modified_gmt":"2025-10-05T10:42:07","slug":"la-ilp-para-acabar-con-el-blindaje-legal-de-la-tauromaquia-llega-al-pleno-del-congreso","status":"publish","type":"post","link":"https:\/\/www.europesays.com\/es\/157844\/","title":{"rendered":"La ILP para acabar con el blindaje legal de la tauromaquia llega al Pleno del Congreso"},"content":{"rendered":"<p data-gtm-element-container=\"modulo-texto-link\" class=\"paragraph\">Auspiciada por los socios de Pedro S\u00e1nchez, la iniciativa genera divisi\u00f3n en el PSOE, aunque los socialistas permitir\u00e1n tramitarla\n\t\t\t\t<\/p>\n<p data-gtm-element-container=\"modulo-texto-link\" class=\"paragraph\">MADRID, 5 (EUROPA PRESS)\n\t\t\t\t<\/p>\n<p data-gtm-element-container=\"modulo-texto-link\" class=\"paragraph\">El Pleno del Congreso debatir\u00e1 y votar\u00e1 este martes la Iniciativa Legislativa Popular (ILP) promovida para acabar con el blindaje legal de la tauromaquia y dejar de considerarla patrimonio cultural, un texto que recab\u00f3 m\u00e1s de 700.000 firmas de ciudadanos y que cuenta con el respaldo de buena parte de los socios parlamentarios del PSOE.\n\t\t\t\t<\/p>\n<p data-gtm-element-container=\"modulo-texto-link\" class=\"paragraph\">Los promotores de esta iniciativa ciudadana &#8216;No es mi cultura&#8217;, que representan a unas 200 asociaciones animalistas, entregaron el pasado mes de febrero en el Congreso un total de 715.606 firmas para instar a la derogaci\u00f3n de la Ley 18\/2013, que delimita la tauromaquia como parte del patrimonio cultural digno de protecci\u00f3n en todo el territorio nacional. La plataforma destaca que son un 32,91% m\u00e1s que las firmas conseguidas por la ILP taurina de 2012 que declar\u00f3 la tauromaquia como Patrimonio Cultural, que entreg\u00f3 500.165 firmas validadas.\n\t\t\t\t<\/p>\n<p data-gtm-element-container=\"modulo-texto-link\" class=\"paragraph\">Despu\u00e9s de que la Junta Electoral Central (JEC) comunicara a la Presidencia del Congreso de los Diputados que ese tr\u00e1mite se complet\u00f3 positivamente, seis meses despu\u00e9s el asunto aterrizar\u00e1 en el Pleno del Congreso, donde se debatir\u00e1 y votar\u00e1 su toma en consideraci\u00f3n.\n\t\t\t\t<\/p>\n<p data-gtm-element-container=\"modulo-texto-link\" class=\"paragraph\">PP Y VOX, EN CONTRA<\/p>\n<p data-gtm-element-container=\"modulo-texto-link\" class=\"paragraph\">El PP y Vox se han mostrado abiertamente en contra de esta iniciativa ciudadana, mientras que en el PSOE hay distintas posiciones y en las comunidades de tradici\u00f3n taurina hay un rechazo soterrado.\n\t\t\t\t<\/p>\n<p data-gtm-element-container=\"modulo-texto-link\" class=\"paragraph\">Por contra, detr\u00e1s de la ILP est\u00e1 buena parte de los aliados parlamentarios de los socialistas, como Sumar, IU, M\u00e1s Madrid, Podemos, ERC, Junts, Verdes Equo, Alianza Verde y el PACMA, entre otras formaciones.\n\t\t\t\t<\/p>\n<p data-gtm-element-container=\"modulo-texto-link\" class=\"paragraph\">El pasado 23 de septiembre, la abogada Cristina Ib\u00e1\u00f1ez, integrante de la Comisi\u00f3n Promotora de la ILP &#8216;No Es Mi Cultura&#8217;, acud\u00eda a la Comisi\u00f3n de Cultura del Congreso para presentar esta iniciativa que, seg\u00fan defendi\u00f3, \u201cno representa solamente una demanda \u00e9tica, sino tambi\u00e9n una propuesta legal, razonable y profundamente democr\u00e1tica\u201d.\n\t\t\t\t<\/p>\n<p data-gtm-element-container=\"modulo-texto-link\" class=\"paragraph\">Seg\u00fan Ib\u00e1\u00f1ez, con la derogaci\u00f3n de la Ley 18\/2013 para retirar la tauromaquia del Patrimonio Cultural de Espa\u00f1a, se busca que las comunidades y municipios tengan competencia sobre esta materia y puedan decidir si autorizan o proh\u00edben las corridas de toros y otros espect\u00e1culos taurinos.\n\t\t\t\t<\/p>\n<p data-gtm-element-container=\"modulo-texto-link\" class=\"paragraph\">S\u00c1NCHEZ DIJO QUE NO SE PROHIBIR\u00cdA<\/p>\n<p data-gtm-element-container=\"modulo-texto-link\" class=\"paragraph\">A falta de su debate en el Pleno, la promotora de la ILP recab\u00f3 el apoyo del PSOE para su admisi\u00f3n a tr\u00e1mite porque, seg\u00fan verbaliz\u00f3 su portavoz en la Comisi\u00f3n de Cultura, Marc Lamu\u00e1, los socialistas no har\u00edan \u201co\u00eddos sordos\u201d a la tarea de \u201cm\u00e1s de 3.000 voluntarios y m\u00e1s de 715.000 firmas por lo que representan\u201d.\n\t\t\t\t<\/p>\n<p data-gtm-element-container=\"modulo-texto-link\" class=\"paragraph\">El l\u00edder del PSOE y presidente del Gobierno, Pedro S\u00e1nchez, siempre ha confesado que no le gustan los toros, si bien el a\u00f1o pasado, cuando surgi\u00f3 la pol\u00e9mica por la supresi\u00f3n del Premio Nacional de Tauromaquia por parte del Ministerio de Cultura, que capitanea Ernest Urtasun (Sumar), asegur\u00f3 que en esta legislatura no se prohibir\u00eda.\n\t\t\t\t<\/p>\n<p data-gtm-element-container=\"modulo-texto-link\" class=\"paragraph\">Y es que el seno del PSOE las sensibilidades sobre la tauromaquia son bien distintas, por lo que est\u00e1 en el aire que la ILP antitaurina, en caso de aprobarse su tr\u00e1mite, acabe consiguiendo el objetivo que persigue.\n\t\t\t\t<\/p>\n<p data-gtm-element-container=\"modulo-texto-link\" class=\"paragraph\">Mientras que el presidente catal\u00e1n, Salvador Illa, o el ministro de Transportes, \u00d3scar Puente, comparten la misma opini\u00f3n que el jefe del Ejecutivo &#8211;Puente sostiene que los toros van \u201ccamino de la irrelevancia\u201d&#8211;, hay otras voces en el PSOE, como la de la ahora presidenta del Consejo de Estado, Carmen Calvo, reconocida aficionada taurina, que considera que los toros acabar\u00e1n o no alg\u00fan d\u00eda pero deber\u00eda ser \u201cpor una v\u00eda no impuesta\u201d.\n\t\t\t\t<\/p>\n<p data-gtm-element-container=\"modulo-texto-link\" class=\"paragraph\">PAGE O ANDUEZA LO CONSIDERAN UN \u201cARTE\u201d<\/p>\n<p data-gtm-element-container=\"modulo-texto-link\" class=\"paragraph\">De su lado, el PSOE andaluz aprob\u00f3 hace unos meses una iniciativa en apoyo a la tauromaquia, a ra\u00edz de la pol\u00e9mica de la supresi\u00f3n del Premio Nacional de Tauromaquia, y uno de sus senadores, el gaditano Alfonso Moscoso, defendi\u00f3 recientemente la tauromaquia como \u201cun arte, un rito cargado de un fuerte sentido simb\u00f3lico\u201d que convierte la \u201cfiesta\u201d en \u201cun elemento cultural y art\u00edstico de valor patrimonial que trasciende el propio valor del toro\u201d.\n\t\t\t\t<\/p>\n<p data-gtm-element-container=\"modulo-texto-link\" class=\"paragraph\">En la misma l\u00ednea de los socialistas andaluces se vienen expresando barones socialistas, como el castellanomanchego Emiliano Garc\u00eda-Page o el vasco Eneko Andueza, declarados taurinos, que tambi\u00e9n defienden el festejo.\n\t\t\t\t<\/p>\n<p data-gtm-element-container=\"modulo-texto-link\" class=\"paragraph\">Por su parte, el PSOE de Castilla y Le\u00f3n cree que es \u201cun gran error\u201d utilizar la tauromaquia para \u201chacer pol\u00edtica entre partidos\u201d y que, por ello, no iba a patrimonializar ni demonizar \u201ca quienes piensan diferente\u201d, mientras que los socialistas extreme\u00f1os apoyaron hace unos meses una iniciativa para declarar la tauromaquia como Bien de Inter\u00e9s Cultural, tambi\u00e9n despu\u00e9s de la controvertida decisi\u00f3n de Urtasun.\n\t\t\t\t<\/p>\n","protected":false},"excerpt":{"rendered":"Auspiciada por los socios de Pedro S\u00e1nchez, la iniciativa genera divisi\u00f3n en el PSOE, aunque los socialistas permitir\u00e1n&hellip;\n","protected":false},"author":2,"featured_media":157845,"comment_status":"","ping_status":"","sticky":false,"template":"","format":"standard","meta":{"footnotes":""},"categories":[277],"tags":[373,168,25,24,23,167,374],"class_list":{"0":"post-157844","1":"post","2":"type-post","3":"status-publish","4":"format-standard","5":"has-post-thumbnail","7":"category-toreo","8":"tag-bullfighting","9":"tag-deportes","10":"tag-es","11":"tag-espana","12":"tag-spain","13":"tag-sports","14":"tag-toreo"},"share_on_mastodon":{"url":"","error":""},"_links":{"self":[{"href":"https:\/\/www.europesays.com\/es\/wp-json\/wp\/v2\/posts\/157844","targetHints":{"allow":["GET"]}}],"collection":[{"href":"https:\/\/www.europesays.com\/es\/wp-json\/wp\/v2\/posts"}],"about":[{"href":"https:\/\/www.europesays.com\/es\/wp-json\/wp\/v2\/types\/post"}],"author":[{"embeddable":true,"href":"https:\/\/www.europesays.com\/es\/wp-json\/wp\/v2\/users\/2"}],"replies":[{"embeddable":true,"href":"https:\/\/www.europesays.com\/es\/wp-json\/wp\/v2\/comments?post=157844"}],"version-history":[{"count":0,"href":"https:\/\/www.europesays.com\/es\/wp-json\/wp\/v2\/posts\/157844\/revisions"}],"wp:featuredmedia":[{"embeddable":true,"href":"https:\/\/www.europesays.com\/es\/wp-json\/wp\/v2\/media\/157845"}],"wp:attachment":[{"href":"https:\/\/www.europesays.com\/es\/wp-json\/wp\/v2\/media?parent=157844"}],"wp:term":[{"taxonomy":"category","embeddable":true,"href":"https:\/\/www.europesays.com\/es\/wp-json\/wp\/v2\/categories?post=157844"},{"taxonomy":"post_tag","embeddable":true,"href":"https:\/\/www.europesays.com\/es\/wp-json\/wp\/v2\/tags?post=157844"}],"curies":[{"name":"wp","href":"https:\/\/api.w.org\/{rel}","templated":true}]}}