{"id":157850,"date":"2025-10-05T10:52:09","date_gmt":"2025-10-05T10:52:09","guid":{"rendered":"https:\/\/www.europesays.com\/es\/157850\/"},"modified":"2025-10-05T10:52:09","modified_gmt":"2025-10-05T10:52:09","slug":"el-escritor-oscar-de-los-reyes-saca-a-la-luz-su-nueva-novela-rastro-de-sangre","status":"publish","type":"post","link":"https:\/\/www.europesays.com\/es\/157850\/","title":{"rendered":"El escritor \u00d3scar de los Reyes saca a la luz su nueva novela, &#8216;Rastro de Sangre&#8217;"},"content":{"rendered":"<p>En 2024, en la <strong>Feria del Libro de M\u00e9rida<\/strong>, <strong>\u00d3scar de los Reyes<\/strong> present\u00f3 a los lectores \u00e1vidos de novela hist\u00f3rica su<strong> &#8216;<\/strong> &#8230; <strong>Biblia Escarlata&#8217;<\/strong>, un atrapador y \u00e1gil relato sobre la Flandes del XVII con protagonismo tambi\u00e9n para Zafra. En esta semana, este<strong> abogado y escritor <\/strong><strong>nacido en Cabeza del Buey<\/strong> y <strong>residente en la capital de Extremadura desde hace quince a\u00f1os<\/strong> lanza una <strong>nueva publicaci\u00f3n, &#8216;Rastro de Sangre&#8217;<\/strong>, ahora centrada en el Madrid de los Austrias. Un nuevo thriller hist\u00f3rico que se presenta oficialmente el pr\u00f3ximo jueves, d\u00eda 9. Ha sido<strong> editado por Penguin<\/strong> Random House Grupo Editorial, bajo su sello Ediciones B. <\/p>\n<p class=\"v-p\">De los Reyes, de 48 a\u00f1os, empez\u00f3 a ser conocido por el gran p\u00fablico por una de sus ya ocho novelas, <a href=\"https:\/\/www.hoy.es\/prensa\/20061223\/sociedad\/oscar-reyes-critica-sociedad_20061223.html\" target=\"_self\" data-voc-vtm-id=\"in-text-traffic\" title=\"&#039;Milicianas del hogar&#039;.\" data-mrf-link=\"www.hoy.es\" rel=\"nofollow noopener\">&#8216;Milicianas del hogar&#8217;.<\/a> Licenciado en Derecho por la Universidad de Extremadura y diplomado en Derecho comunitario europeo por la Escuela de Derecho y Econom\u00eda de Madrid. Adem\u00e1s, tiene un m\u00e1ster en Escritura y narraci\u00f3n creativa por la Sociedad Espa\u00f1ola de Formaci\u00f3n de Lleida. <\/p>\n<p class=\"v-p\">Es <strong>secretario interventor en el Ayuntamiento de Calzadilla de los Barros<\/strong>, enamorado de la <strong>pluma de Gabriel Garc\u00eda M\u00e1rquez<\/strong>, ha creado una nueva novela entre estancia habitual en M\u00e9rida y sus desplazamientos a Calzadilla para escribir un &#8216;Rastro de Sangre&#8217; que se ubica en el mismo siglo que su novela anterior pero s\u00ed se escenario.<\/p>\n<p><img decoding=\"async\" loading=\"lazy\" src=\"https:\/\/www.europesays.com\/es\/wp-content\/uploads\/2025\/10\/BS82794_rastrodesangre_cubierta_alta-U07737488586Ikk-650x975@Hoy.jpg\" class=\"v-a-img\" width=\"650\" height=\"975\" alt=\"Cubierta de la novela 'Rastro de sangre', de \u00d3scar de los Reyes.\" data-voc-vtm-id=\"in-text-traffic\"\/><\/p>\n<p>Cubierta de la novela &#8216;Rastro de sangre&#8217;, de \u00d3scar de los Reyes.<\/p>\n<p>HOY<\/p>\n<p class=\"v-p\">Se desarrolla durante el reinado de los Austrias, cuando Espa\u00f1a era la cabeza del mayor imperio de Occidente de su \u00e9poca. A finales del Siglo de Oro, en el per\u00edodo de la muerte de Felipe IV y la subida al trono de su hijo Carlos II, El Hechizado. <\/p>\n<p class=\"v-p\">El escritor extreme\u00f1o nos sumerge en las calles empedradas del Madrid del sigo XVII \u00aba trav\u00e9s de la crueldad de un asesino capaz de acabar con un reino\u00bb, anticipa sin poder dar m\u00e1s detalles. Para conocerlos hay que esperar al lanzamiento de su novela. <\/p>\n<p class=\"v-p\">El autor advierte al lector que esta novela no le dejar\u00e1 indiferente. \u00abSexo, religi\u00f3n, sangre, intriga&#8230; Sacar\u00e1 lo mejor, pero tambi\u00e9n lo peor de cada lector. Sembrar\u00e1 la inquietud y la incertidumbre sobre uno mismo, agitando sus conciencias y aflorando en ellos sentimientos y pasiones que ni siquiera sab\u00edan que pod\u00edan tener\u00bb, sostiene el escritor afincado en la ciudad de M\u00e9rida.<\/p>\n<p class=\"v-p\">Adem\u00e1s de &#8216;La Biblia Escarlata&#8217; (2023) y ahora &#8216;Rastro de Sangre&#8217;, \u00d3scar de los Reyes es autor de otras seis novelas con anterioridad: &#8216;Milicianas del hogar&#8217; (2004), &#8216;Sue\u00f1os -de un amanecer roto-&#8216; (2006), &#8216;La victoria de los mansos&#8217; (2010), &#8216;La memoria imperfecta&#8217; (2011), &#8216;La hermandad de los condenados&#8217; (2013) y &#8216;El buscador de caracolas&#8217; (2018).<\/p>\n","protected":false},"excerpt":{"rendered":"En 2024, en la Feria del Libro de M\u00e9rida, \u00d3scar de los Reyes present\u00f3 a los lectores \u00e1vidos&hellip;\n","protected":false},"author":2,"featured_media":157851,"comment_status":"","ping_status":"","sticky":false,"template":"","format":"standard","meta":{"footnotes":""},"categories":[172],"tags":[224,146,147,25,5235,24,225,1875,1645,795,2789,6998,3051,12850,13967,23],"class_list":{"0":"post-157850","1":"post","2":"type-post","3":"status-publish","4":"format-standard","5":"has-post-thumbnail","7":"category-libros","8":"tag-books","9":"tag-entertainment","10":"tag-entretenimiento","11":"tag-es","12":"tag-escritor","13":"tag-espana","14":"tag-libros","15":"tag-luz","16":"tag-novela","17":"tag-nueva","18":"tag-oscar","19":"tag-rastro","20":"tag-reyes","21":"tag-saca","22":"tag-sangre","23":"tag-spain"},"share_on_mastodon":{"url":"","error":""},"_links":{"self":[{"href":"https:\/\/www.europesays.com\/es\/wp-json\/wp\/v2\/posts\/157850","targetHints":{"allow":["GET"]}}],"collection":[{"href":"https:\/\/www.europesays.com\/es\/wp-json\/wp\/v2\/posts"}],"about":[{"href":"https:\/\/www.europesays.com\/es\/wp-json\/wp\/v2\/types\/post"}],"author":[{"embeddable":true,"href":"https:\/\/www.europesays.com\/es\/wp-json\/wp\/v2\/users\/2"}],"replies":[{"embeddable":true,"href":"https:\/\/www.europesays.com\/es\/wp-json\/wp\/v2\/comments?post=157850"}],"version-history":[{"count":0,"href":"https:\/\/www.europesays.com\/es\/wp-json\/wp\/v2\/posts\/157850\/revisions"}],"wp:featuredmedia":[{"embeddable":true,"href":"https:\/\/www.europesays.com\/es\/wp-json\/wp\/v2\/media\/157851"}],"wp:attachment":[{"href":"https:\/\/www.europesays.com\/es\/wp-json\/wp\/v2\/media?parent=157850"}],"wp:term":[{"taxonomy":"category","embeddable":true,"href":"https:\/\/www.europesays.com\/es\/wp-json\/wp\/v2\/categories?post=157850"},{"taxonomy":"post_tag","embeddable":true,"href":"https:\/\/www.europesays.com\/es\/wp-json\/wp\/v2\/tags?post=157850"}],"curies":[{"name":"wp","href":"https:\/\/api.w.org\/{rel}","templated":true}]}}