{"id":157854,"date":"2025-10-05T10:58:09","date_gmt":"2025-10-05T10:58:09","guid":{"rendered":"https:\/\/www.europesays.com\/es\/157854\/"},"modified":"2025-10-05T10:58:09","modified_gmt":"2025-10-05T10:58:09","slug":"meghan-markle-la-invitada-estrella-del-desfile-de-balenciaga-en-paris","status":"publish","type":"post","link":"https:\/\/www.europesays.com\/es\/157854\/","title":{"rendered":"Meghan Markle, la invitada estrella del desfile de Balenciaga en Par\u00eds"},"content":{"rendered":"<p data-journey-content=\"true\" data-node-id=\"2\" class=\"css-6wxqfj emevuu60\">\u00bf<strong data-node-id=\"2.1\"><a href=\"https:\/\/www.elle.com\/es\/living\/a64124668\/meghan-markle-netflix-haters\/\" data-vars-ga-outbound-link=\"https:\/\/www.elle.com\/es\/living\/a64124668\/meghan-markle-netflix-haters\/\" data-vars-ga-ux-element=\"Hyperlink\" data-vars-ga-call-to-action=\"Meghan Markle\" data-node-id=\"2.1.0\" class=\"body-link css-103hk4r emevuu60\" rel=\"nofollow noopener\" target=\"_blank\">Meghan Markle<\/a> en <a href=\"https:\/\/www.elle.com\/es\/star-style\/el-estilo-de\/g68151403\/invitadas-mejor-vestidas-desfile-dior-debut-jonathan-anderson-semana-moda-paris\/\" data-vars-ga-outbound-link=\"https:\/\/www.elle.com\/es\/star-style\/el-estilo-de\/g68151403\/invitadas-mejor-vestidas-desfile-dior-debut-jonathan-anderson-semana-moda-paris\/\" data-vars-ga-ux-element=\"Hyperlink\" data-vars-ga-call-to-action=\"la Semana de la Moda de Par\u00eds\" data-node-id=\"2.1.2\" class=\"body-link css-103hk4r emevuu60\" rel=\"nofollow noopener\" target=\"_blank\">la Semana de la Moda de Par\u00eds<\/a><\/strong>? Lo sabemos, suena poco cre\u00edble, pero es cierto, y ha dejado las expectativas muy altas a todas las invitadas VIP que la siguen. <\/p>\n<p data-journey-content=\"true\" data-node-id=\"3\" class=\"css-6wxqfj emevuu60\">La duquesa de Sussex sorprendi\u00f3 anoche al mundo entero cuando apareci\u00f3 en<strong data-node-id=\"3.1\"> <a href=\"https:\/\/www.elle.com\/es\/pasarelas\/primavera-verano-2026\/g68828100\/balenciaga-p-rd-r\/\" data-vars-ga-outbound-link=\"https:\/\/www.elle.com\/es\/pasarelas\/primavera-verano-2026\/g68828100\/balenciaga-p-rd-r\/\" data-vars-ga-ux-element=\"Hyperlink\" data-vars-ga-call-to-action=\"el desfile de Balenciaga\" data-node-id=\"3.1.1\" class=\"body-link css-103hk4r emevuu60\" rel=\"nofollow noopener\" target=\"_blank\">el desfile de Balenciaga<\/a><\/strong> durante el debut de Pierpaolo Piccioli como director creativo de la marca. Un evento hist\u00f3rico en la industria de la moda al que no quisieron faltar importantes figuras de la talla de Anne Hathaway, Marta Ortega, Georgina Rodr\u00edguez o Philippine Leroy-Beaulieu, entre muchas otras.<\/p>\n<p data-journey-content=\"true\" data-node-id=\"4\" class=\"css-6wxqfj emevuu60\">Pero ojo, porque si <strong data-node-id=\"4.1\">el &#8216;front row&#8217;<\/strong> ya parec\u00eda inmejorable, de repente, Meghan Markle lo elev\u00f3 a otros niveles. Y es que, no, jam\u00e1s nos hubi\u00e9ramos imaginado a la mujer del pr\u00edncipe Harry presidiendo la primera fila de uno de los desfiles m\u00e1s ic\u00f3nicos de todos los tiempos. Pero el resultado ha sido espectacular.<\/p>\n<p>Meghan Markle, la inesperada invitada estrella del desfile de Balenciaga en Paris Fashion Week<\/p>\n<p data-journey-content=\"true\" data-node-id=\"7\" class=\"css-6wxqfj emevuu60\">Tras alrededor de tres a\u00f1os sin aparecer por Europa \u2014la \u00faltima vez fue en el funeral de Isabel II\u2014, Markle derroch\u00f3 elegancia como la que m\u00e1s en Par\u00eds con un radiante<strong data-node-id=\"7.1\"> <a href=\"https:\/\/www.elle.com\/es\/moda\/compras-elle\/a64564348\/conjuntos-coordinados-comodos-elegantes\/\" data-vars-ga-outbound-link=\"https:\/\/www.elle.com\/es\/moda\/compras-elle\/a64564348\/conjuntos-coordinados-comodos-elegantes\/\" data-vars-ga-ux-element=\"Hyperlink\" data-vars-ga-call-to-action=\"conjunto coordinado\" data-node-id=\"7.1.1\" class=\"body-link css-103hk4r emevuu60\" rel=\"nofollow noopener\" target=\"_blank\">conjunto coordinado<\/a> en color blanco<\/strong> con claro gui\u00f1o a Balenciaga: <strong data-node-id=\"7.3\">la capa sobre los hombros.  <\/strong><\/p>\n<p><img draggable=\"true\" alt=\"meghan markle desfile balenciaga paris fashion week\" title=\"meghan markle desfile balenciaga paris fashion week\" loading=\"lazy\" width=\"3275\" height=\"4913\" decoding=\"async\" data-nimg=\"1\" style=\"color:transparent;width:100%;height:auto;\"   src=\"https:\/\/www.europesays.com\/es\/wp-content\/uploads\/2025\/10\/meghan-markle-desfile-balenciaga-paris-fashion-week-elle-1-2-68e2415ee0127.jpg\" class=\"css-0 e1g79fud0\"\/><a target=\"_blank\" rel=\"noopener nofollow\" data-theme-key=\"base-link\" href=\"https:\/\/pinterest.com\/pin\/create\/button\/?url=https:\/\/www.elle.com\/es\/star-style\/noticias-famosos\/a68831661\/meghan-markle-desfile-balenciaga-paris-fashion-week\/&amp;description=- ElleSpain&amp;media=https:\/\/hips.hearstapps.com\/hmg-prod\/images\/meghan-markle-desfile-balenciaga-paris-fashion-week-elle-1-2-68e2415ee0127.jpg?resize=1600:*\" class=\"pinterest css-on9hn5 e1c1bym14\"><img decoding=\"async\" data-dynamic-svg=\"true\" src=\"https:\/\/www.elle.com\/_assets\/design-tokens\/fre\/static\/icons\/social\/pinterest.e8cf655.svg?primary=%2523ffffff\" loading=\"lazy\" data-testid=\"dynamic-svg-base\" height=\"auto\" width=\"auto\" alt=\"pinterest\" class=\"css-4lml0h e1mlxuuw1\"\/><\/a><\/p>\n<p>Getty Images<\/p>\n<p data-journey-content=\"true\" data-node-id=\"9\" class=\"css-6wxqfj emevuu60\">Glamuroso, sofisticado, radiante&#8230; Podr\u00edamos definir de mil maneras diferentes la propuesta estil\u00edstica de Meghan, y todas ser\u00edan positivas. <\/p>\n<p data-journey-content=\"true\" data-node-id=\"10\" class=\"css-6wxqfj emevuu60\">Esta estaba compuesta por un<strong data-node-id=\"10.1\">a camisa fluida de seda<\/strong>, unos <strong data-node-id=\"10.3\">pantalones anchos <\/strong>y una <strong data-node-id=\"10.5\">capa estructurada<\/strong>. Un conjunto sencillo, aunque impecable, que la alz\u00f3 autom\u00e1ticamente como la invitada m\u00e1s elegante del desfile de Balenciaga. Lo complet\u00f3, adem\u00e1s, con unos salones de tac\u00f3n negros a modo de contraste.<\/p>\n<p>El segundo look de Meghan Markle para la cena de Balenciaga en Par\u00eds<\/p>\n<p data-journey-content=\"true\" data-node-id=\"12\" class=\"css-6wxqfj emevuu60\">No conforme con deslumbrarnos (literalmente) con un estilismo sencillamente perfecto, la duquesa de Sussex quiso ir m\u00e1s all\u00e1 apostando por un segundo &#8216;outfit&#8217; igual de inspirador para la cena posterior al desfile de Balenciaga. Esta vez, Meghan escogi\u00f3 la elegancia de los <strong data-node-id=\"12.1\">&#8216;total looks&#8217; en negro.<\/strong><\/p>\n<p><img draggable=\"true\" alt=\"meghan markle desfile balenciaga paris fashion week\" title=\"meghan markle desfile balenciaga paris fashion week\" loading=\"lazy\" width=\"5464\" height=\"7280\" decoding=\"async\" data-nimg=\"1\" style=\"color:transparent;width:100%;height:auto;\"   src=\"https:\/\/www.europesays.com\/es\/wp-content\/uploads\/2025\/10\/meghan-markle-desfile-balenciaga-paris-fashion-week-elle-2-68e2417c4fc3b.jpg\" class=\"css-0 e1g79fud0\"\/><a target=\"_blank\" rel=\"noopener nofollow\" data-theme-key=\"base-link\" href=\"https:\/\/pinterest.com\/pin\/create\/button\/?url=https:\/\/www.elle.com\/es\/star-style\/noticias-famosos\/a68831661\/meghan-markle-desfile-balenciaga-paris-fashion-week\/&amp;description=- ElleSpain&amp;media=https:\/\/hips.hearstapps.com\/hmg-prod\/images\/meghan-markle-desfile-balenciaga-paris-fashion-week-elle-2-68e2417c4fc3b.jpg?resize=1600:*\" class=\"pinterest css-on9hn5 e1c1bym14\"><img decoding=\"async\" data-dynamic-svg=\"true\" src=\"https:\/\/www.elle.com\/_assets\/design-tokens\/fre\/static\/icons\/social\/pinterest.e8cf655.svg?primary=%2523ffffff\" loading=\"lazy\" data-testid=\"dynamic-svg-base\" height=\"auto\" width=\"auto\" alt=\"pinterest\" class=\"css-4lml0h e1mlxuuw1\"\/><\/a><\/p>\n<p>Arnold Jerocki\/\/Getty Images<\/p>\n<p data-journey-content=\"true\" data-node-id=\"14\" class=\"css-6wxqfj emevuu60\">Ataviada en un elegante <strong data-node-id=\"14.1\">vestido midi fluido<\/strong>, Meghan sali\u00f3 de la cena organizada por Balenciaga dej\u00e1ndonos, de nuevo, boquiabiertos con su decisi\u00f3n estil\u00edstica. Y s\u00ed, a esta tambi\u00e9n le a\u00f1adi\u00f3 una espectacular capa a tono, que decidi\u00f3 lucir sobre los hombros para conseguir ese efecto majestuoso que tanto nos encanta. Estaba impresionante.<\/p>\n<p><img src=\"https:\/\/www.europesays.com\/es\/wp-content\/uploads\/2025\/10\/1759661889_219_5d174fc2-88a3-4418-a5b3-be884db3ec5f_1678984174.file\" alt=\"Headshot of Laura Soria\" title=\"Headshot of Laura Soria\" width=\"100%\" height=\"100%\" decoding=\"async\" loading=\"lazy\" class=\"css-o0wq4v ev8dhu53\"\/><\/p>\n<p>Laura Soria Onieva es experta en moda, tendencias, alfombras rojas y &#8216;celebrities&#8217;. Como apasionada del periodismo y la comunicaci\u00f3n, siempre est\u00e1 atenta a las \u00faltimas novedades del sector. Entiende la moda como una v\u00eda de expresi\u00f3n y siempre busca entender la filosof\u00eda que transmiten los estilismos de las famosas.<\/p>\n<p>La b\u00fasqueda constante de inspiraci\u00f3n la convierte en una prescriptora de futuras tendencias de temporada. As\u00ed, no hay prenda o estilo que se le escape en Instagram y TikTok. Experta en recrear los mejores looks de las famosas e influencers con prendas de las firmas &#8216;low cost&#8217; m\u00e1s exitosas como Zara, Mango, Stradivarius&#8230; As\u00ed como de las firmas espa\u00f1olas que debes tener s\u00ed o s\u00ed en tu radar para que puedas vestir a la \u00faltima. Para ella no hay tendencia imposible: transparencias, aberturas complicadas, brillos, lentejuelas&#8230; Buscar\u00e1 todos los trucos de la mano de las expertas para ense\u00f1ar c\u00f3mo lucirlas sin caer en el error.<\/p>\n<p>Laura Soria se gradu\u00f3 en el doble grado de Periodismo y Comunicaci\u00f3n Audiovisual en la Universidad Rey Juan Carlos y, desde el inicio, ha conseguido experiencia en distintos sectores: radio, televisi\u00f3n, peri\u00f3dico digital&#8230; Actualmente se dedica a la que es su verdadera pasi\u00f3n, el periodismo de moda, como colaboradora de moda y actualidad en la revista ELLE.<\/p>\n<p>Sus constantes ganas de aprender, y su alma inquieta, la han empujado a especializarse a\u00fan m\u00e1s en el mundillo con distintos cursos, destacando el de Marketing Digital y Comunicaci\u00f3n de Moda y Lujo. \u00a0\u00a0<\/p>\n","protected":false},"excerpt":{"rendered":"\u00bfMeghan Markle en la Semana de la Moda de Par\u00eds? Lo sabemos, suena poco cre\u00edble, pero es cierto,&hellip;\n","protected":false},"author":2,"featured_media":157855,"comment_status":"","ping_status":"","sticky":false,"template":"","format":"standard","meta":{"footnotes":""},"categories":[91],"tags":[253,146,147,25,24,23],"class_list":{"0":"post-157854","1":"post","2":"type-post","3":"status-publish","4":"format-standard","5":"has-post-thumbnail","7":"category-entretenimiento","8":"tag-discover","9":"tag-entertainment","10":"tag-entretenimiento","11":"tag-es","12":"tag-espana","13":"tag-spain"},"share_on_mastodon":{"url":"","error":""},"_links":{"self":[{"href":"https:\/\/www.europesays.com\/es\/wp-json\/wp\/v2\/posts\/157854","targetHints":{"allow":["GET"]}}],"collection":[{"href":"https:\/\/www.europesays.com\/es\/wp-json\/wp\/v2\/posts"}],"about":[{"href":"https:\/\/www.europesays.com\/es\/wp-json\/wp\/v2\/types\/post"}],"author":[{"embeddable":true,"href":"https:\/\/www.europesays.com\/es\/wp-json\/wp\/v2\/users\/2"}],"replies":[{"embeddable":true,"href":"https:\/\/www.europesays.com\/es\/wp-json\/wp\/v2\/comments?post=157854"}],"version-history":[{"count":0,"href":"https:\/\/www.europesays.com\/es\/wp-json\/wp\/v2\/posts\/157854\/revisions"}],"wp:featuredmedia":[{"embeddable":true,"href":"https:\/\/www.europesays.com\/es\/wp-json\/wp\/v2\/media\/157855"}],"wp:attachment":[{"href":"https:\/\/www.europesays.com\/es\/wp-json\/wp\/v2\/media?parent=157854"}],"wp:term":[{"taxonomy":"category","embeddable":true,"href":"https:\/\/www.europesays.com\/es\/wp-json\/wp\/v2\/categories?post=157854"},{"taxonomy":"post_tag","embeddable":true,"href":"https:\/\/www.europesays.com\/es\/wp-json\/wp\/v2\/tags?post=157854"}],"curies":[{"name":"wp","href":"https:\/\/api.w.org\/{rel}","templated":true}]}}