{"id":157861,"date":"2025-10-05T11:02:08","date_gmt":"2025-10-05T11:02:08","guid":{"rendered":"https:\/\/www.europesays.com\/es\/157861\/"},"modified":"2025-10-05T11:02:08","modified_gmt":"2025-10-05T11:02:08","slug":"asi-es-la-oferta-de-vueling-para-la-temporada-de-invierno-desde-el-aeropuerto-de-sevilla","status":"publish","type":"post","link":"https:\/\/www.europesays.com\/es\/157861\/","title":{"rendered":"As\u00ed es la oferta de Vueling para la temporada de invierno desde el aeropuerto de Sevilla"},"content":{"rendered":"<p style=\"\">El <strong>aeropuerto de Sevilla<\/strong> contin\u00faa batiendo registros hist\u00f3ricos y las aerol\u00edneas se mueven para aprovechar el momento. <strong>Vueling<\/strong> ha anunciado un <strong>refuerzo de su programaci\u00f3n de invierno<\/strong> en la capital andaluza, con nuevas rutas internacionales y un incremento de frecuencias en destinos  &#8230; estrat\u00e9gicos, coincidiendo con la temporada de mayor movilidad y la campa\u00f1a navide\u00f1a. El movimiento se produce, adem\u00e1s, en un contexto marcado por la reducci\u00f3n de operativa de Ryanair en San Pablo tras su enfrentamiento con Aena por las subidas de tasas aeroportuarias, lo que ha abierto un hueco que la aerol\u00ednea de bajo coste del grupo IAG se ha apresurado a ocupar.<\/p>\n<p class=\"voc-p\" style=\"\">La principal novedad es la apertura de la conexi\u00f3n entre Sevilla y <strong>Essaouira (Marruecos)<\/strong>, que arranc\u00f3 este pasado s\u00e1bado con una frecuencia semanal. A partir del 28 de octubre, coincidiendo con el arranque oficial de la temporada de invierno, la ruta se ampliar\u00e1 a <strong>dos vuelos cada semana,<\/strong> los martes y s\u00e1bados. Essaouira, ciudad declarada Patrimonio de la Humanidad por la Unesco, se incorpora as\u00ed a la red internacional de Sevilla con un enlace directo al exterior desde Andaluc\u00eda occidental.<\/p>\n<p class=\"voc-p\" style=\"\">Al margen de esta incorporaci\u00f3n, la aerol\u00ednea ha dise\u00f1ado una programaci\u00f3n invernal en la que crecen los vuelos con los principales mercados emisores. El puente a\u00e9reo con Barcelona alcanza ya las 48 frecuencias semanales, ocho m\u00e1s que en la temporada anterior, consolidando la conexi\u00f3n con el hub de<strong> El Prat.<\/strong> Tambi\u00e9n suben con fuerza las rutas a las islas: <strong>Tenerife Norte<\/strong> contar\u00e1 con 21 vuelos semanales, 11 m\u00e1s que el invierno pasado; <strong>Gran Canaria,<\/strong> con 17, cinco m\u00e1s; y <strong>Lanzarote<\/strong>, con tres conexiones semanales fijas durante todo el periodo. <strong>Fuerteventura<\/strong> se mantiene con dos enlaces por semana.<\/p>\n<p class=\"voc-p\" style=\"\">En la Pen\u00ednsula, Vueling a\u00f1ade frecuencias hacia <strong>Bilbao<\/strong> (14 semanales, 4 m\u00e1s), <strong>Palma de Mallorca<\/strong> (12, con un aumento de 4), <strong>Santiago de Compostela<\/strong> (8, cinco m\u00e1s) y <strong>Valencia<\/strong>, que sube a cuatro conexiones semanales. En el plano internacional, la mejora se nota en <strong>Londres-Gatwick<\/strong>, que tendr\u00e1 10 vuelos semanales (4 m\u00e1s), y en <strong>Par\u00eds-Charles de Gaulle,<\/strong> con 6 frecuencias. La conexi\u00f3n con <strong>Orly<\/strong> se mantiene con un enlace por semana.<\/p>\n<p class=\"voc-p\" style=\"\">Este refuerzo generalizado responde a la voluntad de la compa\u00f1\u00eda de cubrir la demanda creciente que se registra en San Pablo. El aeropuerto sevillano encadena mes tras mes cifras de r\u00e9cord, con <strong>m\u00e1s de 7,5 millones de pasajeros en el acumulado anual<\/strong> hasta agosto y crecimientos interanuales que superan con holgura el 15%. Estos datos colocan a Sevilla como uno de los aeropuertos que m\u00e1s crece en Espa\u00f1a y refuerzan su papel como motor del turismo y la econom\u00eda en Andaluc\u00eda.<\/p>\n<p>\nCompetencia\n<\/p>\n<p class=\"voc-p\" style=\"\">El movimiento de Vueling llega adem\u00e1s en un contexto de r<strong>eajuste en el mercado local.<\/strong><strong>Ryanair<\/strong> ha reducido rutas y frecuencias en Sevilla tras su pulso con Aena por las tasas aeroportuarias, con cancelaciones que afectan a varios destinos europeos. El hueco dejado por la compa\u00f1\u00eda irlandesa est\u00e1 siendo ocupado por competidores como Vueling, que aprovechan la oportunidad para ganar cuota de mercado en un aeropuerto en plena expansi\u00f3n.<\/p>\n<p class=\"voc-p\" style=\"\">El resultado es una oferta m\u00e1s diversificada para los viajeros, que dispondr\u00e1n de m\u00e1s alternativas durante los <strong>meses de invierno y, especialmente, en el periodo navide\u00f1o<\/strong>, cuando la movilidad se dispara. Tanto los pasajeros de ocio, que buscan escapadas cortas, como los de negocio, que necesitan conexiones fluidas con hubs europeos, encuentran en esta programaci\u00f3n un refuerzo de sus opciones.<\/p>\n<p class=\"voc-p\" style=\"\">Con estas medidas, Vueling se consolida como primer operador en el aeropuerto de Sevilla, con una oferta que refuerza la conectividad con el norte de Espa\u00f1a, las islas, los principales destinos europeos y ahora tambi\u00e9n con el <strong>mercado marroqu\u00ed.<\/strong> Una estrategia que, al mismo tiempo, contribuye al posicionamiento de Sevilla como destino tur\u00edstico internacional en un momento en el que la ciudad bate r\u00e9cords de visitantes y su aeropuerto supera, mes a mes, las cifras m\u00e1s altas de su historia.<\/p>\n","protected":false},"excerpt":{"rendered":"El aeropuerto de Sevilla contin\u00faa batiendo registros hist\u00f3ricos y las aerol\u00edneas se mueven para aprovechar el momento. Vueling&hellip;\n","protected":false},"author":2,"featured_media":157862,"comment_status":"","ping_status":"","sticky":false,"template":"","format":"standard","meta":{"footnotes":""},"categories":[8],"tags":[7351,17,18,25,24,13,14,11,19,20,2660,9,10,15,16,3703,8341,1171,23,12,21,22,1159],"class_list":{"0":"post-157861","1":"post","2":"type-post","3":"status-publish","4":"format-standard","5":"has-post-thumbnail","7":"category-espana","8":"tag-aeropuerto","9":"tag-breaking-news","10":"tag-breakingnews","11":"tag-es","12":"tag-espana","13":"tag-featured-news","14":"tag-featurednews","15":"tag-headlines","16":"tag-latest-news","17":"tag-latestnews","18":"tag-nacionales","19":"tag-news","20":"tag-noticias","21":"tag-noticias-destacadas","22":"tag-noticiasdestacadas","23":"tag-refuerza","24":"tag-rutas","25":"tag-sevilla","26":"tag-spain","27":"tag-titulares","28":"tag-ultimas-noticias","29":"tag-ultimasnoticias","30":"tag-vueling"},"share_on_mastodon":{"url":"","error":""},"_links":{"self":[{"href":"https:\/\/www.europesays.com\/es\/wp-json\/wp\/v2\/posts\/157861","targetHints":{"allow":["GET"]}}],"collection":[{"href":"https:\/\/www.europesays.com\/es\/wp-json\/wp\/v2\/posts"}],"about":[{"href":"https:\/\/www.europesays.com\/es\/wp-json\/wp\/v2\/types\/post"}],"author":[{"embeddable":true,"href":"https:\/\/www.europesays.com\/es\/wp-json\/wp\/v2\/users\/2"}],"replies":[{"embeddable":true,"href":"https:\/\/www.europesays.com\/es\/wp-json\/wp\/v2\/comments?post=157861"}],"version-history":[{"count":0,"href":"https:\/\/www.europesays.com\/es\/wp-json\/wp\/v2\/posts\/157861\/revisions"}],"wp:featuredmedia":[{"embeddable":true,"href":"https:\/\/www.europesays.com\/es\/wp-json\/wp\/v2\/media\/157862"}],"wp:attachment":[{"href":"https:\/\/www.europesays.com\/es\/wp-json\/wp\/v2\/media?parent=157861"}],"wp:term":[{"taxonomy":"category","embeddable":true,"href":"https:\/\/www.europesays.com\/es\/wp-json\/wp\/v2\/categories?post=157861"},{"taxonomy":"post_tag","embeddable":true,"href":"https:\/\/www.europesays.com\/es\/wp-json\/wp\/v2\/tags?post=157861"}],"curies":[{"name":"wp","href":"https:\/\/api.w.org\/{rel}","templated":true}]}}