{"id":157863,"date":"2025-10-05T11:03:18","date_gmt":"2025-10-05T11:03:18","guid":{"rendered":"https:\/\/www.europesays.com\/es\/157863\/"},"modified":"2025-10-05T11:03:18","modified_gmt":"2025-10-05T11:03:18","slug":"diputacion-aprueba-una-nueva-partida-de-75-millones-para-el-arreglo-y-mejora-de-diez-carreteras-de-la-red-provincial","status":"publish","type":"post","link":"https:\/\/www.europesays.com\/es\/157863\/","title":{"rendered":"Diputaci\u00f3n aprueba una nueva partida de 7,5 millones para el arreglo y mejora de diez carreteras de la red provincial"},"content":{"rendered":"<p>La Diputaci\u00f3n de Huelva ha aprobado, en su \u00faltima sesi\u00f3n plenaria, una modificaci\u00f3n presupuestaria para incluir una partida de 7,5 millones de euros destinada al arreglo y mejora de diez carreteras de la red provincial, adem\u00e1s de la reparaci\u00f3n de puentes y caminos en distintos puntos del territorio onubense.<\/p>\n<p>El diputado de Infraestructuras, Manuel Cayuela, ha se\u00f1alado que esta inversi\u00f3n responde a criterios de seguridad vial y conservaci\u00f3n responsable del patrimonio p\u00fablico, adem\u00e1s de suponer un ahorro econ\u00f3mico a largo plazo, ya que se actuar\u00e1 en v\u00edas que presentan un avanzado estado de deterioro. \u201cNo se trata solo de reparar el firme \u2014ha explicado\u2014, sino de mantener vivas las arterias que conectan a nuestros pueblos, garantizando desplazamientos m\u00e1s seguros y eficientes\u201d.<\/p>\n<p>Las actuaciones previstas se centrar\u00e1n en las siguientes v\u00edas: HU-3110 (Moguer al Roc\u00edo), con 1.850.000 euros; HU-5401 (Puebla de Guzm\u00e1n a Paymogo), 810.843 euros; HU-8100 (Aroche a La Contienda), 1.103.589 euros; HU-4103 (La Palma del Condado a Berrocal), 800.000 euros; HU-3301 (Lepe al Terr\u00f3n), 500.000 euros; HU-8109 (N-433 a Los Romeros), 300.000 euros; HU-8105 (Cortegana a Aracena), 900.000 euros; HV-1417 (Camino Provincial Huelva a Trigueros), 300.000 euros; HU-9105 (N-435 a Cumbres de San Bartolom\u00e9), 300.000 euros; y HU-6103 (N-435 a Mina Concepci\u00f3n), tambi\u00e9n con 300.000 euros.<\/p>\n<p>Esta actuaci\u00f3n se suma a la anterior modificaci\u00f3n, por la que se inluyeron otros 4,3 millones de euros para la mejora de cinco carreteras (Niebla-Valverde del Camino; Valdelamusa-San Telo; Niebla-Beas; La Redondela-Pozo del Camino y el tramo urbano de Aracena), y a la partida aprobada a comienzos de verano para la contrataci\u00f3n del servicio de conservaci\u00f3n de carreteras y caminos de la provincia durante los pr\u00f3ximos cuatro a\u00f1os, con una dotaci\u00f3n global de 14 millones de euros.<\/p>\n<p>La Diputaci\u00f3n de Huelva cuenta actualmente con una Red Provincial de Carreteras de 812 kil\u00f3metros y una Red de Caminos Rurales de 102 kil\u00f3metros, lo que supone un total de 914 kil\u00f3metros de v\u00edas de titularidad provincial que vertebran el territorio y facilitan la comunicaci\u00f3n entre los municipios.<\/p>\n<p>Con esta nueva inversi\u00f3n, la instituci\u00f3n provincial refuerza su compromiso con la movilidad segura y sostenible, impulsando el equilibrio territorial y el acceso a servicios b\u00e1sicos en las comarcas onubenses.<\/p>\n<p>En conjunto, est\u00e1 prevista una inversi\u00f3n de 38 millones de euros hasta 2027 destinada al mantenimiento, rehabilitaci\u00f3n y mejora de accesos y conexiones en toda la provincia.<\/p>\n","protected":false},"excerpt":{"rendered":"La Diputaci\u00f3n de Huelva ha aprobado, en su \u00faltima sesi\u00f3n plenaria, una modificaci\u00f3n presupuestaria para incluir una partida&hellip;\n","protected":false},"author":2,"featured_media":157864,"comment_status":"","ping_status":"","sticky":false,"template":"","format":"standard","meta":{"footnotes":""},"categories":[5],"tags":[17,18,25,24,13,14,11,19,20,9,10,15,16,23,12,21,22],"class_list":{"0":"post-157863","1":"post","2":"type-post","3":"status-publish","4":"format-standard","5":"has-post-thumbnail","7":"category-titulares","8":"tag-breaking-news","9":"tag-breakingnews","10":"tag-es","11":"tag-espana","12":"tag-featured-news","13":"tag-featurednews","14":"tag-headlines","15":"tag-latest-news","16":"tag-latestnews","17":"tag-news","18":"tag-noticias","19":"tag-noticias-destacadas","20":"tag-noticiasdestacadas","21":"tag-spain","22":"tag-titulares","23":"tag-ultimas-noticias","24":"tag-ultimasnoticias"},"share_on_mastodon":{"url":"","error":""},"_links":{"self":[{"href":"https:\/\/www.europesays.com\/es\/wp-json\/wp\/v2\/posts\/157863","targetHints":{"allow":["GET"]}}],"collection":[{"href":"https:\/\/www.europesays.com\/es\/wp-json\/wp\/v2\/posts"}],"about":[{"href":"https:\/\/www.europesays.com\/es\/wp-json\/wp\/v2\/types\/post"}],"author":[{"embeddable":true,"href":"https:\/\/www.europesays.com\/es\/wp-json\/wp\/v2\/users\/2"}],"replies":[{"embeddable":true,"href":"https:\/\/www.europesays.com\/es\/wp-json\/wp\/v2\/comments?post=157863"}],"version-history":[{"count":0,"href":"https:\/\/www.europesays.com\/es\/wp-json\/wp\/v2\/posts\/157863\/revisions"}],"wp:featuredmedia":[{"embeddable":true,"href":"https:\/\/www.europesays.com\/es\/wp-json\/wp\/v2\/media\/157864"}],"wp:attachment":[{"href":"https:\/\/www.europesays.com\/es\/wp-json\/wp\/v2\/media?parent=157863"}],"wp:term":[{"taxonomy":"category","embeddable":true,"href":"https:\/\/www.europesays.com\/es\/wp-json\/wp\/v2\/categories?post=157863"},{"taxonomy":"post_tag","embeddable":true,"href":"https:\/\/www.europesays.com\/es\/wp-json\/wp\/v2\/tags?post=157863"}],"curies":[{"name":"wp","href":"https:\/\/api.w.org\/{rel}","templated":true}]}}