{"id":157867,"date":"2025-10-05T11:05:10","date_gmt":"2025-10-05T11:05:10","guid":{"rendered":"https:\/\/www.europesays.com\/es\/157867\/"},"modified":"2025-10-05T11:05:10","modified_gmt":"2025-10-05T11:05:10","slug":"hoy-quiero-devolver-lo-que-se-quedo-a-medias-en-san-isidro","status":"publish","type":"post","link":"https:\/\/www.europesays.com\/es\/157867\/","title":{"rendered":"\u00abHoy quiero devolver lo que se qued\u00f3 a medias en San Isidro\u00bb"},"content":{"rendered":"<p><strong>Hoy, en justo premio a su paso por San Isidro, puede poner en Madrid la guinda a ese magn\u00edfico a\u00f1o&#8230;<\/strong><\/p>\n<p>As\u00ed es. Espero que sea un d\u00eda para el recuerdo y para la afici\u00f3n, a la que quiero devolver todo lo que se me qued\u00f3 a medias en San Isidro. Ojal\u00e1 sea una tarde rotunda, de buen nivel y bien rematada con la espada.\u00a0<\/p>\n<p><strong>Est\u00e1 claro que este 2025 ha marcado un antes y un despu\u00e9s\u00a0<\/strong><\/p>\n<p><img decoding=\"async\" loading=\"lazy\" src=\"https:\/\/www.europesays.com\/es\/wp-content\/uploads\/2025\/10\/48F425D6-7B34-4574-9B0A9C2C8CDBC37D.JPG\" alt=\"\u00abHoy quiero devolver lo que se qued\u00f3 a medias en San Isidro\u00bb\" border=\"0\"\/>\u00abHoy quiero devolver lo que se qued\u00f3 a medias en San Isidro\u00bb &#8211; Foto: Sara MuniosgurenTodo empez\u00f3 en el mano a mano con Roca Rey en M\u00e1laga en 2024. Aquello fue un toque de atenci\u00f3n que me dio paso para poder volver a San Isidro y luego entrar en ferias tan cerradas como Gij\u00f3n, Valladolid, Almer\u00eda, etc. y en carteles de m\u00e1ximas figuras. Es algo que a m\u00ed mismo me ha sorprendido, haber podido dar la vuelta a la tortilla con esas dos tardes: el mano a mano con Roca y la tarde de San Isidro.\u00a0<\/p>\n<p><strong>M\u00e1laga siempre ha sido su plaza talism\u00e1n\u00a0<\/strong><\/p>\n<p>As\u00ed es, pero no solo por ser malague\u00f1o, sino porque en ella he vivido las mejores tardes de mi carrera y porque todo lo que he hecho all\u00ed se ha ido expandiendo a otras plazas. Y la tarde de 2024, en aquel mano a mano con Roca, ha sido la m\u00e1s importante de mi carrera, dado que mostr\u00e9 en plenitud mi concepto y tuve una actuaci\u00f3n \u00e9pica a base de entrega y compromiso, dos constantes en mi trayectoria.\u00a0<\/p>\n<p><strong>\u00bfEs cierto que pens\u00f3 en retirarse a principios de a\u00f1o?<\/strong><\/p>\n<p>Estaba pasando un momento un tanto desesperado. Pero al d\u00eda siguiente de barajarlo fui a un tentadero y tuve sensaciones de haber alcanzando lo que llevo so\u00f1ando tanto tiempo. \u00a0\u00a0<\/p>\n<p><strong>De hecho volv\u00eda a ponerse en manos de Nacho de la Serna, quien ya le apoder\u00f3 en 2018<\/strong><\/p>\n<p>Aquel fue un gran a\u00f1o para ambos, pero la relaci\u00f3n se extingui\u00f3 por una lesi\u00f3n que sufr\u00ed de larga duraci\u00f3n, si bien la amistad la mantuvimos. Por ello, los dos ten\u00edamos en mente que aquello de 2018 ten\u00eda que retomarse y que el proyecto acabara como realmente merec\u00eda. Y ah\u00ed estamos.\u00a0<\/p>\n<p><strong>Como reconoc\u00eda antes, su paso por Las Ventas \u00a0fue clave<\/strong><\/p>\n<p>Ten\u00eda muchas ganas de volver a Las Ventas. Llevaba cuatro a\u00f1os que por unas u otras cosas no hab\u00eda estado acartelado, y toda esa emoci\u00f3n contenida que arrastraba durante este tiempo la saqu\u00e9 a flote ese d\u00eda en Madrid. La corrida no fue f\u00e1cil, pero me permiti\u00f3 expresarme como torero. Lo que m\u00e1s me impact\u00f3 fue que hice el toreo que siento, con aplomo y serenidad, ante dos toros que no mostraban una faena clara. Adem\u00e1s, el hecho de que fuera televisada dio mayor dimensi\u00f3n a lo que realic\u00e9. Fue muy bonito.<\/p>\n<p><strong>Aquello le abri\u00f3 puertas de plazas como las de Pamplona, Santander, Gij\u00f3n, Bilbao y alguna que otra de Francia<\/strong><\/p>\n<p>Regres\u00e9 a algunas ferias que llevaba muchos a\u00f1os sin pisar, como los sanfermines, donde no hab\u00eda vuelto en la \u00faltima d\u00e9cada, pese a que en mis inicios estuve acartelado con frecuencia. Otra alegr\u00eda que me he llevado esta temporada ha sido entrar en Francia, un pa\u00eds en el que hasta este 2025 hab\u00eda toreado poco. \u00a0\u00a0<\/p>\n<p><strong>Otro tanto de lo mismo le suced\u00eda en este 2025 tanto en Albacete como en Valladolid<\/strong><\/p>\n<p>La de Albacete fue una de las tardes que me ha quedado marcada en la memoria por la entrega y el compromiso. Pese al percance que sufr\u00ed a porta gayola, pude acabar toreando con la muleta buscando la belleza. Y en la plaza del paseo de Zorrilla, donde tore\u00e9 por \u00faltima vez en 2012, disfrut\u00e9 mucho, dado que los toros embistieron y se vivi\u00f3 una tarde bonita. \u00a0<\/p>\n<p><strong>El respeto de empresas y compa\u00f1eros se ha notado a la hora de confeccionar los carteles<\/strong><\/p>\n<p>S\u00ed. De las empresas, de los compa\u00f1eros y obviamente tambi\u00e9n de los aficionados, pues me he encontrado con much\u00edsimas personas que me han hecho saber lo que han viajado para verme por distintas ferias. Eso es algo que te llena mucho.\u00a0<\/p>\n<p><strong>Su sello siempre ha estado marcado por la pureza y el clasicismo<\/strong><\/p>\n<p>La pureza es ser fiel a uno mismo, y yo lo he sido siempre, aunque ahora busque el triunfo por la belleza m\u00e1s que por la emoci\u00f3n del riesgo.\u00a0<\/p>\n<p><strong>Le he escuchado decir que su instinto torero se impone al de la supervivencia. \u00bfEs eso posible?<\/strong><\/p>\n<p>Cuando uno tiene coraz\u00f3n torero no te importa ni la cornada, ni lo f\u00edsico ni la vida. Todo se debe a que detr\u00e1s hay una vocaci\u00f3n muy fuerte que se antepone al resto de las cosas. Y es que, en el mundo del toro, perder el miedo a la muerte te hace vivir.\u00a0<\/p>\n<p><strong>Pero un valor sin t\u00e9cnica y sin conocimientos imposibilita alcanzar el toreo aut\u00e9ntico, \u00bfo no?\u00a0<\/strong><\/p>\n<p>En lo que m\u00e1s he evolucionado ha sido en conocer al animal, en desarrollar la t\u00e9cnica y tambi\u00e9n esa intuici\u00f3n para entender mejor a los toros. En definitiva, en adquirir m\u00e1s conocimientos y m\u00e1s oficio. Si bien, para m\u00ed el sentimiento sigue estando por delante de la t\u00e9cnica.<\/p>\n<p><strong>Usted ha tocado con sus manos el cielo y el infierno, como cuando en 2018 atravesaba su mejor momento y un percance le dej\u00f3 dos a\u00f1os fuera de los ruedos<\/strong><\/p>\n<p>Fue una fractura de tobillo y peron\u00e9 que se complic\u00f3 hasta el punto de tener que pasar por el quir\u00f3fano en seis ocasiones. Perd\u00ed toda la temporada de 2019 y tambi\u00e9n la de 2020, que fue la de la pandemia. A todo ello se sum\u00f3 una rotura de ligamentos en Madrid en 2021 y cuando a\u00fan no me hab\u00eda recuperado del todo me romp\u00ed el cruzado de la otra rodilla y no pude volver hasta 2022.\u00a0<\/p>\n<p>Lo \u00fanico bueno es que ha sabido ser paciente como pocos&#8230;<\/p>\n<p>De todo se aprende, hasta de lo malo, y a m\u00ed la vida, con estas cosas, me ha ense\u00f1ado a ser paciente y a saber aprovechar las oportunidades. Lo que est\u00e1 claro es que el prolongado par\u00f3n que tuve aquellos cuatro o cinco a\u00f1os entre 2019 y 2022, no fue tanto de banquillo sino m\u00e1s bien fruto de las lesiones.\u00a0<\/p>\n","protected":false},"excerpt":{"rendered":"Hoy, en justo premio a su paso por San Isidro, puede poner en Madrid la guinda a ese&hellip;\n","protected":false},"author":2,"featured_media":157868,"comment_status":"","ping_status":"","sticky":false,"template":"","format":"standard","meta":{"footnotes":""},"categories":[277],"tags":[2545,5644,2601,373,168,25,24,317,6023,3728,205,3855,1358,33899,4316,964,23,167,374,444,1607],"class_list":{"0":"post-157867","1":"post","2":"type-post","3":"status-publish","4":"format-standard","5":"has-post-thumbnail","7":"category-toreo","8":"tag-albacete","9":"tag-almeria","10":"tag-bilbao","11":"tag-bullfighting","12":"tag-deportes","13":"tag-es","14":"tag-espana","15":"tag-francia","16":"tag-gijon","17":"tag-las-ventas","18":"tag-madrid","19":"tag-malaga","20":"tag-pamplona","21":"tag-paseo-de-zorrilla","22":"tag-roca-rey","23":"tag-santander","24":"tag-spain","25":"tag-sports","26":"tag-toreo","27":"tag-toros","28":"tag-valladolid"},"share_on_mastodon":{"url":"","error":""},"_links":{"self":[{"href":"https:\/\/www.europesays.com\/es\/wp-json\/wp\/v2\/posts\/157867","targetHints":{"allow":["GET"]}}],"collection":[{"href":"https:\/\/www.europesays.com\/es\/wp-json\/wp\/v2\/posts"}],"about":[{"href":"https:\/\/www.europesays.com\/es\/wp-json\/wp\/v2\/types\/post"}],"author":[{"embeddable":true,"href":"https:\/\/www.europesays.com\/es\/wp-json\/wp\/v2\/users\/2"}],"replies":[{"embeddable":true,"href":"https:\/\/www.europesays.com\/es\/wp-json\/wp\/v2\/comments?post=157867"}],"version-history":[{"count":0,"href":"https:\/\/www.europesays.com\/es\/wp-json\/wp\/v2\/posts\/157867\/revisions"}],"wp:featuredmedia":[{"embeddable":true,"href":"https:\/\/www.europesays.com\/es\/wp-json\/wp\/v2\/media\/157868"}],"wp:attachment":[{"href":"https:\/\/www.europesays.com\/es\/wp-json\/wp\/v2\/media?parent=157867"}],"wp:term":[{"taxonomy":"category","embeddable":true,"href":"https:\/\/www.europesays.com\/es\/wp-json\/wp\/v2\/categories?post=157867"},{"taxonomy":"post_tag","embeddable":true,"href":"https:\/\/www.europesays.com\/es\/wp-json\/wp\/v2\/tags?post=157867"}],"curies":[{"name":"wp","href":"https:\/\/api.w.org\/{rel}","templated":true}]}}