{"id":157869,"date":"2025-10-05T11:06:19","date_gmt":"2025-10-05T11:06:19","guid":{"rendered":"https:\/\/www.europesays.com\/es\/157869\/"},"modified":"2025-10-05T11:06:19","modified_gmt":"2025-10-05T11:06:19","slug":"dana-white-explota-contra-peleador-de-ufc-que-defendio-a-hitler-es-lo-mas-estupido-que-he-escuchado","status":"publish","type":"post","link":"https:\/\/www.europesays.com\/es\/157869\/","title":{"rendered":"Dana White explota contra peleador de UFC que defendi\u00f3 a Hitler: \u201cEs lo m\u00e1s est\u00fapido que he escuchado\u201d"},"content":{"rendered":"<p><img alt=\"El directivo de UFC mostr\u00f3\" class=\"global-image\" decoding=\"async\" fetchpriority=\"high\" height=\"1080\" loading=\"eager\" src=\"https:\/\/www.europesays.com\/es\/wp-content\/uploads\/2025\/10\/VMAQXGLR5FEZHDOQMBSH32DWXI.jpg\" width=\"1920\"\/>El directivo de UFC mostr\u00f3 su malestar con las declaraciones del peleador. (REUTERS\/@thugnasty_ufc)<\/p>\n<p class=\"paragraph\">El peleador estadounidense de artes marciales mixtas <b>Bryce Mitchell<\/b>, conocido como \u201cThug Nasty\u201d, desat\u00f3 una gran controversia con los comentarios que hizo en el primer episodio de su p\u00f3dcast ArkanSanity. Durante la transmisi\u00f3n, no solo elogi\u00f3 a <b>Adolf Hitler<\/b>, sino que tambi\u00e9n neg\u00f3 la existencia del Holocausto y expres\u00f3 opiniones antisemitas y homof\u00f3bicas.<\/p>\n<p class=\"paragraph\">Mitchell afirm\u00f3 que su percepci\u00f3n de Hitler se basaba en su \u201cpropia investigaci\u00f3n\u201d y no en la educaci\u00f3n p\u00fablica, a la que calific\u00f3 de \u201cadoctrinamiento\u201d. En un comentario que ha sido repudiado por los internautas, sostuvo que antes de caer en la adicci\u00f3n a la metanfetamina, Hitler era alguien con quien \u00e9l \u201cir\u00eda de pesca\u201d. <\/p>\n<p class=\"paragraph\">Adem\u00e1s, justific\u00f3 la persecuci\u00f3n del pueblo jud\u00edo en la Alemania nazi, al insinuar que el dictador \u201cquer\u00eda purificar el pa\u00eds expulsando a los jud\u00edos codiciosos que lo estaban destruyendo\u201d.<\/p>\n<p class=\"paragraph\">Estas declaraciones provocaron una reacci\u00f3n inmediata en la comunidad deportiva y en las redes sociales. El impacto de sus palabras no solo ha puesto en entredicho su imagen p\u00fablica, sino que tambi\u00e9n ha generado una ola de cr\u00edticas dentro y fuera del mundo de la UFC.<\/p>\n<p class=\"paragraph\"><b>Dana White<\/b>, presidente de la UFC, reaccion\u00f3 con evidente enojo ante las declaraciones de Mitchell. En una conferencia de prensa, conden\u00f3 en\u00e9rgicamente sus comentarios, calific\u00e1ndolos como \u201cprobablemente lo m\u00e1s est\u00fapido e ignorante\u201d que hab\u00eda escuchado en su carrera.<\/p>\n<p class=\"paragraph\">White fue contundente al recordar el papel del difunto l\u00edder nazi en la historia: \u201cCuando hablas de Hitler, \u00e9l fue responsable de la muerte de seis millones de jud\u00edos y trat\u00f3 de eliminar por completo a un grupo \u00e9tnico\u201d. <\/p>\n<p><img alt=\"Dana White calific\u00f3 las declaraciones\" class=\"global-image\" decoding=\"async\" fetchpriority=\"low\" height=\"1080\" loading=\"lazy\" src=\"https:\/\/www.europesays.com\/es\/wp-content\/uploads\/2025\/10\/EDI3NPXUNZHJRLNPJQQEECVSP4.png\" width=\"1920\"\/>Dana White calific\u00f3 las declaraciones de Bryce Mitchell como \u00abignorantes\u00bb y record\u00f3 los cr\u00edmenes del r\u00e9gimen nazi. (REUTERS\/Andrew Kelly)<\/p>\n<p class=\"paragraph\">Agreg\u00f3 que Hitler es \u201cuno de los seres humanos m\u00e1s repugnantes y malvados que han existido en la Tierra\u201d y que cualquier persona que intente argumentar lo contrario es \u201cun idiota\u201d.<\/p>\n<p class=\"paragraph\">El dirigente de la <b>UFC<\/b> tambi\u00e9n apunt\u00f3 contra las redes sociales, se\u00f1alando que han proporcionado una plataforma para que personas con ideas extremas y sin fundamento puedan difundir su mensaje: \u201cEse es el problema con internet y las redes sociales. Le dan voz a mucha gente est\u00fapida e ignorante\u201d.<\/p>\n<p class=\"paragraph\">Pese a la dureza de sus palabras, White dej\u00f3 en claro que la UFC no tomar\u00e1 medidas disciplinarias contra Mitchell, ampar\u00e1ndose en la libertad de expresi\u00f3n. Asegur\u00f3 que, aunque la organizaci\u00f3n est\u00e1 \u201cm\u00e1s que disgustada\u201d por sus comentarios, el peleador tiene derecho a expresarse. En un tono desafiante, concluy\u00f3: \u201cPara todos los que odian a Bryce Mitchell, podr\u00e1n verlo, con suerte, recibir una paliza en televisi\u00f3n global\u201d.<\/p>\n<p><img alt=\"Bryce Mitchell neg\u00f3 la existencia\" class=\"global-image\" decoding=\"async\" fetchpriority=\"low\" height=\"802\" loading=\"lazy\" src=\"https:\/\/www.europesays.com\/es\/wp-content\/uploads\/2025\/10\/QC7ZDLCNGBGLRBANUHD2XRQNNY.jpg\" width=\"1425\"\/>Bryce Mitchell neg\u00f3 la existencia del Holocausto y elogi\u00f3 a Adolf Hitler durante su p\u00f3dcast ArkanSanity. (Alamy)<\/p>\n<p class=\"paragraph\">Las declaraciones del peleador han comenzado a afectar su carrera fuera del oct\u00e1gono. La primera gran repercusi\u00f3n lleg\u00f3 por parte de una de sus marcas patrocinadoras, la compa\u00f1\u00eda de ropa The Regenaissance, que decidi\u00f3 cortar toda relaci\u00f3n con el peleador tras la pol\u00e9mica.<\/p>\n<p class=\"paragraph\">Ryan Griggs, fundador de la marca, emiti\u00f3 un comunicado en el que dej\u00f3 en claro que sus valores no coinciden con los expresados por Mitchell: \u201cSus comentarios no reflejan en absoluto la intenci\u00f3n, ideas o creencias de The Regenaissance, y debido a la naturaleza de estas declaraciones, ya no podemos seguir afiliados con \u00e9l\u201d.<\/p>\n<p class=\"paragraph\">Hasta el momento, Mitchell no ha respondido p\u00fablicamente a las cr\u00edticas de Dana White ni a la ola de reacciones en redes sociales. Sin embargo, la controversia ha puesto en duda su futuro como figura comercial y podr\u00eda tener un impacto en su relaci\u00f3n con otros patrocinadores y con la propia UFC.<\/p>\n","protected":false},"excerpt":{"rendered":"El directivo de UFC mostr\u00f3 su malestar con las declaraciones del peleador. (REUTERS\/@thugnasty_ufc) El peleador estadounidense de artes&hellip;\n","protected":false},"author":2,"featured_media":157870,"comment_status":"","ping_status":"","sticky":false,"template":"","format":"standard","meta":{"footnotes":""},"categories":[276],"tags":[47072,47073,2276,168,47074,47075,47076,25,24,47077,47078,8562,47079,23,167,47080,47081,343,39199,3191,47082,47083],"class_list":{"0":"post-157869","1":"post","2":"type-post","3":"status-publish","4":"format-standard","5":"has-post-thumbnail","7":"category-ufc","8":"tag-1930s","9":"tag-1933-1934","10":"tag-20th-century","11":"tag-deportes","12":"tag-dictator","13":"tag-ernst-rohm","14":"tag-ernst-rohm-1933-1934-germany","15":"tag-es","16":"tag-espana","17":"tag-hitler-with-s-a-stabschef","18":"tag-nazism","19":"tag-portrait","20":"tag-rise","21":"tag-spain","22":"tag-sports","23":"tag-sturmabteilung","24":"tag-thirties","25":"tag-ufc","26":"tag-uniform","27":"tag-war","28":"tag-world-war-ii","29":"tag-wwii"},"share_on_mastodon":{"url":"","error":""},"_links":{"self":[{"href":"https:\/\/www.europesays.com\/es\/wp-json\/wp\/v2\/posts\/157869","targetHints":{"allow":["GET"]}}],"collection":[{"href":"https:\/\/www.europesays.com\/es\/wp-json\/wp\/v2\/posts"}],"about":[{"href":"https:\/\/www.europesays.com\/es\/wp-json\/wp\/v2\/types\/post"}],"author":[{"embeddable":true,"href":"https:\/\/www.europesays.com\/es\/wp-json\/wp\/v2\/users\/2"}],"replies":[{"embeddable":true,"href":"https:\/\/www.europesays.com\/es\/wp-json\/wp\/v2\/comments?post=157869"}],"version-history":[{"count":0,"href":"https:\/\/www.europesays.com\/es\/wp-json\/wp\/v2\/posts\/157869\/revisions"}],"wp:featuredmedia":[{"embeddable":true,"href":"https:\/\/www.europesays.com\/es\/wp-json\/wp\/v2\/media\/157870"}],"wp:attachment":[{"href":"https:\/\/www.europesays.com\/es\/wp-json\/wp\/v2\/media?parent=157869"}],"wp:term":[{"taxonomy":"category","embeddable":true,"href":"https:\/\/www.europesays.com\/es\/wp-json\/wp\/v2\/categories?post=157869"},{"taxonomy":"post_tag","embeddable":true,"href":"https:\/\/www.europesays.com\/es\/wp-json\/wp\/v2\/tags?post=157869"}],"curies":[{"name":"wp","href":"https:\/\/api.w.org\/{rel}","templated":true}]}}