{"id":157886,"date":"2025-10-05T11:26:09","date_gmt":"2025-10-05T11:26:09","guid":{"rendered":"https:\/\/www.europesays.com\/es\/157886\/"},"modified":"2025-10-05T11:26:09","modified_gmt":"2025-10-05T11:26:09","slug":"alcantarilla-celebra-el-homenaje-a-la-bandera-de-espana","status":"publish","type":"post","link":"https:\/\/www.europesays.com\/es\/157886\/","title":{"rendered":"Alcantarilla celebra el Homenaje a la Bandera de Espa\u00f1a"},"content":{"rendered":"<p><img loading=\"lazy\" data-lazyloaded=\"1\" width=\"770\" height=\"400\" src=\"https:\/\/www.europesays.com\/es\/wp-content\/uploads\/2025\/10\/20251005-FOTO-Homenaje-a-la-Bandera-de-Espana-en-Alcantarilla2-770x400.jpeg\" class=\"attachment-citygovt_blog_post size-citygovt_blog_post wp-post-image\" alt=\"\" decoding=\"async\"\/><\/p>\n<p><strong>El acto, organizado por el Ayuntamiento y la Base A\u00e9rea, cont\u00f3 con izado y jura de Bandera, homenaje a los ca\u00eddos y desfile militar por la calle Mayor<\/strong><strong\/><\/p>\n<p>Alcantarilla ha celebrado hoy la 17\u00aa edici\u00f3n del tradicional acto de Homenaje a la Bandera de Espa\u00f1a, organizado por el Ayuntamiento y la Base A\u00e9rea de Alcantarilla, que consiste en el izado de una bandera de 54 metros cuadrados sobre un m\u00e1stil de 25 metros de altura, mientras suena el Himno Nacional, antes de la jura para personal civil. Tambi\u00e9n ha habido un homenaje a los ca\u00eddos por Espa\u00f1a y un desfile militar por la calle Mayor.<\/p>\n<p>La alcaldesa de Alcantarilla, Paqui Terol, y el general del Ej\u00e9rcito del Aire y del Espacio, Fernando Carrillo, junto con el coronel de la Base A\u00e9rea, Jos\u00e9 Ignacio S\u00e1nchez-Heredero, han presidido un acto que \u201cmuestra el cari\u00f1o del pueblo de Alcantarilla hacia las Fuerzas Armadas, que se puede comprobar por la cantidad de personas que nos han acompa\u00f1ado esta ma\u00f1ana y por las ventanas y balcones engalanados con la Bandera de Espa\u00f1a esperando con ilusi\u00f3n el D\u00eda de la Fiesta Nacional\u201d, ha se\u00f1alado la alcaldesa.<\/p>\n<p>Durante el homenaje, la Patrona del Ej\u00e9rcito del Aire, la Virgen de Loreto, recibi\u00f3 una corona de laurel por los ca\u00eddos por Espa\u00f1a. El desfile por la calle Mayor cont\u00f3 con veh\u00edculos del Escuadr\u00f3n de Zapadores Paracaidistas (EZAPAC), una Escuadra de Gastadores, la Unidad de M\u00fasica de la Academia General del Aire y del Espacio y una Escuadrilla mixta de la Escuela Militar de Paracaidismo y del EZAPAC.<\/p>\n<p>Al acto tambi\u00e9n han asistido la consejera de Pol\u00edtica Social, Familias e Igualdad, Conchita Ruiz y la diputada regional Luz Marina Lorenzo.<\/p>\n<p><strong>Banderas en calles y plazas<\/strong><strong\/><\/p>\n<p>Desde el 26 de septiembre las banderas de Espa\u00f1a decoran las principales calles de Alcantarilla para celebrar el D\u00eda de la Fiesta Nacional y los actos previos de Homenaje a la Bandera. Adem\u00e1s, en el lateral de un edificio pr\u00f3ximo a la plaza Adolfo Su\u00e1rez est\u00e1 instalada una bandera de 102 metros cuadrados y banderolas en todas las farolas de la calle Mayor, la calle Estaci\u00f3n de Lorca, la plaza Adolfo Su\u00e1rez y los balcones del Ayuntamiento.<\/p>\n<p>Acompa\u00f1an a las banderas de Espa\u00f1a los trabajos de los escolares que han participado este a\u00f1o en la muestra de expresi\u00f3n pl\u00e1stica \u201812 de octubre, la fiesta de mi pa\u00eds\u2019.<\/p>\n","protected":false},"excerpt":{"rendered":"El acto, organizado por el Ayuntamiento y la Base A\u00e9rea, cont\u00f3 con izado y jura de Bandera, homenaje&hellip;\n","protected":false},"author":2,"featured_media":157887,"comment_status":"","ping_status":"","sticky":false,"template":"","format":"standard","meta":{"footnotes":""},"categories":[5],"tags":[17,18,25,24,13,14,11,19,20,9,10,15,16,23,12,21,22],"class_list":{"0":"post-157886","1":"post","2":"type-post","3":"status-publish","4":"format-standard","5":"has-post-thumbnail","7":"category-titulares","8":"tag-breaking-news","9":"tag-breakingnews","10":"tag-es","11":"tag-espana","12":"tag-featured-news","13":"tag-featurednews","14":"tag-headlines","15":"tag-latest-news","16":"tag-latestnews","17":"tag-news","18":"tag-noticias","19":"tag-noticias-destacadas","20":"tag-noticiasdestacadas","21":"tag-spain","22":"tag-titulares","23":"tag-ultimas-noticias","24":"tag-ultimasnoticias"},"share_on_mastodon":{"url":"","error":""},"_links":{"self":[{"href":"https:\/\/www.europesays.com\/es\/wp-json\/wp\/v2\/posts\/157886","targetHints":{"allow":["GET"]}}],"collection":[{"href":"https:\/\/www.europesays.com\/es\/wp-json\/wp\/v2\/posts"}],"about":[{"href":"https:\/\/www.europesays.com\/es\/wp-json\/wp\/v2\/types\/post"}],"author":[{"embeddable":true,"href":"https:\/\/www.europesays.com\/es\/wp-json\/wp\/v2\/users\/2"}],"replies":[{"embeddable":true,"href":"https:\/\/www.europesays.com\/es\/wp-json\/wp\/v2\/comments?post=157886"}],"version-history":[{"count":0,"href":"https:\/\/www.europesays.com\/es\/wp-json\/wp\/v2\/posts\/157886\/revisions"}],"wp:featuredmedia":[{"embeddable":true,"href":"https:\/\/www.europesays.com\/es\/wp-json\/wp\/v2\/media\/157887"}],"wp:attachment":[{"href":"https:\/\/www.europesays.com\/es\/wp-json\/wp\/v2\/media?parent=157886"}],"wp:term":[{"taxonomy":"category","embeddable":true,"href":"https:\/\/www.europesays.com\/es\/wp-json\/wp\/v2\/categories?post=157886"},{"taxonomy":"post_tag","embeddable":true,"href":"https:\/\/www.europesays.com\/es\/wp-json\/wp\/v2\/tags?post=157886"}],"curies":[{"name":"wp","href":"https:\/\/api.w.org\/{rel}","templated":true}]}}