{"id":157888,"date":"2025-10-05T11:27:11","date_gmt":"2025-10-05T11:27:11","guid":{"rendered":"https:\/\/www.europesays.com\/es\/157888\/"},"modified":"2025-10-05T11:27:11","modified_gmt":"2025-10-05T11:27:11","slug":"el-ubu-san-pablo-burgos-2031-domina-en-zaragoza-tras-un-final-de-infarto","status":"publish","type":"post","link":"https:\/\/www.europesays.com\/es\/157888\/","title":{"rendered":"El UBU San Pablo Burgos 2031 domina en Zaragoza tras un final de infarto"},"content":{"rendered":"<p><a class=\"v-mdl-ath__fig-a\" href=\"https:\/\/www.burgosconecta.es\/autor\/burgosconecta-2120.html\" title=\"BURGOSconecta\" rel=\"nofollow noopener\" target=\"_blank\"><br \/>\n<img decoding=\"async\" class=\"v-mdl-ath__img\" src=\"https:\/\/www.europesays.com\/es\/wp-content\/uploads\/2025\/08\/autor-2120-foto-2.jpeg\" alt=\"BURGOSconecta\"\/><br \/>\n<\/a><\/p>\n<p class=\"v-mdl-ath__p v-mdl-ath__p--6\">\nDomingo, 5 de octubre 2025, 12:45<\/p>\n<p class=\"v-p\">El UBU San Pablo Burgos 2031 regres\u00f3 a casa con un triunfo de m\u00e9rito tras imponerse al BM Contazara Zaragoza en un partido que exigi\u00f3 al m\u00e1ximo a los cidianos. La victoria permite sumar dos puntos m\u00e1s en la clasificaci\u00f3n y reforzar la moral del equipo tras un duelo intenso.<\/p>\n<p><img decoding=\"async\" loading=\"lazy\" src=\"https:\/\/www.europesays.com\/es\/wp-content\/uploads\/2025\/10\/ZARAGOZA-BALONMANO-kmhG--44x44@Burgosconecta.png\" class=\"v-scr__img\" width=\"44\" height=\"44\" alt=\"BM Contazara Zaragoza\"\/><\/p>\n<p class=\"v-scr__t\">BM Contazara Zaragoza<\/p>\n<p class=\"v-scr__p v-scr__p--3\">Sergio Wagner (3); Juan Mart\u00ednez Cordova (5); Enrique Camas (5); Daniel Vill\u00e9n Pueyo; Alejandro Plaza (3); Jorge Gomez Lite; Rafael Val Claramunt (1) ; Marcos Andr\u00e9s Ara (2); Mario Nicol\u00e1s Hern\u00e1ndez Mimbela (1); Miguel Lanero Fernandez (3); Jon Ander Iribar Carceller (4); Bruno Della Ratta (1); \u00c1lvaro Acosta Clavero; Alejandro Sanz del Rio; Diego Monz\u00f3n Alcochel (1); \u00c1lvaro del Valle Navasa (1)<\/p>\n<p class=\"v-scr__n-c v-scr__n-c--1 \">\n 29\n<\/p>\n<p class=\"v-scr__n-c v-scr__n-c--2\">\n&#8211;\n<\/p>\n<p class=\"v-scr__n-c v-scr__n-c--3 \">\n 37\n<\/p>\n<p class=\"v-scr__t\">UBU San Pablo Burgos 2031<\/p>\n<p><img decoding=\"async\" loading=\"lazy\" src=\"https:\/\/www.europesays.com\/es\/wp-content\/uploads\/2025\/10\/san-pablo-balonmano-kmhG--44x44@Burgosconecta.png\" class=\"v-scr__img\" width=\"44\" height=\"44\" alt=\"UBU San Pablo Burgos 2031\"\/><\/p>\n<p class=\"v-scr__p v-scr__p--3\">Joao Furtado (8); Nassim Bellahcene; Javier Espinosa (1); Pablo G\u00f3mez (5), Tom\u00e1s Moreira (5); Jaime Fern\u00e1ndez (5); Marcos Garc\u00eda (1); Jaime Gaonz\u00e1lez (4); Fabrizio Casanova; Pedro Martins (1); Gerard Forns; Daniel Santamar\u00eda; Brian Est\u00e9banez; Adri\u00e1n S\u00e1nchez (2) y Asier Pedroarena (5)<\/p>\n<ul class=\"v-u\">\n<li class=\"v-u__l\">\n<p class=\"v-p\">\nParciales:<br \/>\n3-4 \/ 5-8 \/ 7-12 \/ 9-13 \/ 10-14 \/ 12-15 \/ 16-18 \/ 19-22 \/ 23-25 \/ 27-26 \/ 28-31 \/29-37\n<\/p>\n<\/li>\n<li class=\"v-u__l\">\n<p class=\"v-p\">\n\u00c1rbitros:<br \/>\nJordi Pinilla Iglesias, Eric Deiros Borras. Exclusiones de Marcos Andr\u00e9s Ara (Min. 45:45); Mario Nicol\u00e1s Hern\u00e1ndez Mimbela (Min. 39:44); Bruno Della Ratta (Min. 29:01); \u00c1lvaro del Valle (Min. 11:50) por parte de BM Contazara Zaragoza y de Joao Furtado (Min. 36:41); Nassim Bellahcene (Min. 33:55); Javier Espinosa (Min. 19:56); Adri\u00e1n S\u00e1nchez (Min. 47:46) parte del UBU San Pablo Burgos 2031\n<\/p>\n<\/li>\n<li class=\"v-u__l\">\n<p class=\"v-p\">\nIncidencias:<br \/>\nPartido correspondiente a la jornada 04 en el Pabell\u00f3n Siglo XXI de Zaragoza\n<\/p>\n<\/li>\n<\/ul>\n<p class=\"v-p\">El partido comenz\u00f3 con ritmo trepidante. Los locales golpearon primero, pero pronto Joao Furtado igual\u00f3 el marcador, dando inicio a un intercambio de aciertos y defensas f\u00e9rreas. Gracias a una s\u00f3lida actuaci\u00f3n defensiva, combinada con paradas decisivas de Gerard Forns y un ataque eficiente, los burgaleses lograron abrir distancia en el marcador: 6-10 en apenas once minutos.<\/p>\n<p class=\"v-p\">El Zaragoza, sin embargo, no se rindi\u00f3. Los aragoneses lucharon y recortaron distancias, llegando al descanso con un marcador ajustado de 12-15. Tras el paso por vestuarios, el equipo visitante mostr\u00f3 determinaci\u00f3n y defendi\u00f3 su ventaja con firmeza, aunque a falta de diez minutos para el final, los locales lograron empatar (26-26), poniendo a prueba la resistencia de los burgaleses.<\/p>\n<p class=\"v-p\">Fue en este tramo final donde Joao Furtado brill\u00f3 con tres goles consecutivos, devolviendo la ventaja a Burgos. Jaime Fern\u00e1ndez y Pablo G\u00f3mez tambi\u00e9n aportaron con goles clave, asegurando as\u00ed un triunfo que parec\u00eda complicado.<\/p>\n<p class=\"v-p\">Con esta victoria, el UBU San Pablo Burgos 2031 suma dos puntos esenciales y demuestra que sabe sufrir y mantener la autoridad incluso en los momentos m\u00e1s exigentes del partido.<\/p>\n<p>Reporta un error<\/p>\n","protected":false},"excerpt":{"rendered":"Domingo, 5 de octubre 2025, 12:45 El UBU San Pablo Burgos 2031 regres\u00f3 a casa con un triunfo&hellip;\n","protected":false},"author":2,"featured_media":157889,"comment_status":"","ping_status":"","sticky":false,"template":"","format":"standard","meta":{"footnotes":""},"categories":[278],"tags":[909,376,623,168,30712,25,24,1058,375,10578,618,2228,23,167,575,2227,491],"class_list":{"0":"post-157888","1":"post","2":"type-post","3":"status-publish","4":"format-standard","5":"has-post-thumbnail","7":"category-balonmano","8":"tag-909","9":"tag-balonmano","10":"tag-burgos","11":"tag-deportes","12":"tag-domina","13":"tag-es","14":"tag-espana","15":"tag-final","16":"tag-handball","17":"tag-infarto","18":"tag-pablo","19":"tag-san","20":"tag-spain","21":"tag-sports","22":"tag-tras","23":"tag-ubu","24":"tag-zaragoza"},"share_on_mastodon":{"url":"","error":""},"_links":{"self":[{"href":"https:\/\/www.europesays.com\/es\/wp-json\/wp\/v2\/posts\/157888","targetHints":{"allow":["GET"]}}],"collection":[{"href":"https:\/\/www.europesays.com\/es\/wp-json\/wp\/v2\/posts"}],"about":[{"href":"https:\/\/www.europesays.com\/es\/wp-json\/wp\/v2\/types\/post"}],"author":[{"embeddable":true,"href":"https:\/\/www.europesays.com\/es\/wp-json\/wp\/v2\/users\/2"}],"replies":[{"embeddable":true,"href":"https:\/\/www.europesays.com\/es\/wp-json\/wp\/v2\/comments?post=157888"}],"version-history":[{"count":0,"href":"https:\/\/www.europesays.com\/es\/wp-json\/wp\/v2\/posts\/157888\/revisions"}],"wp:featuredmedia":[{"embeddable":true,"href":"https:\/\/www.europesays.com\/es\/wp-json\/wp\/v2\/media\/157889"}],"wp:attachment":[{"href":"https:\/\/www.europesays.com\/es\/wp-json\/wp\/v2\/media?parent=157888"}],"wp:term":[{"taxonomy":"category","embeddable":true,"href":"https:\/\/www.europesays.com\/es\/wp-json\/wp\/v2\/categories?post=157888"},{"taxonomy":"post_tag","embeddable":true,"href":"https:\/\/www.europesays.com\/es\/wp-json\/wp\/v2\/tags?post=157888"}],"curies":[{"name":"wp","href":"https:\/\/api.w.org\/{rel}","templated":true}]}}