{"id":157904,"date":"2025-10-05T11:47:11","date_gmt":"2025-10-05T11:47:11","guid":{"rendered":"https:\/\/www.europesays.com\/es\/157904\/"},"modified":"2025-10-05T11:47:11","modified_gmt":"2025-10-05T11:47:11","slug":"fundo-paypal-controla-el-mundo-con-palantir-y-ahora-cree-que-puede-salvarnos-del-fin-del-mundo","status":"publish","type":"post","link":"https:\/\/www.europesays.com\/es\/157904\/","title":{"rendered":"fund\u00f3 PayPal, controla el mundo con Palantir y ahora cree que puede salvarnos del fin del mundo"},"content":{"rendered":"<p data-gtm-element-container=\"modulo-texto-link\" class=\"paragraph\">Si dij\u00e9ramos que una de las personas m\u00e1s poderosas del mundo est\u00e1 obsesionada con el apocalipsis, el Anticristo y c\u00f3mo pararlo, puede sonar que estamos hablando de una novela dist\u00f3pica. Pero a veces la realidad nos pone en situaciones ciertamente peculiares.\u00a0<\/p>\n<p data-gtm-element-container=\"modulo-texto-link\" class=\"paragraph\">Aunque pueda sonar extra\u00f1o, uno de los hombres m\u00e1s ricos del mundo y con un mayor control sobre todos los sistemas de seguridad, tiene una obsesi\u00f3n m\u00e1s que te\u00f3rica sobre el inminente fin del mundo, la venida del Anticristo y la necesidad de ir la iglesia. Su nombre es Peter Thiel, est\u00e1\u00a0en el puesto 103 de las mayores fortunas del planeta y\u00a0ha estado detr\u00e1s de algunas de las inversiones m\u00e1s importantes de los \u00faltimos 20 a\u00f1os.<\/p>\n<p>        Lee tambi\u00e9n<\/p>\n<p>    \u00c1lvaro Arbon\u00e9s<\/p>\n<p>             <img loading=\"lazy\" decoding=\"async\" data-full-src=\"https:\/\/www.lavanguardia.com\/uploads\/2025\/08\/14\/689d97c48011b.png\" alt=\"Dario Amodei, CEO de Anthropic.\" width=\"104\" height=\"108\" src=\"https:\/\/www.europesays.com\/es\/wp-content\/uploads\/2025\/10\/689d97c48011b.r_d.1228-406.png\" class=\"lazy\"\/><\/p>\n<p>Un hombre de ra\u00edces conservadoras<br \/>\nNunca nadie ha tenido una historia que hable tanto de su presente<\/p>\n<p data-gtm-element-container=\"modulo-texto-link\" class=\"paragraph\">Peter Thiel naci\u00f3 en Frankfurt am Main, Hesse, en la Alemania del Oeste, el 11 de octubre de 1967. Cuando ten\u00eda apenas un a\u00f1o, su familia emigr\u00f3 a Estados Unidos para que su padre pudiera trabajar como ingeniero qu\u00edmico.\u00a0<\/p>\n<p data-gtm-element-container=\"modulo-texto-link\" class=\"paragraph\">Durante su infancia, no conocieron una residencia fija: el trabajo en distintas compa\u00f1\u00edas mineras obligaba a la familia a trasladarse constantemente, tanto dentro del pa\u00eds como fuera de \u00e9l. As\u00ed, Thiel y su hermano, Patrick Michael, acompa\u00f1aron a sus padres en un peregrinaje que los llev\u00f3 de un extremo a otro de Estados Unidos e incluso a Sud\u00e1frica y \u00c1frica del Sudoeste, la actual Namibia.<\/p>\n<blockquote>\n<p>        Peter Thiel no eligi\u00f3 una carrera vinculada a los n\u00fameros, sino que se decant\u00f3 por las letras: se matricul\u00f3 en Filosof\u00eda<\/p>\n<\/blockquote>\n<p data-gtm-element-container=\"modulo-texto-link\" class=\"paragraph\">En 1977, la familia se asent\u00f3 definitivamente en Foster City, California. Durante aquellos a\u00f1os escolares, Thiel tuvo que cambiar de colegio hasta en siete ocasiones. En uno de ellos, una escuela de lengua alemana, le obligaban a vestir de uniforme y le pegaban con una regla en las manos con una forma de castigo. Thiel dir\u00eda despu\u00e9s que fue aquella experiencia la que germin\u00f3 su ideolog\u00eda: un individualismo libertario profundamente liberal, sostenido sobre la fuerte creencia en las bondades del capitalismo.<\/p>\n<p data-gtm-element-container=\"modulo-texto-link\" class=\"paragraph\">Thiel destac\u00f3 de forma sobresaliente en matem\u00e1ticas y eso le permiti\u00f3 graduarse del instituto con facilidad para ingresar en la Universidad de Stanford. Sin embargo, contra todo pron\u00f3stico, no eligi\u00f3 una carrera vinculada a los n\u00fameros, sino que se decant\u00f3 por las letras: se matricul\u00f3 en Filosof\u00eda.<\/p>\n<p>                <img loading=\"lazy\" decoding=\"async\" data-full-src=\"https:\/\/www.lavanguardia.com\/uploads\/2025\/06\/13\/684bf764400aa.jpeg\" alt=\"Horizontal\" width=\"449\" height=\"299\" src=\"https:\/\/www.europesays.com\/es\/wp-content\/uploads\/2025\/10\/684bf764400aa.jpeg\" class=\"lazy\"\/><\/p>\n<p class=\"caption-title \">Peter Thiel, multimillonario.<\/p>\n<p>                    Bloomberg \/ Getty<\/p>\n<p data-gtm-element-container=\"modulo-texto-link\" class=\"paragraph\">Durante aquellos a\u00f1os en Stanford, a finales de los setenta, cofund\u00f3 The Stanford Review, un peri\u00f3dico de corte conservador y libertario que, d\u00e9cadas despu\u00e9s, todav\u00eda sigue public\u00e1ndose. Se licenci\u00f3 en 1989 y, de inmediato, ingres\u00f3 en la Stanford Law School, donde obtuvo en 1992 su grado en Derecho.\u00a0<\/p>\n<p data-gtm-element-container=\"modulo-texto-link\" class=\"paragraph\">Sin embargo, todo aquello qued\u00f3 en segundo plano frente a lo m\u00e1s decisivo de aquellos a\u00f1os: el encuentro con un profesor que acabar\u00eda siendo su gu\u00eda intelectual y, en gran medida, el mentor que transformar\u00eda su forma de entender el mundo. Su nombre era Robert Hamerton-Kelly.<\/p>\n<p>        Lee tambi\u00e9n<\/p>\n<p>    Antonio J. Rodr\u00edguez<\/p>\n<p>             <img loading=\"lazy\" decoding=\"async\" data-full-src=\"https:\/\/www.lavanguardia.com\/uploads\/2025\/08\/11\/689926f829d9f.jpeg\" alt=\"Horizontal\" width=\"104\" height=\"108\" src=\"https:\/\/www.europesays.com\/es\/wp-content\/uploads\/2025\/10\/689926f829d9f.r_d.3000-2000.jpeg\" class=\"lazy\"\/><\/p>\n<p data-gtm-element-container=\"modulo-texto-link\" class=\"paragraph\">Pastor sudafricano de la Iglesia Metodista Unida, Hamerton-Kelly era una figura impopular en el campus por sus posturas conservadoras y su oposici\u00f3n al apartheid, algo que, parad\u00f3jicamente, atrajo a Thiel. Bajo su tutela se forj\u00f3 una relaci\u00f3n de maestro y disc\u00edpulo \u2014y tambi\u00e9n de colegas y amigos\u2014 que resultar\u00eda decisiva.\u00a0<\/p>\n<p data-gtm-element-container=\"modulo-texto-link\" class=\"paragraph\">Fue a trav\u00e9s de \u00e9l como Thiel conoci\u00f3 las teor\u00edas de Ren\u00e9 Girard, pensador franc\u00e9s y amigo personal de Hamerton-Kelly, cuya influencia marcar\u00eda de manera profunda el resto de su vida. Un pensamiento que le acompa\u00f1ar\u00eda m\u00e1s adelante.<\/p>\n<p>                <img loading=\"lazy\" decoding=\"async\" data-full-src=\"https:\/\/www.lavanguardia.com\/uploads\/2025\/10\/03\/68dfd7642982c.jpeg\" alt=\"Peter Thiel junto a Elon Musk en la fundaci\u00f3n de PayPal.\" width=\"449\" height=\"337\" src=\"https:\/\/www.europesays.com\/es\/wp-content\/uploads\/2025\/10\/68dfd7642982c.jpeg\" class=\"lazy\"\/><\/p>\n<p class=\"caption-title \">Peter Thiel junto a Elon Musk en la fundaci\u00f3n de PayPal.<\/p>\n<p>De la abogac\u00eda al an\u00e1lisis de datos<br \/>\nLa mete\u00f3rica carrera profesional de Thiel<\/p>\n<p data-gtm-element-container=\"modulo-texto-link\" class=\"paragraph\">Aunque Thiel inici\u00f3 su trayectoria profesional en el \u00e1mbito legal, primero como asistente judicial y despu\u00e9s como abogado, no tard\u00f3 en dar un giro hacia el mundo del trading. A partir de 1993 se dedic\u00f3 a esa actividad y, en 1996, aprovech\u00f3 el auge de las puntocom para dar su primer gran salto: reuni\u00f3 un mill\u00f3n de d\u00f3lares entre amigos y familiares, fund\u00f3 Thiel Capital Management y comenz\u00f3 as\u00ed su carrera como inversor de capital de riesgo, una senda que marcar\u00eda el resto de su vida.<\/p>\n<p data-gtm-element-container=\"modulo-texto-link\" class=\"paragraph\">Tras varias inversiones fallidas, Thiel conoci\u00f3 a Max Levchin, que dirig\u00eda una peque\u00f1a compa\u00f1\u00eda vinculada a la criptograf\u00eda. Seg\u00fan recordar\u00eda m\u00e1s tarde el propio Thiel, aquella colaboraci\u00f3n le inspir\u00f3 la idea de crear un software capaz de garantizar pagos en l\u00ednea seguros, en un momento en que muchos vendedores a\u00fan carec\u00edan del hardware necesario para aceptar tarjetas de cr\u00e9dito.\u00a0<\/p>\n<blockquote>\n<p>        En 1999 financi\u00f3 y lanz\u00f3 junto a Levchin la empresa Confinity, cuyo producto estrella pronto ser\u00eda conocido en todo el mundo: PayPal<\/p>\n<\/blockquote>\n<p data-gtm-element-container=\"modulo-texto-link\" class=\"paragraph\">Con esa visi\u00f3n en mente, y decidido a construir una especie de cartera digital tan segura como \u00fatil, en 1999 financi\u00f3 y lanz\u00f3 junto a Levchin la empresa Confinity, cuyo producto estrella pronto ser\u00eda conocido en todo el mundo: PayPal.<\/p>\n<p data-gtm-element-container=\"modulo-texto-link\" class=\"paragraph\">El \u00e9xito de PayPal fue inmediato y arrollador. Durante la misma conferencia de lanzamiento, Deutsche Bank y Nokia invirtieron tres millones de d\u00f3lares en capital de riesgo, un impulso que consolid\u00f3 su despegue desde el primer d\u00eda. En el a\u00f1o 2000, la compa\u00f1\u00eda se fusion\u00f3 con el servicio financiero X.com, de Elon Musk, y con Pixo, la empresa de Paul Mercer especializada en telefon\u00eda m\u00f3vil.\u00a0<\/p>\n<p data-gtm-element-container=\"modulo-texto-link\" class=\"paragraph\">Gracias a ello, PayPal se adentr\u00f3 en el incipiente mercado de los dispositivos port\u00e1tiles y ampli\u00f3 su alcance de forma decisiva. El 15 de febrero de 2002 debut\u00f3 en bolsa con un \u00e9xito fulgurante y, apenas unos meses despu\u00e9s, en octubre de ese mismo a\u00f1o, eBay la adquiri\u00f3 por la asombrosa cifra de 1.500 millones de d\u00f3lares.<\/p>\n<p>        Lee tambi\u00e9n<\/p>\n<p>    Helena Ortega<\/p>\n<p>             <img loading=\"lazy\" decoding=\"async\" data-full-src=\"https:\/\/www.lavanguardia.com\/uploads\/2025\/02\/22\/67ba18866ed13.jpeg\" alt=\"(FILES) MIAMI, FLORIDA - APRIL 7: Peter Thiel, co-founder of PayPal, Palantir Technologies, and Founders Fund, gestures as he speaks during the Bitcoin 2022 Conference at Miami Beach Convention Center on April 7, 2022 in Miami, Florida. The worlds largest bitcoin conference runs from April 6-9, expecting over 30,000 people in attendance and over 7 million live stream viewers worldwide.  Marco Bello\/Getty Images\/AFP. One week into his second administration, Donald Trump has put technology at the forefront, featuring tech billionaires prominently at his inauguration and announcing major AI infrastructure deals from the White House. Looking beyond household names like Elon Musk, Mark Zuckerberg, and Jeff Bezos, here are several lesser-known tech figures also wielding significant influence: David Sacks, Peter Thiel, Marc Andreessen, Palmer Luckey. (Photo by Marco Bello \/ GETTY IMAGES NORTH AMERICA \/ AFP)\" width=\"104\" height=\"108\" src=\"https:\/\/www.europesays.com\/es\/wp-content\/uploads\/2025\/10\/67ba18866ed13.r_d.2507-1671.jpeg\" class=\"lazy\"\/><\/p>\n<p data-gtm-element-container=\"modulo-texto-link\" class=\"paragraph\">Todo aquello ocurri\u00f3 con Peter Thiel al frente como CEO de la compa\u00f1\u00eda, manteniendo un 3,7 % de las acciones. La venta a eBay le report\u00f3 unos 55 millones de d\u00f3lares \u2014a los que podr\u00edan sumarse otras cantidades nunca reflejadas en los documentos oficiales\u2014 y lo convirti\u00f3 definitivamente en millonario tras a\u00f1os de maniobrar con inteligencia en Silicon Valley. Esa reputaci\u00f3n le vali\u00f3 un apodo que lo acompa\u00f1ar\u00eda durante mucho tiempo: el Don de la Mafia de PayPal.<\/p>\n<p data-gtm-element-container=\"modulo-texto-link\" class=\"paragraph\">Despu\u00e9s de su salida, Thiel fund\u00f3 el fondo de inversi\u00f3n Clarium Capital Management, con el que comenz\u00f3 a realizar apuestas de mercado particularmente arriesgadas. Sin embargo, la verdadera inflexi\u00f3n en su carrera llegar\u00eda en mayo de 2003, cuando particip\u00f3 en la creaci\u00f3n de Palantir Technologies.<\/p>\n<blockquote>\n<p>        Clientes como el estado de Israel, Airbus, Morgan Stanley o el Departamento de la Guerra de Estados Unidos dan fe de que, 22 a\u00f1os despu\u00e9s, la empresa tiene un gran valor estrat\u00e9gico<\/p>\n<\/blockquote>\n<p data-gtm-element-container=\"modulo-texto-link\" class=\"paragraph\">Basando su nombre en el artefacto de El Se\u00f1or de los Anillos que permite observarlo todo, pero a costa del alma de quien lo observa, la empresa se basa en ofrecer toda clase de servicios de seguridad y vigilancia a estados, ej\u00e9rcitos y corporaciones de todo el mundo. Clientes como el estado de Israel, Airbus, Morgan Stanley o el Departamento de la Guerra de Estados Unidos dan fe de que, 22 a\u00f1os despu\u00e9s, la empresa tiene un gran valor estrat\u00e9gico. Aunque tambi\u00e9n monetario, ya que se estima su valor en m\u00e1s de cuatro mil trescientos millones de d\u00f3lares.<\/p>\n<p data-gtm-element-container=\"modulo-texto-link\" class=\"paragraph\">\u00bfCu\u00e1l fue la motivaci\u00f3n de Thiel para adentrarse en esta clase de negocio? Los ataques terroristas del 11 de septiembre. Convencido de que \u201clas aproximaciones desarrolladas en PayPal para combatir el fraude pod\u00edan aplicarse tambi\u00e9n a la lucha contra el terrorismo\u201d, impuls\u00f3 la creaci\u00f3n de Palantir. Sin embargo, m\u00e1s all\u00e1 de detectar un nicho de negocio, la apuesta respond\u00eda a su visi\u00f3n pol\u00edtica y a su filosof\u00eda personal, que pesaban tanto o m\u00e1s que las oportunidades econ\u00f3micas<\/p>\n<p>                <img loading=\"lazy\" decoding=\"async\" data-full-src=\"https:\/\/www.lavanguardia.com\/uploads\/2022\/10\/22\/635421e21b383.jpeg\" alt=\"Saruman y el pal\u00e1ntir en Isengard (El Se\u00f1or de los Anillos: La comunidad del Anillo)\" width=\"449\" height=\"253\" src=\"https:\/\/www.europesays.com\/es\/wp-content\/uploads\/2025\/10\/635421e21b383.r_d.431-264.jpeg\" class=\"lazy\"\/><\/p>\n<p class=\"caption-title \">Saruman y el pal\u00e1ntir en Isengard (&#8216;El Se\u00f1or de los Anillos: La comunidad del Anillo&#8217;).<\/p>\n<p>                    Warner Bros Pictures \/ New Line Cinema<\/p>\n<p>De Ren\u00e9 Girard a Carl Schmitt<br \/>\nLa teor\u00edas filos\u00f3ficas de un multimillonario<\/p>\n<p data-gtm-element-container=\"modulo-texto-link\" class=\"paragraph\">Thiel se convirti\u00f3 en un entusiasta de las teor\u00edas filos\u00f3ficas de Ren\u00e9 Girard, el pensador franc\u00e9s al que conoci\u00f3 gracias a su mentor Hamerton-Kelly. Entre sus ideas, tres resultaron decisivas para \u00e9l: la rivalidad mim\u00e9tica, el mecanismo del chivo expiatorio y el Apocalipsis.<\/p>\n<p data-gtm-element-container=\"modulo-texto-link\" class=\"paragraph\">La teor\u00eda de la rivalidad mim\u00e9tica sostiene que los seres humanos tenemos una inclinaci\u00f3n natural a imitar los deseos de los dem\u00e1s. Esa imitaci\u00f3n genera inevitablemente conflicto: al codiciar lo mismo que otro desea, este se siente amenazado y responde con hostilidad. La violencia, por tanto, no es accidental, sino una consecuencia directa de esa din\u00e1mica de imitaci\u00f3n.<\/p>\n<p>        Lee tambi\u00e9n<\/p>\n<p>    Pau Roldan<\/p>\n<p>             <img loading=\"lazy\" decoding=\"async\" data-full-src=\"https:\/\/www.lavanguardia.com\/uploads\/2025\/06\/30\/68627a02bf383.png\" alt=\"J.R.R. Tolkien predijo en 'El Se\u00f1or de los Anillos' el futuro de Silicon Valley.\" width=\"104\" height=\"108\" src=\"https:\/\/www.europesays.com\/es\/wp-content\/uploads\/2025\/10\/68627a02bf383.r_d.955-437.png\" class=\"lazy\"\/><\/p>\n<p data-gtm-element-container=\"modulo-texto-link\" class=\"paragraph\">El mecanismo del chivo expiatorio, seg\u00fan Girard, era la forma en que las sociedades consegu\u00edan contener la violencia derivada de la rivalidad mim\u00e9tica. Consist\u00eda en se\u00f1alar a un objetivo \u2014a menudo un grupo social concreto\u2014 y responsabilizarlo de todos los males de la comunidad.\u00a0<\/p>\n<p data-gtm-element-container=\"modulo-texto-link\" class=\"paragraph\">Sin embargo, Girard sosten\u00eda que este mecanismo funcionaba cada vez peor a medida que la humanidad se alejaba de Cristo. Llegar\u00eda un momento en que dejar\u00eda de servir como v\u00e1lvula de escape, y ese d\u00eda marcar\u00eda el inicio del Apocalipsis. Nunca termin\u00f3 de precisar qu\u00e9 implicaciones exactas tendr\u00eda ese desenlace, dejando la interpretaci\u00f3n abierta a la lectura de cada individuo.<\/p>\n<p data-gtm-element-container=\"modulo-texto-link\" class=\"paragraph\">Este marco te\u00f3rico resultaba un terreno f\u00e9rtil para especulaciones extremas. Y Thiel, adem\u00e1s de Girard, se sinti\u00f3 atra\u00eddo por otro pensador de enorme controversia: Carl Schmitt, el jurista alem\u00e1n conocido por haber buscado una legitimaci\u00f3n del nazismo desde el derecho natural.<\/p>\n<blockquote>\n<p>        Aunque Thiel no adopt\u00f3 de Schmitt la defensa expl\u00edcita del nazismo, s\u00ed tom\u00f3 prestados algunos de sus conceptos clave<\/p>\n<\/blockquote>\n<p data-gtm-element-container=\"modulo-texto-link\" class=\"paragraph\">Aunque Thiel no adopt\u00f3 de Schmitt la defensa expl\u00edcita del nazismo, s\u00ed tom\u00f3 prestados algunos de sus conceptos clave, en particular los del Anticristo y el katechon. Para Schmitt \u2014y en la interpretaci\u00f3n que Thiel hizo suya\u2014 el Anticristo no era una figura b\u00edblica en sentido estricto, sino cualquier persona, ideolog\u00eda u organizaci\u00f3n que buscara unificar el mundo bajo una sola bandera.\u00a0<\/p>\n<p data-gtm-element-container=\"modulo-texto-link\" class=\"paragraph\">El katechon, en cambio, era una noci\u00f3n mucho m\u00e1s enigm\u00e1tica: aparece apenas dos veces en la Biblia y su significado ha sido objeto de intensos debates. En la lectura schmittiana que asumi\u00f3 Thiel, representaba la resistencia a esa unificaci\u00f3n, un orden de estados nacionales aislados, con fronteras cerradas, que se opondr\u00eda a las fuerzas del Anticristo.<\/p>\n<p data-gtm-element-container=\"modulo-texto-link\" class=\"paragraph\">Resumiendo. Para Thiel, el ser humano tiende a imitar los deseos del otro, una din\u00e1mica que inevitablemente desemboca en la violencia y que, tarde o temprano, terminar\u00eda en un estallido de escala global. Y a sus ojos, solo hay dos desenlaces posibles: la llegada del Anticristo, que impondr\u00eda la unificaci\u00f3n del mundo bajo una \u00fanica bandera, o el triunfo del katechon, un orden en el que cada naci\u00f3n permanecer\u00eda aislada y protegida tras sus propias fronteras.<\/p>\n<p>                <img loading=\"lazy\" decoding=\"async\" data-full-src=\"https:\/\/www.lavanguardia.com\/uploads\/2025\/02\/22\/67ba18866ed13.jpeg\" alt=\"(FILES) MIAMI, FLORIDA - APRIL 7: Peter Thiel, co-founder of PayPal, Palantir Technologies, and Founders Fund, gestures as he speaks during the Bitcoin 2022 Conference at Miami Beach Convention Center on April 7, 2022 in Miami, Florida. The worlds largest bitcoin conference runs from April 6-9, expecting over 30,000 people in attendance and over 7 million live stream viewers worldwide.  Marco Bello\/Getty Images\/AFP. One week into his second administration, Donald Trump has put technology at the forefront, featuring tech billionaires prominently at his inauguration and announcing major AI infrastructure deals from the White House. Looking beyond household names like Elon Musk, Mark Zuckerberg, and Jeff Bezos, here are several lesser-known tech figures also wielding significant influence: David Sacks, Peter Thiel, Marc Andreessen, Palmer Luckey. (Photo by Marco Bello \/ GETTY IMAGES NORTH AMERICA \/ AFP)\" width=\"449\" height=\"299\" src=\"https:\/\/www.europesays.com\/es\/wp-content\/uploads\/2025\/10\/1759664829_778_67ba18866ed13.r_d.2507-1671.jpeg\" class=\"lazy\"\/><\/p>\n<p class=\"caption-title \">Peter Thiel, multimillonario.<\/p>\n<p>                    AFP<\/p>\n<p>Una filosof\u00eda cuestionable y que tiene poco de Girard<br \/>\nSiniestras implicaciones pol\u00edticas<\/p>\n<p data-gtm-element-container=\"modulo-texto-link\" class=\"paragraph\">Queda a\u00fan un concepto por abordar: el del mecanismo del chivo expiatorio. Y no es un detalle menor, porque en este punto Thiel se apart\u00f3 incluso de la interpretaci\u00f3n original de Girard.<\/p>\n<p data-gtm-element-container=\"modulo-texto-link\" class=\"paragraph\">Para Girard, cuya obra estaba atravesada por una profunda visi\u00f3n religiosa, el chivo expiatorio acababa siendo desenmascarado: los grupos se\u00f1alados como culpables se revelaban finalmente inocentes, porque en realidad no lo eran, y la persecuci\u00f3n no pod\u00eda sostenerse indefinidamente contra lo inocente.\u00a0<\/p>\n<p data-gtm-element-container=\"modulo-texto-link\" class=\"paragraph\">Thiel, en cambio, entendi\u00f3 este mecanismo de forma radicalmente distinta. En su visi\u00f3n, para que el katechon pudiera imponerse era imprescindible un retorno a Cristo y, con ello, la recuperaci\u00f3n plena del mecanismo del chivo expiatorio como herramienta de cohesi\u00f3n social.<\/p>\n<blockquote>\n<p>        Cada estadounidense posee una identidad \u00fanica. Yo estoy orgulloso de ser gay. Estoy orgulloso de ser republicano. Pero, sobre todo, estoy orgulloso de ser estadounidense<\/p>\n<p>            Peter Thielempresario multimillonario<\/p>\n<\/blockquote>\n<p data-gtm-element-container=\"modulo-texto-link\" class=\"paragraph\">Adem\u00e1s, para Thiel es importante su filiaci\u00f3n estadounidense.\u00a0\u201cCada estadounidense posee una identidad \u00fanica. Yo estoy orgulloso de ser gay. Estoy orgulloso de ser republicano. Pero, sobre todo, estoy orgulloso de ser estadounidense\u201d, lleg\u00f3 a declarar. Ese \u00e9nfasis explica tambi\u00e9n su estrecha relaci\u00f3n con uno de sus principales disc\u00edpulos pol\u00edticos: JD Vance, hoy vicepresidente de Estados Unidos.<\/p>\n<p data-gtm-element-container=\"modulo-texto-link\" class=\"paragraph\">Autodefinido como girardista, Vance ciment\u00f3 su estrategia en reivindicar su identidad cat\u00f3lica y en se\u00f1alar a determinados colectivos como culpables de los males del pa\u00eds. En particular, a los inmigrantes. Estuvo detr\u00e1s de las redadas masivas de ICE y lleg\u00f3 a lanzar ataques directos contra la comunidad haitiana, a la que acus\u00f3 falsamente de comerse a sus perros, aun siendo plenamente consciente de la mentira. En la pr\u00e1ctica, no hac\u00eda sino poner en marcha el mecanismo del chivo expiatorio que Thiel defend\u00eda, fuese de manera deliberada o no.<\/p>\n<p>        Lee tambi\u00e9n<\/p>\n<p>    \u00c1lvaro Arbon\u00e9s<\/p>\n<p>             <img loading=\"lazy\" decoding=\"async\" data-full-src=\"https:\/\/www.lavanguardia.com\/uploads\/2025\/06\/25\/685bc94e295cc.jpeg\" alt=\"Demis Hassabis, CEO de Google DeepMind.\" width=\"104\" height=\"108\" src=\"https:\/\/www.europesays.com\/es\/wp-content\/uploads\/2025\/08\/685bc94e295cc.r_d.726-353.jpeg\" class=\"lazy\"\/><\/p>\n<p data-gtm-element-container=\"modulo-texto-link\" class=\"paragraph\">Los v\u00ednculos de Thiel con Donald Trump, con la extrema derecha y con gobiernos de dudosa vocaci\u00f3n democr\u00e1tica nunca fueron un secreto. \u00c9l mismo los justificaba desde su particular marco filos\u00f3fico: todo respond\u00eda a un bien mayor, evitar el Apocalipsis. Para Thiel, ese final se encarnaba en la llegada del Anticristo, que significar\u00eda la unificaci\u00f3n del planeta bajo una sola bandera.<\/p>\n<p data-gtm-element-container=\"modulo-texto-link\" class=\"paragraph\">Resulta inquietante que esa convicci\u00f3n naciera en gran parte a ra\u00edz del 11-S, en un contexto en el que la islamofobia se convirti\u00f3 en una constante. Aunque Thiel nunca lleg\u00f3 a concretar su pensamiento en ese punto, la sospecha planea inevitable. Lo cierto es que muchos girardianos consideran aberrante la interpretaci\u00f3n que hace Thiel: un apocalipticismo te\u00f1ido de franquismo y un fascismo envuelto en ropajes cat\u00f3licos, deformado hasta la caricatura, que nada tendr\u00eda que ver con lo que Ren\u00e9 Girard habr\u00eda suscrito.<\/p>\n<p>                <img loading=\"lazy\" decoding=\"async\" data-full-src=\"https:\/\/www.lavanguardia.com\/uploads\/2025\/06\/12\/684b39188d45d.jpeg\" alt=\"Palantir, startup de Estados Unidos.\" width=\"449\" height=\"299\" src=\"https:\/\/www.europesays.com\/es\/wp-content\/uploads\/2025\/10\/684b39188d45d.jpeg\" class=\"lazy\"\/><\/p>\n<p class=\"caption-title \">Palantir, empresa de Estados Unidos.<\/p>\n<p>                    Getty Images<\/p>\n<p data-gtm-element-container=\"modulo-texto-link\" class=\"paragraph\">Los disc\u00edpulos de Girard han sido tajantes en su cr\u00edtica a Thiel. Ellos, dicen, aceptan el Apocalipsis con serenidad y no desean que inocentes resulten da\u00f1ados: buscan menos cabezas de turco, no m\u00e1s. El propio Girard lo expres\u00f3 con claridad: \u201cCristo nos permiti\u00f3 encarar la realidad sin hundirnos en la locura (&#8230;). El Apocalipsis no anuncia el fin del mundo; crea esperanza\u201d.<\/p>\n<p data-gtm-element-container=\"modulo-texto-link\" class=\"paragraph\">Incluso cuando los textos del fil\u00f3sofo contradicen de manera frontal las tesis de Thiel, sus seguidores evitan enfrentarse a \u00e9l. Lo justifican con un argumento parad\u00f3jico: al hacerlo, podr\u00edan convertir al propio Thiel en un chivo expiatorio, justo lo que tratan de evitar.<\/p>\n<p data-gtm-element-container=\"modulo-texto-link\" class=\"paragraph\">Esa es la filosof\u00eda de uno de los hombres m\u00e1s ricos y poderosos del planeta: una interpretaci\u00f3n cuestionable de un pensador cat\u00f3lico franc\u00e9s, combinada con las ideas de un jurista nazi que dedic\u00f3 su vida a justificar la legitimidad del Estado alem\u00e1n de su tiempo.\u00a0<\/p>\n<p>        Lee tambi\u00e9n<\/p>\n<p>    Manu Collado<\/p>\n<p>             <img loading=\"lazy\" decoding=\"async\" data-full-src=\"https:\/\/www.lavanguardia.com\/uploads\/2025\/06\/02\/683da3cd481cb.jpeg\" alt=\"Fotograma de 'Mountainhead', protagonizada por Steve Carell.\" width=\"104\" height=\"108\" src=\"https:\/\/www.europesays.com\/es\/wp-content\/uploads\/2025\/10\/683da3cd481cb.jpeg\" class=\"lazy\"\/><\/p>\n<p data-gtm-element-container=\"modulo-texto-link\" class=\"paragraph\">Un c\u00f3ctel ideol\u00f3gico en el que Thiel invita a volver a la iglesia para sobrellevar la conciencia del Apocalipsis, mientras al mismo tiempo provee a la administraci\u00f3n Trump de software de reconocimiento facial para llevar a cabo deportaciones masivas. C\u00f3mo puede sostener ambas cosas a la vez es un misterio que solo Peter Thiel parece capaz de responder.<\/p>\n","protected":false},"excerpt":{"rendered":"Si dij\u00e9ramos que una de las personas m\u00e1s poderosas del mundo est\u00e1 obsesionada con el apocalipsis, el Anticristo&hellip;\n","protected":false},"author":2,"featured_media":157905,"comment_status":"","ping_status":"","sticky":false,"template":"","format":"standard","meta":{"footnotes":""},"categories":[42],"tags":[17,18,13,14,11,61,62,63,64,19,20,9,10,15,16,12,21,22,65,66,67],"class_list":{"0":"post-157904","1":"post","2":"type-post","3":"status-publish","4":"format-standard","5":"has-post-thumbnail","7":"category-internacional","8":"tag-breaking-news","9":"tag-breakingnews","10":"tag-featured-news","11":"tag-featurednews","12":"tag-headlines","13":"tag-internacional","14":"tag-international","15":"tag-international-news","16":"tag-internationalnews","17":"tag-latest-news","18":"tag-latestnews","19":"tag-news","20":"tag-noticias","21":"tag-noticias-destacadas","22":"tag-noticiasdestacadas","23":"tag-titulares","24":"tag-ultimas-noticias","25":"tag-ultimasnoticias","26":"tag-world","27":"tag-world-news","28":"tag-worldnews"},"share_on_mastodon":{"url":"","error":""},"_links":{"self":[{"href":"https:\/\/www.europesays.com\/es\/wp-json\/wp\/v2\/posts\/157904","targetHints":{"allow":["GET"]}}],"collection":[{"href":"https:\/\/www.europesays.com\/es\/wp-json\/wp\/v2\/posts"}],"about":[{"href":"https:\/\/www.europesays.com\/es\/wp-json\/wp\/v2\/types\/post"}],"author":[{"embeddable":true,"href":"https:\/\/www.europesays.com\/es\/wp-json\/wp\/v2\/users\/2"}],"replies":[{"embeddable":true,"href":"https:\/\/www.europesays.com\/es\/wp-json\/wp\/v2\/comments?post=157904"}],"version-history":[{"count":0,"href":"https:\/\/www.europesays.com\/es\/wp-json\/wp\/v2\/posts\/157904\/revisions"}],"wp:featuredmedia":[{"embeddable":true,"href":"https:\/\/www.europesays.com\/es\/wp-json\/wp\/v2\/media\/157905"}],"wp:attachment":[{"href":"https:\/\/www.europesays.com\/es\/wp-json\/wp\/v2\/media?parent=157904"}],"wp:term":[{"taxonomy":"category","embeddable":true,"href":"https:\/\/www.europesays.com\/es\/wp-json\/wp\/v2\/categories?post=157904"},{"taxonomy":"post_tag","embeddable":true,"href":"https:\/\/www.europesays.com\/es\/wp-json\/wp\/v2\/tags?post=157904"}],"curies":[{"name":"wp","href":"https:\/\/api.w.org\/{rel}","templated":true}]}}