{"id":157907,"date":"2025-10-05T11:49:08","date_gmt":"2025-10-05T11:49:08","guid":{"rendered":"https:\/\/www.europesays.com\/es\/157907\/"},"modified":"2025-10-05T11:49:08","modified_gmt":"2025-10-05T11:49:08","slug":"viajamos-a-valencia-para-fomentar-con-voz-propia-la-participacion-activa-en-las-organizaciones","status":"publish","type":"post","link":"https:\/\/www.europesays.com\/es\/157907\/","title":{"rendered":"Viajamos a Valencia para fomentar \u00abCon Voz Propia\u00bb la participaci\u00f3n activa en las organizaciones"},"content":{"rendered":"<p>El Encuentro <a href=\"https:\/\/www.plenainclusion.org\/l\/con-voz-propia\/\" rel=\"nofollow noopener\" target=\"_blank\">\u201cCon Voz Propia\u201d<\/a> ha hecho escala este fin de semana en la ciudad de Valencia para reunir a 260 familiares, personas con discapacidad intelectual o del desarrollo, federaciones y entidades del sector en un ambiente lleno de ganas de cambiar las cosas y compromiso.<\/p>\n<p>Durante tres d\u00edas, la tripulaci\u00f3n de este viaje simb\u00f3lico ha compartido <strong>aprendizajes y momentos de convivencia en torno a la autorrepresentaci\u00f3n y el coliderazgo<\/strong> dentro de las organizaciones. <a href=\"https:\/\/www.plenainclusion.org\/\" rel=\"nofollow noopener\" target=\"_blank\">Plena Inclusi\u00f3n Espa\u00f1a<\/a>, impulsora del proyecto, y\u00a0<a href=\"https:\/\/plenainclusioncv.org\/\" rel=\"nofollow noopener\" target=\"_blank\">Plena Inclusi\u00f3n Comunidad Valenciana<\/a> como anfitriones, han hecho que el fin de semana haya dejado momentos inolvidables e ideas muy interesantes.<\/p>\n<p>Tal y como ha afirmado Carmen Laucirica, presidenta de la confederaci\u00f3n, \u00abla participaci\u00f3n no es algo menor, es un derecho y, como tal, una necesidad; por eso tenemos que animar el talento de todas las personas, que son la base y el fin de nuestras entidades\u00bb.\u00a0<\/p>\n<p>Una delegaci\u00f3n de Plena Inclusi\u00f3n Madrid no ha querido faltar a la cita con la presencia de su director general, Javier Luengo, de miembros de la Junta Directiva as\u00ed como del Comit\u00e9 Auton\u00f3mico de Representantes y de entidades de la federaci\u00f3n madrile\u00f1a. Todos y todas han enriquecido las charlas y debates con reflexiones, propuestas y experiencias en primera persona.<\/p>\n","protected":false},"excerpt":{"rendered":"El Encuentro \u201cCon Voz Propia\u201d ha hecho escala este fin de semana en la ciudad de Valencia para&hellip;\n","protected":false},"author":2,"featured_media":157908,"comment_status":"","ping_status":"","sticky":false,"template":"","format":"standard","meta":{"footnotes":""},"categories":[5],"tags":[17,18,25,24,13,14,11,19,20,9,10,15,16,23,12,21,22],"class_list":{"0":"post-157907","1":"post","2":"type-post","3":"status-publish","4":"format-standard","5":"has-post-thumbnail","7":"category-titulares","8":"tag-breaking-news","9":"tag-breakingnews","10":"tag-es","11":"tag-espana","12":"tag-featured-news","13":"tag-featurednews","14":"tag-headlines","15":"tag-latest-news","16":"tag-latestnews","17":"tag-news","18":"tag-noticias","19":"tag-noticias-destacadas","20":"tag-noticiasdestacadas","21":"tag-spain","22":"tag-titulares","23":"tag-ultimas-noticias","24":"tag-ultimasnoticias"},"share_on_mastodon":{"url":"","error":""},"_links":{"self":[{"href":"https:\/\/www.europesays.com\/es\/wp-json\/wp\/v2\/posts\/157907","targetHints":{"allow":["GET"]}}],"collection":[{"href":"https:\/\/www.europesays.com\/es\/wp-json\/wp\/v2\/posts"}],"about":[{"href":"https:\/\/www.europesays.com\/es\/wp-json\/wp\/v2\/types\/post"}],"author":[{"embeddable":true,"href":"https:\/\/www.europesays.com\/es\/wp-json\/wp\/v2\/users\/2"}],"replies":[{"embeddable":true,"href":"https:\/\/www.europesays.com\/es\/wp-json\/wp\/v2\/comments?post=157907"}],"version-history":[{"count":0,"href":"https:\/\/www.europesays.com\/es\/wp-json\/wp\/v2\/posts\/157907\/revisions"}],"wp:featuredmedia":[{"embeddable":true,"href":"https:\/\/www.europesays.com\/es\/wp-json\/wp\/v2\/media\/157908"}],"wp:attachment":[{"href":"https:\/\/www.europesays.com\/es\/wp-json\/wp\/v2\/media?parent=157907"}],"wp:term":[{"taxonomy":"category","embeddable":true,"href":"https:\/\/www.europesays.com\/es\/wp-json\/wp\/v2\/categories?post=157907"},{"taxonomy":"post_tag","embeddable":true,"href":"https:\/\/www.europesays.com\/es\/wp-json\/wp\/v2\/tags?post=157907"}],"curies":[{"name":"wp","href":"https:\/\/api.w.org\/{rel}","templated":true}]}}