{"id":157925,"date":"2025-10-05T12:09:07","date_gmt":"2025-10-05T12:09:07","guid":{"rendered":"https:\/\/www.europesays.com\/es\/157925\/"},"modified":"2025-10-05T12:09:07","modified_gmt":"2025-10-05T12:09:07","slug":"mas-autonomia-y-nuevas-funciones-para-conquistar-el-mercado","status":"publish","type":"post","link":"https:\/\/www.europesays.com\/es\/157925\/","title":{"rendered":"m\u00e1s autonom\u00eda y nuevas funciones para conquistar el mercado"},"content":{"rendered":"<p class=\"voc-p\" style=\"\">Tesla ha anunciado importantes actualizaciones de hardware para sus modelos m\u00e1s populares, el Model 3 y el Model Y. Estas mejoras buscan optimizar la autonom\u00eda y funcionalidad, garantizando que los propietarios disfruten de una experiencia de conducci\u00f3n m\u00e1s completa y eficiente en cualquier clima.<\/p>\n<p class=\"voc-p\" style=\"\">Las novedades m\u00e1s significativas se concentran en el Model 3, que estrena una nueva c\u00e1mara delantera integrada en la defensa. Esta c\u00e1mara ampl\u00eda la visi\u00f3n del entorno en la pantalla central y, lo que es crucial para la conducci\u00f3n diaria, est\u00e1 equipada con limpiaparabrisas y calefacci\u00f3n integrada para asegurar que se mantenga limpia y sin empa\u00f1amiento bajo cualquier condici\u00f3n meteorol\u00f3gica.<\/p>\n<p class=\"voc-p\" style=\"\"> Adem\u00e1s, el Model 3 incorpora una nueva palanca de intermitentes redise\u00f1ada con precisi\u00f3n para garantizar un control m\u00e1s sencillo durante la conducci\u00f3n.<\/p>\n<p class=\"voc-p\" style=\"\">En cuanto a rendimiento, ambos modelos experimentan un notable aumento en la autonom\u00eda gracias a paquetes de bater\u00edas mejorados que utilizan celdas de mayor densidad.<\/p>\n<p class=\"voc-p\" style=\"\"> La combinaci\u00f3n de esta tecnolog\u00eda con la ya l\u00edder eficiencia de Tesla se traduce en un rango operativo mayor en el mundo real. En el Model 3, todas las variantes ven incrementada su autonom\u00eda: la versi\u00f3n con Tracci\u00f3n trasera ahora ofrece 520 km (WLTP) con llantas de 19 pulgadas, mientras que el Model 3 de Gran Autonom\u00eda con Tracci\u00f3n trasera alcanza los 750 km (WLTP). <\/p>\n<p class=\"voc-p\" style=\"\">La variante de Gran Autonom\u00eda con Tracci\u00f3n a las cuatro ruedas ofrece ahora 716 km estimados, y el deportivo Model 3 Performance logra 571 km (WLTP). El Model Y tambi\u00e9n se beneficia de estas mejoras, con la variante Gran Autonom\u00eda con Tracci\u00f3n a las cuatro ruedas incrementando su autonom\u00eda estimada a 629 km.<\/p>\n<p class=\"voc-p\" style=\"\">En Espa\u00f1a Tesla ha crecido un 28% en el tercer trimestre del a\u00f1o frente al mismo per\u00edodo del a\u00f1o anterior, lo que le ha permitido alcanzar 12.000 unidades vendidas en lo que va de a\u00f1o, lo que supone un incremento interanual del 9,5%.<\/p>\n<p class=\"voc-p\" style=\"\">Adem\u00e1s, la firma estadounidense ha alcanzado el hito de 50.000 veh\u00edculos en circulaci\u00f3n por las carreteras espa\u00f1olas, de los cuales casi 30.000 unidades se han matriculado en los \u00faltimos dos a\u00f1os.<\/p>\n<p class=\"voc-p\" style=\"\">A cierre de septiembre, Tesla ha registrado uno de los mejores meses en el hist\u00f3rico de ventas, tras posicionar el Model 3 como el el\u00e9ctrico m\u00e1s vendido en Espa\u00f1a.<\/p>\n<p class=\"voc-p\" style=\"\">A nivel mundial Tesla registr\u00f3 en el tercer trimestre de 2025 un aumento de las ventas del 7% con respecto al a\u00f1o anterior, muy por encima de las expectativas. Despu\u00e9s de tres meses consecutivos en descenso, el anuncio representa una se\u00f1al de recuperaci\u00f3n para el grupo dirigido por Elon Musk.<\/p>\n<p class=\"voc-p\" style=\"\">Entre julio y septiembre, Tesla entreg\u00f3 497.099 veh\u00edculos, seg\u00fan un comunicado publicado el jueves, frente a los 440.000 que esperaban los analistas.<\/p>\n<p>Reportar un error<\/p>\n","protected":false},"excerpt":{"rendered":"Tesla ha anunciado importantes actualizaciones de hardware para sus modelos m\u00e1s populares, el Model 3 y el Model&hellip;\n","protected":false},"author":2,"featured_media":157926,"comment_status":"","ping_status":"","sticky":false,"template":"","format":"standard","meta":{"footnotes":""},"categories":[80],"tags":[38354,82,16522,95,94,25,24,38934,1239,3774,2860,23,12336],"class_list":{"0":"post-157925","1":"post","2":"type-post","3":"status-publish","4":"format-standard","5":"has-post-thumbnail","7":"category-economia","8":"tag-autonomia","9":"tag-business","10":"tag-conquistar","11":"tag-economia","12":"tag-economy","13":"tag-es","14":"tag-espana","15":"tag-funciones","16":"tag-mercado","17":"tag-model","18":"tag-nuevas","19":"tag-spain","20":"tag-tesla"},"share_on_mastodon":{"url":"","error":""},"_links":{"self":[{"href":"https:\/\/www.europesays.com\/es\/wp-json\/wp\/v2\/posts\/157925","targetHints":{"allow":["GET"]}}],"collection":[{"href":"https:\/\/www.europesays.com\/es\/wp-json\/wp\/v2\/posts"}],"about":[{"href":"https:\/\/www.europesays.com\/es\/wp-json\/wp\/v2\/types\/post"}],"author":[{"embeddable":true,"href":"https:\/\/www.europesays.com\/es\/wp-json\/wp\/v2\/users\/2"}],"replies":[{"embeddable":true,"href":"https:\/\/www.europesays.com\/es\/wp-json\/wp\/v2\/comments?post=157925"}],"version-history":[{"count":0,"href":"https:\/\/www.europesays.com\/es\/wp-json\/wp\/v2\/posts\/157925\/revisions"}],"wp:featuredmedia":[{"embeddable":true,"href":"https:\/\/www.europesays.com\/es\/wp-json\/wp\/v2\/media\/157926"}],"wp:attachment":[{"href":"https:\/\/www.europesays.com\/es\/wp-json\/wp\/v2\/media?parent=157925"}],"wp:term":[{"taxonomy":"category","embeddable":true,"href":"https:\/\/www.europesays.com\/es\/wp-json\/wp\/v2\/categories?post=157925"},{"taxonomy":"post_tag","embeddable":true,"href":"https:\/\/www.europesays.com\/es\/wp-json\/wp\/v2\/tags?post=157925"}],"curies":[{"name":"wp","href":"https:\/\/api.w.org\/{rel}","templated":true}]}}