{"id":157927,"date":"2025-10-05T12:10:09","date_gmt":"2025-10-05T12:10:09","guid":{"rendered":"https:\/\/www.europesays.com\/es\/157927\/"},"modified":"2025-10-05T12:10:09","modified_gmt":"2025-10-05T12:10:09","slug":"las-incognitas-del-plan-de-paz-de-trump-para-gaza-cisjordania-es-el-premio-gordo","status":"publish","type":"post","link":"https:\/\/www.europesays.com\/es\/157927\/","title":{"rendered":"Las inc\u00f3gnitas del plan de paz de Trump para Gaza: \u00abCisjordania es el premio gordo\u00bb"},"content":{"rendered":"<p class=\"articleParagraph\">Las <b>negociaciones para establecer una paz en Gaza est\u00e1n cada vez m\u00e1s cerca<\/b>. Se espera que tanto la delegaci\u00f3n de Ham\u00e1s, como la de Qatar, Estados Unidos y Egipto -Estados mediadores- lleguen a El Cairo este lunes para abordar el di\u00e1logo indirecto. El enviado de Estados Unidos en Oriente Medio, Steve Witkoff, viaj\u00f3 este s\u00e1bado a Egipto para tomar parte en las conversaciones.<\/p>\n<p class=\"articleParagraph\">El plan de paz que el presidente de EEUU, Donald Trump, present\u00f3 este lunes en la Casa Blanca junto al primer ministro israel\u00ed, Benjamin Netanyahu, <b>est\u00e1 redactado en un lenguaje \u00abmuy trumpista\u00bb<\/b> y basado en 20 puntos, entre los que se encuentran los siguientes:<\/p>\n<ul class=\"articleList\">\n<li class=\"articleList-item\"><b>Liberaci\u00f3n y regreso de todos los rehenes<\/b> (20 vivos y 25 cad\u00e1veres) a cambio de unos 2.000 prisioneros que est\u00e1n en las c\u00e1rceles israel\u00edes.<\/li>\n<li class=\"articleList-item\"><b>Desarme de Ham\u00e1s<\/b>, incluida una amnist\u00eda para quienes rechacen la violencia o se exilien.<\/li>\n<li class=\"articleList-item\"><b>Reconstrucci\u00f3n <\/b>de Gaza.<\/li>\n<li class=\"articleList-item\"><b>Fuerza multinacional de paz<\/b> integrada por pa\u00edses musulmanes o \u00e1rabes para generar menos fricci\u00f3n en Gaza que se encarguen de la seguridad: sacar a Ham\u00e1s de Gaza.<\/li>\n<li class=\"articleList-item\">La <b>entrada de la ONU<\/b>, la Media Luna Roja, para aliviar la situaci\u00f3n humanitaria.<\/li>\n<li class=\"articleList-item\">Un <b>Gobierno tecn\u00f3crata <\/b>de gazat\u00edes que se encargue de todo el plan de paz, pero que est\u00e9 supervisado por un gabinete liderado por Trump (Tony Blair formar\u00eda parte como miembro asesor de ese consejo).<\/li>\n<\/ul>\n<p>Cisjordania: la gran inc\u00f3gnita del plan de paz de Trump<\/p>\n<p class=\"articleParagraph\">Seg\u00fan explican en &#8216;El orden mundial&#8217; de &#8216;Julia en la onda&#8217;, <b>la idea es construir una especie de Singapur o Abu Dhabi<\/b> a orillas del Mediterr\u00e1neo: \u00abEn realidad ser\u00eda una versi\u00f3n un poco amable para Israel porque si le quitas toda la sustancia contestataria en Gaza y le metes desarrollo econ\u00f3mico, al final puede ser muy admisible\u00bb.<\/p>\n<p class=\"articleParagraph\">Sin embargo, hay que dejar clara una cosa y es que <b>el acuerdo se circunscribe \u00fanicamente a Gaza. No se habla nada de Cisjordania<\/b>, que es \u00abel premio gordo que realmente ans\u00edan Netanyahu y sus afines ultras porque es el gran coraz\u00f3n del Estado Palestino donde ya est\u00e1n los asentamientos\u00bb. De hecho, el primer ministro israel\u00ed ya ha amenazado en muchas ocasiones con anexionarse Cisjordania.<\/p>\n<p>La espectacular reacci\u00f3n global<\/p>\n<p class=\"articleParagraph\">Decenas de miles de personas <b>abarrotaron ayer las calles de toda Espa\u00f1a en apoyo a Palestina y contra el Gobierno de Israel<\/b>. Seg\u00fan los organizadores, por ejemplo, en Barcelona se llegaron a congregar hasta 100.000 personas. Al final, est\u00e1 siendo la poblaci\u00f3n la que est\u00e1 empujando a sus gobernantes a que tomen partido.<\/p>\n<p class=\"articleParagraph\">\u00abCuando fueron las protestas en La Vuelta, hablamos de la estrategia de imposici\u00f3n de costes, de presionar a Israel para que cada paso que da tenga un coste pol\u00edtico. Y con la Flotilla ha pasado lo mismo. Todos asum\u00edamos que no iba a llegar a Gaza, pero que si Israel quer\u00eda pararla, tendr\u00eda que asumir un coste pol\u00edtico muy grande. Y esto es lo que vemos en las manifestaciones\u00bb, explica.<\/p>\n<p class=\"articleParagraph\">Por tanto, Europa parece que se est\u00e1 moviendo hacia esa presi\u00f3n y esa es una de las razones por las que <b>a Netanyahu le interesa parecer que cede para aliviar esa presi\u00f3n y que Europa le deje tranquilo<\/b>.<\/p>\n","protected":false},"excerpt":{"rendered":"Las negociaciones para establecer una paz en Gaza est\u00e1n cada vez m\u00e1s cerca. Se espera que tanto la&hellip;\n","protected":false},"author":2,"featured_media":157928,"comment_status":"","ping_status":"","sticky":false,"template":"","format":"standard","meta":{"footnotes":""},"categories":[42],"tags":[17,18,13,14,11,61,62,63,64,19,20,9,10,15,16,12,21,22,65,66,67],"class_list":{"0":"post-157927","1":"post","2":"type-post","3":"status-publish","4":"format-standard","5":"has-post-thumbnail","7":"category-internacional","8":"tag-breaking-news","9":"tag-breakingnews","10":"tag-featured-news","11":"tag-featurednews","12":"tag-headlines","13":"tag-internacional","14":"tag-international","15":"tag-international-news","16":"tag-internationalnews","17":"tag-latest-news","18":"tag-latestnews","19":"tag-news","20":"tag-noticias","21":"tag-noticias-destacadas","22":"tag-noticiasdestacadas","23":"tag-titulares","24":"tag-ultimas-noticias","25":"tag-ultimasnoticias","26":"tag-world","27":"tag-world-news","28":"tag-worldnews"},"share_on_mastodon":{"url":"","error":""},"_links":{"self":[{"href":"https:\/\/www.europesays.com\/es\/wp-json\/wp\/v2\/posts\/157927","targetHints":{"allow":["GET"]}}],"collection":[{"href":"https:\/\/www.europesays.com\/es\/wp-json\/wp\/v2\/posts"}],"about":[{"href":"https:\/\/www.europesays.com\/es\/wp-json\/wp\/v2\/types\/post"}],"author":[{"embeddable":true,"href":"https:\/\/www.europesays.com\/es\/wp-json\/wp\/v2\/users\/2"}],"replies":[{"embeddable":true,"href":"https:\/\/www.europesays.com\/es\/wp-json\/wp\/v2\/comments?post=157927"}],"version-history":[{"count":0,"href":"https:\/\/www.europesays.com\/es\/wp-json\/wp\/v2\/posts\/157927\/revisions"}],"wp:featuredmedia":[{"embeddable":true,"href":"https:\/\/www.europesays.com\/es\/wp-json\/wp\/v2\/media\/157928"}],"wp:attachment":[{"href":"https:\/\/www.europesays.com\/es\/wp-json\/wp\/v2\/media?parent=157927"}],"wp:term":[{"taxonomy":"category","embeddable":true,"href":"https:\/\/www.europesays.com\/es\/wp-json\/wp\/v2\/categories?post=157927"},{"taxonomy":"post_tag","embeddable":true,"href":"https:\/\/www.europesays.com\/es\/wp-json\/wp\/v2\/tags?post=157927"}],"curies":[{"name":"wp","href":"https:\/\/api.w.org\/{rel}","templated":true}]}}