{"id":157929,"date":"2025-10-05T12:11:07","date_gmt":"2025-10-05T12:11:07","guid":{"rendered":"https:\/\/www.europesays.com\/es\/157929\/"},"modified":"2025-10-05T12:11:07","modified_gmt":"2025-10-05T12:11:07","slug":"cientos-de-miles-marchan-en-europa-en-apoyo-a-palestinos-dw-05-10-2025","status":"publish","type":"post","link":"https:\/\/www.europesays.com\/es\/157929\/","title":{"rendered":"Cientos de miles marchan en Europa en apoyo a palestinos \u2013 DW \u2013 05\/10\/2025"},"content":{"rendered":"<p>Cientos de miles de personas salieron a las calles en toda <a class=\"internal-link\" href=\"https:\/\/www.dw.com\/es\/europa\/t-18446109\" rel=\"nofollow noopener\" target=\"_blank\">Europa<\/a> este s\u00e1bado (04.10.2025) para exigir el fin inmediato de la guerra en <a class=\"internal-link\" href=\"https:\/\/www.dw.com\/es\/franja-de-gaza\/t-67111647\" rel=\"nofollow noopener\" target=\"_blank\">Gaza<\/a> y la liberaci\u00f3n de los <a class=\"internal-link\" href=\"https:\/\/www.dw.com\/es\/barcos-de-la-flotilla-fueron-rodeados-y-son-trasladados-a-israel\/a-74210233\" rel=\"nofollow noopener\" target=\"_blank\">activistas detenidos a bordo de una flotilla humanitaria interceptada<\/a> por <a class=\"internal-link\" href=\"https:\/\/www.dw.com\/es\/israel\/t-17412656\" rel=\"nofollow noopener\" target=\"_blank\">Israel<\/a>.<\/p>\n<p>\u00abTodos somos palestinos\u00bb, \u00abPalestina libre\u00bb, \u00abAlto al genocidio\u00bb, coreaban los manifestantes en Roma, donde una marea humana march\u00f3 por cuarto d\u00eda consecutivo, tras la interceptaci\u00f3n esta semana de una flotilla de 45 embarcaciones que intentaba llegar a Gaza con ayuda.<\/p>\n<p>Los organizadores anunciaron \u00abun mill\u00f3n\u00bb de manifestantes en Roma, pero la prefectura de polic\u00eda de la capital italiana dijo a la AFP que participaron unas 250.000 personas.<\/p>\n<p>Unos 70.000 manifestantes, seg\u00fan la polic\u00eda, recorrieron Barcelona en un ambiente pac\u00edfico, en una de las m\u00faltiples protestas propalestinas celebradas en toda Espa\u00f1a.<\/p>\n<p>En Dubl\u00edn, miles marcharon por el centro de la capital irlandesa para conmemorar lo que los organizadores calificaron como \u00abdos a\u00f1os de genocidio\u00bb en Gaza.<\/p>\n<p>Irlanda y Espa\u00f1a son algunos de los pa\u00edses m\u00e1s cr\u00edticos en Europa frente la ofensiva militar de Israel en Gaza, iniciada en respuesta a los ataques del 7 de octubre de 2023 por parte de Ham\u00e1s, organizaci\u00f3n considerada terrorista por la UE, Estados Unidos y otros pa\u00edses.<\/p>\n<p><img data-format=\"MASTER_LANDSCAPE\" data-id=\"74236703\" data-url=\"https:\/\/static.dw.com\/image\/74236703_${formatId}.jpg\" data-aspect-ratio=\"16\/9\" alt=\"En Roma marcharon unas 250.000 personas, seg\u00fan cifras de las autoridades.\" style=\"padding-bottom: 56.25%; height: 0; max-height: 0;\"\/>En Roma marcharon unas 250.000 personas, seg\u00fan cifras de las autoridades.Imagen: Filippo Monteforte\/AFP<\/p>\n<p>En Par\u00eds, donde se congregaron unas 10.000 personas, una portavoz del contingente franc\u00e9s de Global Sumud, Helene Coron, dijo a la multitud: \u00ab\u00a1Nunca nos detendremos!\u00bb.<\/p>\n<p>Multitudes salieron a las calles en Madrid y Barcelona<\/p>\n<p>Manifestantes en Barcelona entonaban c\u00e1nticos como \u00ab\u00a1Boicot a Israel!\u00bb o \u00ab\u00a1Free Palestine!\u00bb.<\/p>\n<p>\u00abHace muchos a\u00f1os que la pol\u00edtica de Israel no es correcta y hemos de salir a la calle\u00bb, indic\u00f3 a la AFP Marta Carranza, una jubilada de 65 a\u00f1os que se manifestaba con una bandera palestina a la espalda.<\/p>\n<p>En Madrid unas 92.000 personas, seg\u00fan la Delegaci\u00f3n del Gobierno en Madrid, salieron a las calles.<\/p>\n<p>\u00abSomos nosotros, los que no tenemos la vida en riesgo, los que tenemos que luchar por aquellos que verdaderamente lo est\u00e1n sufriendo\u00bb, indic\u00f3 a AFPTV Marcos Pagadizabal, un estudiante de 19 a\u00f1os que participaba en la marcha.<\/p>\n<p><img data-format=\"MASTER_LANDSCAPE\" data-id=\"74236733\" data-url=\"https:\/\/static.dw.com\/image\/74236733_${formatId}.jpg\" data-aspect-ratio=\"16\/9\" alt=\"En las calles de Par\u00eds, los manifestantes tambien ondearon banderas palestinas.\" style=\"padding-bottom: 56.25%; height: 0; max-height: 0;\"\/>En las calles de Par\u00eds, los manifestantes tambien ondearon banderas palestinas.Imagen: Anna Kurth\/AFP<\/p>\n<p>Las embarcaciones de ayuda de la flotilla con destino a Gaza fueron interceptadas esta semana por Israel tras haber partido a inicios de septiembre de Barcelona.<\/p>\n<p>Unos 50 espa\u00f1oles se encuentran entre los miembros de la flotilla detenidos en Israel, indic\u00f3 este s\u00e1bado el ministro espa\u00f1ol de Asuntos Exteriores, Jos\u00e9 Manuel Albares, durante una entrevista con la televisi\u00f3n p\u00fablica.<\/p>\n<p>En Irlanda, los oradores pidieron sanciones contra Israel y el fin inmediato de la guerra. Exigieron adem\u00e1s que los palestinos participen en cualquier plan de alto el fuego.<\/p>\n<p>\u00abCualquier plan que se haga sin la participaci\u00f3n del liderazgo o del pueblo afectado debe ser puesto en duda\u00bb, dijo John-Paul Murphy, un m\u00e9dico de 37 a\u00f1os.<\/p>\n<p><a class=\"internal-link\" href=\"https:\/\/www.dw.com\/es\/casi-500-detenidos-en-protesta-propalestina-en-londres\/a-74238294\" rel=\"nofollow noopener\" target=\"_blank\">En Londres, la polic\u00eda inform\u00f3 de al menos 355 arrestos<\/a> durante una concentraci\u00f3n en apoyo al grupo proscrito Palestine Action.<\/p>\n<p>El primer ministro Keir Starmer pidi\u00f3 anular las protestas este fin de semana, tras el ataque mortal a una sinagoga ocurrido el jueves<\/p>\n<p>jc (afp, reuters)\u00a0\u00a0\u00a0\u00a0\u00a0<\/p>\n<p>\u00a0<\/p>\n","protected":false},"excerpt":{"rendered":"Cientos de miles de personas salieron a las calles en toda Europa este s\u00e1bado (04.10.2025) para exigir el&hellip;\n","protected":false},"author":2,"featured_media":157930,"comment_status":"","ping_status":"","sticky":false,"template":"","format":"standard","meta":{"footnotes":""},"categories":[8],"tags":[17,18,25,24,13,14,11,19,20,9,10,15,16,23,12,21,22],"class_list":{"0":"post-157929","1":"post","2":"type-post","3":"status-publish","4":"format-standard","5":"has-post-thumbnail","7":"category-espana","8":"tag-breaking-news","9":"tag-breakingnews","10":"tag-es","11":"tag-espana","12":"tag-featured-news","13":"tag-featurednews","14":"tag-headlines","15":"tag-latest-news","16":"tag-latestnews","17":"tag-news","18":"tag-noticias","19":"tag-noticias-destacadas","20":"tag-noticiasdestacadas","21":"tag-spain","22":"tag-titulares","23":"tag-ultimas-noticias","24":"tag-ultimasnoticias"},"share_on_mastodon":{"url":"","error":""},"_links":{"self":[{"href":"https:\/\/www.europesays.com\/es\/wp-json\/wp\/v2\/posts\/157929","targetHints":{"allow":["GET"]}}],"collection":[{"href":"https:\/\/www.europesays.com\/es\/wp-json\/wp\/v2\/posts"}],"about":[{"href":"https:\/\/www.europesays.com\/es\/wp-json\/wp\/v2\/types\/post"}],"author":[{"embeddable":true,"href":"https:\/\/www.europesays.com\/es\/wp-json\/wp\/v2\/users\/2"}],"replies":[{"embeddable":true,"href":"https:\/\/www.europesays.com\/es\/wp-json\/wp\/v2\/comments?post=157929"}],"version-history":[{"count":0,"href":"https:\/\/www.europesays.com\/es\/wp-json\/wp\/v2\/posts\/157929\/revisions"}],"wp:featuredmedia":[{"embeddable":true,"href":"https:\/\/www.europesays.com\/es\/wp-json\/wp\/v2\/media\/157930"}],"wp:attachment":[{"href":"https:\/\/www.europesays.com\/es\/wp-json\/wp\/v2\/media?parent=157929"}],"wp:term":[{"taxonomy":"category","embeddable":true,"href":"https:\/\/www.europesays.com\/es\/wp-json\/wp\/v2\/categories?post=157929"},{"taxonomy":"post_tag","embeddable":true,"href":"https:\/\/www.europesays.com\/es\/wp-json\/wp\/v2\/tags?post=157929"}],"curies":[{"name":"wp","href":"https:\/\/api.w.org\/{rel}","templated":true}]}}