{"id":157931,"date":"2025-10-05T12:12:08","date_gmt":"2025-10-05T12:12:08","guid":{"rendered":"https:\/\/www.europesays.com\/es\/157931\/"},"modified":"2025-10-05T12:12:08","modified_gmt":"2025-10-05T12:12:08","slug":"la-alcaldesa-destaca-el-valor-de-la-llena-de-gracia-recogiendo-lo-que-significo-la-magna-mariana-para-jerez-hace-un-ano","status":"publish","type":"post","link":"https:\/\/www.europesays.com\/es\/157931\/","title":{"rendered":"La alcaldesa destaca el valor de &#8216;La llena de Gracia&#8217; recogiendo lo que signific\u00f3 la Magna Mariana para Jerez hace un a\u00f1o"},"content":{"rendered":"<p>La alcaldesa de Jerez, Mar\u00eda Jos\u00e9 Garc\u00eda-Pelayo, ha asistido <strong>al estreno del documental &#8216;La llena de Gracia&#8217; <\/strong>que recoge todo lo acontecido con <strong>la Magna Mariana que se celebr\u00f3 el a\u00f1o pasado en nuestra ciudad.<\/strong> El estreno ha tenido lugar en el Teatro Villamarta, y el acto, organizado por la Uni\u00f3n de Hermandades, ha contado con la asistencia del director de la pel\u00edcula, Jos\u00e9 Manuel Melero Daza, el presidente de la Uni\u00f3n de Hermandades, Jos\u00e9 Manuel Garc\u00eda Cordero, los tenientes de alcaldesa, Agust\u00edn Mu\u00f1oz, Jaime Espinar, Susana S\u00e1nchez Toro, Antonio Real e Ignacio Mart\u00ednez, y el delegado de Cultura, Francisco Zurita.<\/p>\n<p><strong>La alcaldesa ha felicitado al director de la cinta y a la productora jerezana &#8216;Handa Movies&#8217;<\/strong> \u00abporque han sabido reflejar lo qu\u00e9 signific\u00f3 para la ciudad la celebraci\u00f3n de la Magna Mariana en octubre del a\u00f1o pasado. <strong>Una procesi\u00f3n que congreg\u00f3 a 37 palios de nuestra ciudad<\/strong> en una muestra impresionante de belleza cofradiera y del rico patrimonio sacro que atesoran nuestras hermandades. <strong>Todos estos aspectos se ven reflejados en la pel\u00edcula que adem\u00e1s recoge los preparativos para este gran acontecimiento cofrade. <\/strong>Estoy segura de que cofrades o no todos podemos disfrutar de esta pel\u00edcula que adem\u00e1s cuenta con la profesionalidad de Melero Daza y todo su equipo\u00bb.<\/p>\n<p>Garc\u00eda-Pelayo tambi\u00e9n ha recordado el \u00e9xito que supuso la celebraci\u00f3n de la Magna \u00aba pesar de que tuvimos que retrasarla una semana por las inclemencias meteorol\u00f3gicas f<strong>ue todo un \u00e9xito de organizaci\u00f3n y participaci\u00f3n<\/strong>, demostrando que Jerez est\u00e1 a la altura cuando se trata de organizar grandes eventos, <strong>consolid\u00e1ndonos como la gran ciudad de eventos que somos<\/strong> y que se ha demostrado tambi\u00e9n despu\u00e9s con las zambombas en Navidad o el Gran Premio o la Feria del Caballo\u00bb.<\/p>\n<p>La alcaldesa tambi\u00e9n se ha referido a que la Magna supuso un \u00abescaparate con una promoci\u00f3n impagable de la imagen de la ciudad. Y tambi\u00e9n supuso un \u00e9xito para el sector tur\u00edstico de la ciudad\u00bb.<\/p>\n<p>\u00abTodas estas buenas sensaciones y la emoci\u00f3n\u00a0 que nos produjo la Magna Mariana las podemos volver a revivir con esta espectacular pel\u00edcula realizada por Jos\u00e9 Manuel Melero. Por lo que animo a los jerezanos y no jerezanos que disfruten con este relato de lo que <strong>fue uno de los eventos m\u00e1s importantes que ha vivido la ciudad en los \u00faltimos a\u00f1os\u00bb.<\/strong><\/p>\n<p>La obra, de noventa y dos minutos de duraci\u00f3n, cuenta con direcci\u00f3n de Jos\u00e9 Manuel Melero, de la productora jerezana \u2018Handa Movies\u2019 y recoge todo lo sucedido durante la jornada del 19 de octubre de 2024 as\u00ed como lo acontecido durante los meses previos a esta fecha, conformando una narraci\u00f3n coral que expone tanto la preparaci\u00f3n de la procesi\u00f3n, como las actividades paralelas organizadas en torno a esta celebraci\u00f3n sin duda hist\u00f3rica.<\/p>\n","protected":false},"excerpt":{"rendered":"La alcaldesa de Jerez, Mar\u00eda Jos\u00e9 Garc\u00eda-Pelayo, ha asistido al estreno del documental &#8216;La llena de Gracia&#8217; que&hellip;\n","protected":false},"author":2,"featured_media":157932,"comment_status":"","ping_status":"","sticky":false,"template":"","format":"standard","meta":{"footnotes":""},"categories":[5],"tags":[17,18,25,24,13,14,11,19,20,9,10,15,16,23,12,21,22],"class_list":{"0":"post-157931","1":"post","2":"type-post","3":"status-publish","4":"format-standard","5":"has-post-thumbnail","7":"category-titulares","8":"tag-breaking-news","9":"tag-breakingnews","10":"tag-es","11":"tag-espana","12":"tag-featured-news","13":"tag-featurednews","14":"tag-headlines","15":"tag-latest-news","16":"tag-latestnews","17":"tag-news","18":"tag-noticias","19":"tag-noticias-destacadas","20":"tag-noticiasdestacadas","21":"tag-spain","22":"tag-titulares","23":"tag-ultimas-noticias","24":"tag-ultimasnoticias"},"share_on_mastodon":{"url":"","error":""},"_links":{"self":[{"href":"https:\/\/www.europesays.com\/es\/wp-json\/wp\/v2\/posts\/157931","targetHints":{"allow":["GET"]}}],"collection":[{"href":"https:\/\/www.europesays.com\/es\/wp-json\/wp\/v2\/posts"}],"about":[{"href":"https:\/\/www.europesays.com\/es\/wp-json\/wp\/v2\/types\/post"}],"author":[{"embeddable":true,"href":"https:\/\/www.europesays.com\/es\/wp-json\/wp\/v2\/users\/2"}],"replies":[{"embeddable":true,"href":"https:\/\/www.europesays.com\/es\/wp-json\/wp\/v2\/comments?post=157931"}],"version-history":[{"count":0,"href":"https:\/\/www.europesays.com\/es\/wp-json\/wp\/v2\/posts\/157931\/revisions"}],"wp:featuredmedia":[{"embeddable":true,"href":"https:\/\/www.europesays.com\/es\/wp-json\/wp\/v2\/media\/157932"}],"wp:attachment":[{"href":"https:\/\/www.europesays.com\/es\/wp-json\/wp\/v2\/media?parent=157931"}],"wp:term":[{"taxonomy":"category","embeddable":true,"href":"https:\/\/www.europesays.com\/es\/wp-json\/wp\/v2\/categories?post=157931"},{"taxonomy":"post_tag","embeddable":true,"href":"https:\/\/www.europesays.com\/es\/wp-json\/wp\/v2\/tags?post=157931"}],"curies":[{"name":"wp","href":"https:\/\/api.w.org\/{rel}","templated":true}]}}