{"id":157939,"date":"2025-10-05T12:24:13","date_gmt":"2025-10-05T12:24:13","guid":{"rendered":"https:\/\/www.europesays.com\/es\/157939\/"},"modified":"2025-10-05T12:24:13","modified_gmt":"2025-10-05T12:24:13","slug":"es-lo-mas-hermoso-que-he-visto-en-mi-vida","status":"publish","type":"post","link":"https:\/\/www.europesays.com\/es\/157939\/","title":{"rendered":"Es lo m\u00e1s hermoso que he visto en mi vida"},"content":{"rendered":"<p data-journey-content=\"true\" data-node-id=\"3\" class=\"css-6wxqfj emevuu60\">El enigm\u00e1tico creador de mundos como &#8216;<a href=\"https:\/\/www.fotogramas.es\/perdidos-serie-tv\/\" data-vars-ga-outbound-link=\"https:\/\/www.fotogramas.es\/perdidos-serie-tv\/\" data-vars-ga-ux-element=\"Hyperlink\" data-vars-ga-call-to-action=\"Lost (Perdidos)\" data-node-id=\"3.1\" class=\"body-link css-d2so5l emevuu60\" rel=\"nofollow noopener\" target=\"_blank\">Lost (Perdidos)<\/a>&#8216;, y responsable de dos de los nuevos cap\u00edtulos del universo &#8216;<a href=\"https:\/\/www.fotogramas.es\/star-wars-peliculas\/\" data-vars-ga-outbound-link=\"https:\/\/www.fotogramas.es\/star-wars-peliculas\/\" data-vars-ga-ux-element=\"Hyperlink\" data-vars-ga-call-to-action=\"Star Wars\" data-node-id=\"3.3\" class=\"body-link css-d2so5l emevuu60\" rel=\"nofollow noopener\" target=\"_blank\">Star Wars<\/a>&#8216;, J.J. Abrams, concibi\u00f3 junto al novelista Doug Dorst una obra sorprendente que rompe los moldes de lo que entendemos por novela. El resultado es <strong data-node-id=\"3.5\">&#8216;S. El barco de Teseo&#8217;, una compleja experiencia literaria que en realidad contiene varias historias dentro de un mismo volumen<\/strong>: una novela dentro de otra novela, un rompecabezas narrativo que fascina tanto como desconcierta. <\/p>\n<p><img draggable=\"true\" alt=\"perdidos serie josh holloway\" title=\"perdidos serie josh holloway\" loading=\"lazy\" width=\"2000\" height=\"2500\" decoding=\"async\" data-nimg=\"1\" style=\"color:transparent;width:100%;height:auto;\"   src=\"https:\/\/www.europesays.com\/es\/wp-content\/uploads\/2025\/10\/perdidos-serie-68308605d6a57.jpg\" class=\"css-0 e1g79fud0\"\/><\/p>\n<p>ABC<\/p>\n<p data-journey-content=\"true\" data-node-id=\"8\" class=\"css-6wxqfj emevuu60\">La cr\u00edtica internacional se rindi\u00f3 ante este experimento desde su primera publicaci\u00f3n en ingl\u00e9s en 2013. <strong data-node-id=\"8.1\">Joshua Rothman, de The New Yorker, lleg\u00f3 a describirlo como \u00abel libro m\u00e1s hermoso que he visto en mi vida\u00bb<\/strong>, mientras que Wired lo calific\u00f3 de \u00abun volumen repleto de secretos y relatos infinitamente seductores\u00bb. Aunque lleva m\u00e1s de una d\u00e9cada conquistando lectores en diferentes pa\u00edses, no fue hasta octubre de 2023 cuando la editorial Duomo se atrevi\u00f3 a publicarlo en espa\u00f1ol, abriendo as\u00ed el acceso a un nuevo p\u00fablico.<\/p>\n<p>DUOMO EDICIONES &#8216;S. El barco de Teseo&#8217; de J. J. Abrams, el genial creador de universos como &#8216;Perdidos&#8217; y Star Wars<\/p>\n<p><a target=\"_blank\" rel=\"nofollow noopener\" data-theme-key=\"product-image-wrapper\" href=\"https:\/\/www.amazon.es\/dp\/8419521493?tag=fotogramasspain-21\" aria-label=\"47\u00a0\u20ac en Amazon for &#039;S. El barco de Teseo&#039; de J. J. Abrams, el genial creador de universos como &#039;Perdidos&#039; y Star Wars\" data-href=\"https:\/\/www.amazon.es\/dp\/8419521493\" data-product-url=\"https:\/\/www.amazon.es\/dp\/8419521493\" data-affiliate=\"true\" data-affiliate-url=\"https:\/\/www.amazon.es\/dp\/8419521493?tag=fotogramasspain-21\" data-affiliate-network=\"{&quot;site_id&quot;:&quot;3c00cb97-6546-41a3-a3a3-5267346b0847&quot;,&quot;metadata&quot;:{&quot;links&quot;:{&quot;default&quot;:&quot;https:\/\/www.amazon.es\/dp\/8419521493?tag=fotogramasspain-21&quot;}},&quot;network&quot;:{&quot;name&quot;:&quot;Amazon&quot;},&quot;afflink_redirect&quot;:&quot;\/_p\/afflink\/yMRD\/amazon-s-el-barco-de-teo&quot;}\" data-vars-ga-call-to-action=\"47\u00a0\u20ac en Amazon\" data-vars-ga-media-role=\"\" data-vars-ga-media-type=\"Single Product Embed\" data-vars-ga-outbound-link=\"https:\/\/www.amazon.es\/dp\/8419521493\" data-vars-ga-product-brand=\"DUOMO EDICIONES\" data-vars-ga-product-id=\"580f1a30-9376-4d9b-9b4a-72fa73cef66f\" data-vars-ga-product-price=\"46,55\u00a0\u20ac\" data-vars-ga-product-retailer-id=\"58dc6564-73d3-42c2-b878-08f640d37a09\" data-vars-ga-product-sem3-brand=\"DUOMO EDICIONES\" data-vars-ga-link-treatment=\"(not set) | (not set)\" data-vars-ga-sku=\"8419521493\" data-vars-ga-magento-tracking=\"1\" class=\"product-image-link ebgq4gw2 e1b8bpvs0 css-1b9n4r1 e1c1bym14\"><img  alt=\"'S. El barco de Teseo' de J. J. Abrams, el genial creador de universos como 'Perdidos' y Star Wars\" title=\"'S. El barco de Teseo' de J. J. Abrams, el genial creador de universos como 'Perdidos' y Star Wars\" src=\"https:\/\/www.europesays.com\/es\/wp-content\/uploads\/2025\/10\/1712831553-71AFIs1M9zL.jpg\" width=\"1340\" height=\"2047\" decoding=\"async\" loading=\"lazy\"\/><\/a>&#8216;S. El barco de Teseo&#8217;, un libro para coleccionistas<\/p>\n<p data-journey-content=\"true\" data-node-id=\"12\" class=\"css-6wxqfj emevuu60\">Uno de los rasgos m\u00e1s atractivos de &#8216;S. El barco de Teseo&#8217; es que no se limita a contar una historia: celebra el libro como objeto f\u00edsico. Abrams insisti\u00f3 en que fuese \u00abintencionalmente tangible\u00bb. Al abrirlo, el lector no solo encuentra palabras impresas, sino tambi\u00e9n <strong data-node-id=\"12.1\">postales, fotocopias, recortes de un peri\u00f3dico escolar, p\u00e1ginas arrancadas de un bloc de notas, un mapa dibujado en una servilleta y otros elementos que convierten la lectura en un juego detectivesco<\/strong>. El dise\u00f1o editorial refuerza la idea de que estamos ante un hallazgo misterioso m\u00e1s que ante un simple libro.<\/p>\n<p>No te pierdas esto<a data-theme-key=\"base-link\" href=\"#\" class=\"e1fx7w0v5 css-xorst3 e1c1bym14\">Reg\u00edstrate para recibir contenido personalizado<img decoding=\"async\" data-dynamic-svg=\"true\" src=\"https:\/\/www.fotogramas.es\/_assets\/design-tokens\/fre\/static\/icons\/arrow-right-regular.e879c19.svg?primary=%2523000000\" loading=\"lazy\" data-testid=\"dynamic-svg-base\" height=\"auto\" width=\"100%\" alt=\"\" class=\"css-13htjwu e1fx7w0v1\"\/><\/a><img draggable=\"true\" alt=\"el barco de teseo libro j j abrams\" title=\"el barco de teseo libro j j abrams\" loading=\"lazy\" width=\"2000\" height=\"2400\" decoding=\"async\" data-nimg=\"1\" style=\"color:transparent;width:100%;height:auto;\"   src=\"https:\/\/www.europesays.com\/es\/wp-content\/uploads\/2025\/10\/el-barco-de-teseo-libro-j-j-abrams-6618f4b30ca5e.jpg\" class=\"css-0 e1g79fud0\"\/><\/p>\n<p>Duomo Ediciones<\/p>\n<p data-journey-content=\"true\" data-node-id=\"17\" class=\"css-6wxqfj emevuu60\">El argumento central comienza con un libro abandonado que pasa de mano en mano. Una joven lo descubre y, al hojearlo, se topa con anotaciones en los m\u00e1rgenes hechas por un lector desconocido. Fascinada, responde escribiendo sus propios comentarios y vuelve a dejarlo para que ese interlocutor secreto lo encuentre. As\u00ed se inicia un intercambio epistolar en los m\u00e1rgenes de las p\u00e1ginas entre Jennifer, una estudiante, y Eric, un profesor. A medida que dialogan, su relaci\u00f3n crece en intensidad, al tiempo que ambos se ven envueltos en un misterio mucho m\u00e1s grande que ellos.<\/p>\n<p data-journey-content=\"true\" data-node-id=\"19\" class=\"css-6wxqfj emevuu60\">Ese libro dentro del libro est\u00e1 firmado por un autor ficticio, el revolucionario V. M. Straka, y supuestamente traducido al ingl\u00e9s con abundantes notas cr\u00edticas por F. X. Caldeira, un traductor brasile\u00f1o. La historia interna, ambientada en 1949, narra las peripecias de un hombre llamado S., que es secuestrado y llevado a un barco espectral tripulado por 19 marineros de distintas procedencias. Desde all\u00ed emprende un viaje extra\u00f1o, peligroso y cargado de simbolismo.<\/p>\n<p><img draggable=\"true\" alt=\"el barco de teseo libro j j abrams\" title=\"el barco de teseo libro j j abrams\" loading=\"lazy\" width=\"1184\" height=\"1776\" decoding=\"async\" data-nimg=\"1\" style=\"color:transparent;width:100%;height:auto;\"   src=\"https:\/\/www.europesays.com\/es\/wp-content\/uploads\/2025\/10\/el-barco-de-teseo-68e25e0b69e2a.jpg\" class=\"css-0 e1g79fud0\"\/><\/p>\n<p>Duomo Ediciones<\/p>\n<p>Una nueva experiencia inmersiva del creador de &#8216;Perdidos&#8217;<\/p>\n<p data-journey-content=\"true\" data-node-id=\"23\" class=\"css-6wxqfj emevuu60\">El propio t\u00edtulo, &#8216;El barco de Teseo&#8217;, no es casual. Alude a la famosa paradoja filos\u00f3fica que cuestiona la identidad de un objeto cuando todas sus piezas han sido reemplazadas. \u00bfSigue siendo el mismo o se convierte en otro completamente distinto? Abrams juega con esta met\u00e1fora para explorar no solo la naturaleza del protagonista, sino tambi\u00e9n la identidad de los propios lectores que intervienen en los m\u00e1rgenes y, en \u00faltima instancia, del lector real que sostiene el libro en sus manos.<br data-node-id=\"23.1\"\/><\/p>\n<p data-journey-content=\"true\" data-node-id=\"25\" class=\"css-6wxqfj emevuu60\">Este proyecto no se puede leer de manera apresurada: exige concentraci\u00f3n, paciencia y disposici\u00f3n a perderse en sus m\u00faltiples capas. <strong data-node-id=\"25.1\">La obra invita a hojear hacia adelante y hacia atr\u00e1s, a detenerse en cada nota al pie, en cada apunte en los m\u00e1rgenes, en cada objeto insertado entre las p\u00e1ginas<\/strong>. Es un desaf\u00edo narrativo que obliga a leer con todos los sentidos.<\/p>\n<p><img draggable=\"true\" alt=\"libro el barco de teseo j j abrams\" title=\"libro el barco de teseo j j abrams\" loading=\"lazy\" width=\"1121\" height=\"1500\" decoding=\"async\" data-nimg=\"1\" style=\"color:transparent;width:100%;height:auto;\"   src=\"https:\/\/www.europesays.com\/es\/wp-content\/uploads\/2025\/10\/libro-el-barco-de-teseo-j-j-abrams-6618f50727318.jpg\" class=\"css-0 e1g79fud0\"\/><\/p>\n<p>Duomo Ediciones<\/p>\n<p data-journey-content=\"true\" data-node-id=\"28\" class=\"css-6wxqfj emevuu60\">Al adquirirlo, lo que llega a las manos del lector es <strong data-node-id=\"28.1\">un misterioso paquete precintado con el nombre del proyecto \u00abS\u00bb<\/strong>. Dentro, un libro de tapa dura de 472 p\u00e1ginas impresas en papel que imita el aspecto de los vol\u00famenes antiguos. Una edici\u00f3n concebida como un artefacto literario en s\u00ed mismo, dise\u00f1ado para seducir a quienes disfrutan de las experiencias lectoras poco convencionales. <\/p>\n<p data-journey-content=\"true\" data-node-id=\"30\" class=\"css-6wxqfj emevuu60\">Aunque su primera edici\u00f3n data de hace m\u00e1s de una d\u00e9cada, su lanzamiento en espa\u00f1ol provoc\u00f3 una nueva ola de entusiasmo. Actualmente est\u00e1 arrasando en Amazon, lo que confirma que &#8216;S. El barco de Teseo&#8217; no es simplemente un libro, sino un fen\u00f3meno cultural que sigue despertando fascinaci\u00f3n y curiosidad en todo el mundo.<\/p>\n<p><img src=\"https:\/\/www.europesays.com\/es\/wp-content\/uploads\/2025\/10\/0dffbcb6-5990-48f6-96e1-86183ebacace_1691665397.file\" alt=\"Headshot of Redacci\u00f3n Fotogramas\" title=\"Headshot of Redacci\u00f3n Fotogramas\" width=\"100%\" height=\"100%\" decoding=\"async\" loading=\"lazy\" class=\"css-o0wq4v ev8dhu53\"\/><\/p>\n<p>Desde que lleg\u00f3 a los quioscos por primera vez, el 15 de noviembre de 1946, hace m\u00e1s de 75 a\u00f1os, FOTOGRAMAS se ha convertido en la publicaci\u00f3n de referencia en el \u00e1mbito del cine y el entretenimiento. Nuestro equipo de periodistas y cr\u00edticos cinematogr\u00e1ficos ofrecen, cada d\u00eda, la informaci\u00f3n m\u00e1s actualizada sobre los \u00faltimos estrenos de cartelera, las mejores pel\u00edculas y series que llegan a las plataformas y las cr\u00edticas firmadas por los nombres m\u00e1s prestigiosos del panorama audiovisual.\u00a0<\/p>\n<p>Adem\u00e1s de informaci\u00f3n, la redacci\u00f3n de FOTOGRAMAS te trae a diario completas y divertidas entrevistas a actores y directores nacionales e internacionales, los mejores an\u00e1lisis y curiosidades y diferentes clips, teasers y tr\u00e1ilers exclusivos para que no te pierdas nada. Todo esto son solo algunos de los contenidos que han colocado a FOTOGRAMAS como la primera revista de cine de Espa\u00f1a.\u00a0<\/p>\n<p>Pero nada de ello ser\u00eda posible sin un nutrido equipo de expertos colaboradores, cr\u00edticos y redactores que buscan y seleccionan las noticias de cine y series m\u00e1s relevantes del momento. El <a href=\"https:\/\/www.fotogramas.es\/informacion\/a22495266\/contacto\/\" rel=\"nofollow noopener\" target=\"_blank\">equipo de FOTOGRAMAS<\/a> est\u00e1 compuesto por:\u00a0<\/p>\n<p><a href=\"https:\/\/www.fotogramas.es\/author\/630003\/juan-silvestre\/\" rel=\"nofollow noopener\" target=\"_blank\">Juan Silvestre<\/a>: Director digital de Fotogramas\u00a0<\/p>\n<p><a href=\"https:\/\/www.fotogramas.es\/author\/630013\/javier-diazsalado\/\" rel=\"nofollow noopener\" target=\"_blank\">Javier D\u00edaz-Salado<\/a>: redactor jefe digital de Fotogramas\u00a0<\/p>\n<p><a href=\"https:\/\/www.fotogramas.es\/author\/630009\/ricardo-rosado\/\" rel=\"nofollow noopener\" target=\"_blank\">Ricardo Rosado<\/a>: redactor de Fotogramas<\/p>\n<p><a href=\"https:\/\/www.fotogramas.es\/author\/235591\/fran-chico\/\" rel=\"nofollow noopener\" target=\"_blank\">Fran Chico<\/a>: redactor de Fotogramas\u00a0<\/p>\n<p>Sergio Valverde: Community Manager de Fotogramas \u00a0<\/p>\n","protected":false},"excerpt":{"rendered":"El enigm\u00e1tico creador de mundos como &#8216;Lost (Perdidos)&#8216;, y responsable de dos de los nuevos cap\u00edtulos del universo&hellip;\n","protected":false},"author":2,"featured_media":157940,"comment_status":"","ping_status":"","sticky":false,"template":"","format":"standard","meta":{"footnotes":""},"categories":[172],"tags":[1655,224,146,147,25,24,225,23],"class_list":{"0":"post-157939","1":"post","2":"type-post","3":"status-publish","4":"format-standard","5":"has-post-thumbnail","7":"category-libros","8":"tag-afiliacion","9":"tag-books","10":"tag-entertainment","11":"tag-entretenimiento","12":"tag-es","13":"tag-espana","14":"tag-libros","15":"tag-spain"},"share_on_mastodon":{"url":"","error":""},"_links":{"self":[{"href":"https:\/\/www.europesays.com\/es\/wp-json\/wp\/v2\/posts\/157939","targetHints":{"allow":["GET"]}}],"collection":[{"href":"https:\/\/www.europesays.com\/es\/wp-json\/wp\/v2\/posts"}],"about":[{"href":"https:\/\/www.europesays.com\/es\/wp-json\/wp\/v2\/types\/post"}],"author":[{"embeddable":true,"href":"https:\/\/www.europesays.com\/es\/wp-json\/wp\/v2\/users\/2"}],"replies":[{"embeddable":true,"href":"https:\/\/www.europesays.com\/es\/wp-json\/wp\/v2\/comments?post=157939"}],"version-history":[{"count":0,"href":"https:\/\/www.europesays.com\/es\/wp-json\/wp\/v2\/posts\/157939\/revisions"}],"wp:featuredmedia":[{"embeddable":true,"href":"https:\/\/www.europesays.com\/es\/wp-json\/wp\/v2\/media\/157940"}],"wp:attachment":[{"href":"https:\/\/www.europesays.com\/es\/wp-json\/wp\/v2\/media?parent=157939"}],"wp:term":[{"taxonomy":"category","embeddable":true,"href":"https:\/\/www.europesays.com\/es\/wp-json\/wp\/v2\/categories?post=157939"},{"taxonomy":"post_tag","embeddable":true,"href":"https:\/\/www.europesays.com\/es\/wp-json\/wp\/v2\/tags?post=157939"}],"curies":[{"name":"wp","href":"https:\/\/api.w.org\/{rel}","templated":true}]}}