{"id":157941,"date":"2025-10-05T12:28:12","date_gmt":"2025-10-05T12:28:12","guid":{"rendered":"https:\/\/www.europesays.com\/es\/157941\/"},"modified":"2025-10-05T12:28:12","modified_gmt":"2025-10-05T12:28:12","slug":"prioridad-fichar-por-el-barca","status":"publish","type":"post","link":"https:\/\/www.europesays.com\/es\/157941\/","title":{"rendered":"prioridad fichar por el Bar\u00e7a"},"content":{"rendered":"<p class=\"ft-text\">Etta Eyong ya es una de las grandes sensaciones de la Liga. <a class=\"ft-link ft-link--decoration\" href=\"https:\/\/www.sport.es\/es\/noticias\/levante\/fenomeno-etta-eyong-destroza-registros-122273004\" rel=\"nofollow noopener\" target=\"_blank\">A sus 21 a\u00f1os, est\u00e1 protagonizando un debut espectacular y ya lleva cinco goles con el Levante situ\u00e1ndose como tercer m\u00e1ximo artillero del campeonato <\/a>por detr\u00e1s de Mbapp\u00e9 y Juli\u00e1n \u00c1lvarez. <strong>El Bar\u00e7a tante\u00f3 su fichaje en los \u00faltimos d\u00edas del mercado de agosto, pero no ten\u00eda margen de maniobra, aunque en aquel entonces al club blaugrana ya le qued\u00f3 claro que el camerun\u00e9s quer\u00eda venir. Prioriza al Bar\u00e7a, pero ahora media Europa va tras \u00e9l.<\/strong><\/p>\n<p class=\"ft-text\">La direcci\u00f3n deportiva del Bar\u00e7a ten\u00eda controlado a Etta Eyong desde su etapa en el f\u00fatbol base del C\u00e1diz.<a class=\"ft-link ft-link--decoration\" href=\"https:\/\/www.sport.es\/es\/noticias\/villareal\/incomprensible-gestion-etta-eyong-121181169\" rel=\"nofollow noopener\" target=\"_blank\"> El Villarreal se avanz\u00f3 firmando al futbolista, pero se mantuvo el seguimiento y el camerun\u00e9s explot\u00f3 con el <\/a>filial del submarino amarillo destap\u00e1ndose como un temible goleador. <strong>El Villarreal le hizo debutar en Primera, pero no le aseguraba minutos y ah\u00ed empez\u00f3 el baile ya que le abrieron la puerta con una cl\u00e1usula de rescisi\u00f3n de 10 millones de euros.<\/strong><\/p>\n<p class=\"ft-text\">El Bar\u00e7a habl\u00f3 con el entorno de Etta Eyong y sopes\u00f3 realizar el movimiento. Y el futbolista esper\u00f3 a los blaugrana hasta el \u00faltimo momento para, despu\u00e9s, fichar por el Levante en una extra\u00f1a operaci\u00f3n en la que el Villarreal mantiene una opci\u00f3n de compra.<strong> Su cl\u00e1usula de rescisi\u00f3n subi\u00f3 de 10 a 30 millones de euros y Eyong acept\u00f3 porque se le garantizaba la titularidad. Sin duda, ha aceptado porque su impacto le ha revalorizado de forma exponencial.<\/strong><\/p>\n<p class=\"ft-text\">La idea del Bar\u00e7a en verano, si hubiesen tenido margen salarial, era fichar para ceder al delantero. Tenerle en propiedad para que se fuese fogueando en la elite, tal y como est\u00e1 haciendo en el Levante. <strong>No pudo ser y ahora la operaci\u00f3n llega a unas cifras que comienzan a ser importantes a pesar de que est\u00e1n acordes a su edad y rendimiento. En verano s\u00ed que era una aut\u00e9ntica ganga.<\/strong><\/p>\n<p class=\"ft-text\">El Bar\u00e7a, como muchos clubs europeos, sigue monitorizando a Etta Eyong y sabiendo que el futbolista priorizar\u00eda, de nuevo, fichar por el club blaugrana en verano si se diera la oportunidad. Ese es el mensaje que tienen claro desde el <strong>Camp Nou en un verano en el que deber\u00e1n tomar decisiones importantes sobre la posici\u00f3n del &#8216;9&#8217;. Lo que parece claro es que su precio ser\u00e1 de 30 millones de euros innegociables ya que hay clubs de la Premier dispuestos a pagarlos.<\/strong><\/p>\n<p class=\"ft-text\">Etta Eyong siempre ha tenido gol, pero su f\u00fatbol ha ido evolucionando. Es un delantero claramente de \u00e1rea aunque va bien a los espacios. Un rematador nato con un olfato de gol inusual. Si sus cifras siguen creciendo, el club blaugrana podr\u00eda plantearse alg\u00fan movimiento porque es un delantero que puede tener recorrido a largo plazo. <strong>Por el momento no se ha dado ning\u00fan paso m\u00e1s tras las conversaciones de verano, aunque hay buena sinton\u00eda entre las partes.<\/strong><\/p>\n<p class=\"ft-text\">El club blaugrana tiene el reto de remodelar su ataque el pr\u00f3ximo curso. Y la primera decisi\u00f3n se dar\u00e1 con Lewandowski. Al delantero polaco no le importar\u00eda seguir un a\u00f1o m\u00e1s rebajando su salario y aunque fuese en un rol m\u00e1s secundario. <strong>Se ve capaz de dar otro a\u00f1o al m\u00e1ximo nivel y su reto es terminar este curso con unas cifras de goleador de primer nivel. Va camino de ello y el escenario est\u00e1 abierto a pesar de que no se decidir\u00e1 nada hasta final de temporada.<\/strong><\/p>\n<p class=\"ft-text\">Siga o no Lewandowski, la idea del Bar\u00e7a es firmar a un &#8216;9&#8217; en a\u00f1o de elecciones. Y si hay margen salarial, el objetivo es ir a por un crack de primer\u00edsimo nivel aunque las cosas no son f\u00e1ciles. <strong>Gusta much\u00edsimo Juli\u00e1n \u00c1lvarez, pero su precio es prohibitivo, mientras que los grandes delanteros centros est\u00e1n bien atados en clubs de la elite europea.<\/strong><\/p>\n<p class=\"ft-text\">La opci\u00f3n Etta Eyong es una apuesta. <strong>En verano era una clara operaci\u00f3n econ\u00f3micamente beneficiosa y ahora es un poco m\u00e1s caro, pero el Bar\u00e7a lo sigue y sabe que tendr\u00eda el camino allanado en el caso de que diera el paso.<\/strong><\/p>\n","protected":false},"excerpt":{"rendered":"Etta Eyong ya es una de las grandes sensaciones de la Liga. A sus 21 a\u00f1os, est\u00e1 protagonizando&hellip;\n","protected":false},"author":2,"featured_media":157942,"comment_status":"","ping_status":"","sticky":false,"template":"","format":"standard","meta":{"footnotes":""},"categories":[93],"tags":[2296,210,2297,168,25,24,41337,3151,23,167],"class_list":{"0":"post-157941","1":"post","2":"type-post","3":"status-publish","4":"format-standard","5":"has-post-thumbnail","7":"category-deportes","8":"tag-barca","9":"tag-barcelona","10":"tag-barsa","11":"tag-deportes","12":"tag-es","13":"tag-espana","14":"tag-etta-eyong","15":"tag-levante","16":"tag-spain","17":"tag-sports"},"share_on_mastodon":{"url":"","error":""},"_links":{"self":[{"href":"https:\/\/www.europesays.com\/es\/wp-json\/wp\/v2\/posts\/157941","targetHints":{"allow":["GET"]}}],"collection":[{"href":"https:\/\/www.europesays.com\/es\/wp-json\/wp\/v2\/posts"}],"about":[{"href":"https:\/\/www.europesays.com\/es\/wp-json\/wp\/v2\/types\/post"}],"author":[{"embeddable":true,"href":"https:\/\/www.europesays.com\/es\/wp-json\/wp\/v2\/users\/2"}],"replies":[{"embeddable":true,"href":"https:\/\/www.europesays.com\/es\/wp-json\/wp\/v2\/comments?post=157941"}],"version-history":[{"count":0,"href":"https:\/\/www.europesays.com\/es\/wp-json\/wp\/v2\/posts\/157941\/revisions"}],"wp:featuredmedia":[{"embeddable":true,"href":"https:\/\/www.europesays.com\/es\/wp-json\/wp\/v2\/media\/157942"}],"wp:attachment":[{"href":"https:\/\/www.europesays.com\/es\/wp-json\/wp\/v2\/media?parent=157941"}],"wp:term":[{"taxonomy":"category","embeddable":true,"href":"https:\/\/www.europesays.com\/es\/wp-json\/wp\/v2\/categories?post=157941"},{"taxonomy":"post_tag","embeddable":true,"href":"https:\/\/www.europesays.com\/es\/wp-json\/wp\/v2\/tags?post=157941"}],"curies":[{"name":"wp","href":"https:\/\/api.w.org\/{rel}","templated":true}]}}