{"id":157951,"date":"2025-10-05T12:33:07","date_gmt":"2025-10-05T12:33:07","guid":{"rendered":"https:\/\/www.europesays.com\/es\/157951\/"},"modified":"2025-10-05T12:33:07","modified_gmt":"2025-10-05T12:33:07","slug":"plan-de-paz-de-trump-oportunidad-unica-para-gaza-dw-05-10-2025","status":"publish","type":"post","link":"https:\/\/www.europesays.com\/es\/157951\/","title":{"rendered":"plan de paz de Trump \u00aboportunidad \u00fanica\u00bb para Gaza \u2013 DW \u2013 05\/10\/2025"},"content":{"rendered":"<p><a class=\"internal-link\" href=\"https:\/\/www.dw.com\/es\/alemania\/t-17411625\" rel=\"nofollow noopener\" target=\"_blank\">Alemania<\/a> se \u00abcomprometer\u00e1 decididamente\u00bb a implementar el <a class=\"internal-link\" href=\"https:\/\/www.dw.com\/es\/trump-y-su-plan-de-21-puntos-para-gaza-generan-escepticismo\/a-74179077\" rel=\"nofollow noopener\" target=\"_blank\">plan de paz para Medio Oriente<\/a> del presidente estadounidense Donald Trump, declar\u00f3 el ministro alem\u00e1n de Relaciones Exteriores, Johann Wadephul, este domingo (05.10.2025) antes de viajar a Qatar y Kuwait.<\/p>\n<p>\u00abPara la r\u00e1pida implementaci\u00f3n del plan estadounidense se necesita una cooperaci\u00f3n internacional r\u00e1pida\u00bb, afirm\u00f3 el funcionario, quien calific\u00f3 la propuesta como una \u00aboportunidad \u00fanica\u00bb, antes del esperado inicio de negociaciones indirectas entre Israel y el <a class=\"internal-link\" href=\"https:\/\/www.dw.com\/es\/ham\u00e1s\/t-17412524\" rel=\"nofollow noopener\" target=\"_blank\">grupo terrorista palestino Ham\u00e1s<\/a>.<\/p>\n<p>Wadephul afirm\u00f3 que Berl\u00edn har\u00e1 \u00abofertas concretas\u00bb como \u00absocio para la ayuda humanitaria, la estabilizaci\u00f3n y la reconstrucci\u00f3n\u00bb de la <a class=\"internal-link\" href=\"https:\/\/www.dw.com\/es\/franja-de-gaza\/t-67111647\" rel=\"nofollow noopener\" target=\"_blank\">Franja de Gaza<\/a>.<\/p>\n<p><strong>Netanyahu: rehenes podr\u00edan ser liberados\u00a0\u00aben los pr\u00f3ximos d\u00edas\u00bb<\/strong><\/p>\n<p>Casi dos a\u00f1os despu\u00e9s de los <a class=\"internal-link\" href=\"https:\/\/www.dw.com\/es\/lo-que-significa-el-7-de-octubre-para-los-jud\u00edos-en-alemania\/a-74223110\" rel=\"nofollow noopener\" target=\"_blank\">ataques terroristas de Ham\u00e1s en Israel<\/a>, se esperaba que negociadores israel\u00edes y del movimiento islamista mantuvieran conversaciones indirectas en El Cairo este domingo sobre el plan de Trump para poner fin al conflicto y asegurar la liberaci\u00f3n de los rehenes israel\u00edes que a\u00fan siguen secuestrados.<\/p>\n<p>El primer ministro israel\u00ed <a class=\"internal-link\" href=\"https:\/\/www.dw.com\/es\/netanyahu-benjam\u00edn\/t-17409566\" rel=\"nofollow noopener\" target=\"_blank\">Benjamin Netanyahu<\/a> espera que las liberaciones puedan lograrse \u00aben los pr\u00f3ximos d\u00edas\u00bb, mientras que Ham\u00e1s acept\u00f3 parcialmente el plan de Trump el viernes.<\/p>\n<p>Se prev\u00e9 que Wadephul se re\u00fana este domingo con el primer ministro catar\u00ed Mohamed bin Abdulrahman al Thani para tratar \u00abla liberaci\u00f3n inmediata\u00bb de los rehenes, entre ellos ciudadanos alemanes. Tambi\u00e9n participar\u00e1 en las conversaciones del Consejo de Cooperaci\u00f3n del Golfo con pa\u00edses de la Uni\u00f3n Europea y la regi\u00f3n en Kuwait el domingo y lunes.<\/p>\n<p>rr afp\/tageschau\/reuters<\/p>\n","protected":false},"excerpt":{"rendered":"Alemania se \u00abcomprometer\u00e1 decididamente\u00bb a implementar el plan de paz para Medio Oriente del presidente estadounidense Donald Trump,&hellip;\n","protected":false},"author":2,"featured_media":157952,"comment_status":"","ping_status":"","sticky":false,"template":"","format":"standard","meta":{"footnotes":""},"categories":[42],"tags":[17,18,13,14,11,61,62,63,64,19,20,9,10,15,16,12,21,22,65,66,67],"class_list":{"0":"post-157951","1":"post","2":"type-post","3":"status-publish","4":"format-standard","5":"has-post-thumbnail","7":"category-internacional","8":"tag-breaking-news","9":"tag-breakingnews","10":"tag-featured-news","11":"tag-featurednews","12":"tag-headlines","13":"tag-internacional","14":"tag-international","15":"tag-international-news","16":"tag-internationalnews","17":"tag-latest-news","18":"tag-latestnews","19":"tag-news","20":"tag-noticias","21":"tag-noticias-destacadas","22":"tag-noticiasdestacadas","23":"tag-titulares","24":"tag-ultimas-noticias","25":"tag-ultimasnoticias","26":"tag-world","27":"tag-world-news","28":"tag-worldnews"},"share_on_mastodon":{"url":"","error":""},"_links":{"self":[{"href":"https:\/\/www.europesays.com\/es\/wp-json\/wp\/v2\/posts\/157951","targetHints":{"allow":["GET"]}}],"collection":[{"href":"https:\/\/www.europesays.com\/es\/wp-json\/wp\/v2\/posts"}],"about":[{"href":"https:\/\/www.europesays.com\/es\/wp-json\/wp\/v2\/types\/post"}],"author":[{"embeddable":true,"href":"https:\/\/www.europesays.com\/es\/wp-json\/wp\/v2\/users\/2"}],"replies":[{"embeddable":true,"href":"https:\/\/www.europesays.com\/es\/wp-json\/wp\/v2\/comments?post=157951"}],"version-history":[{"count":0,"href":"https:\/\/www.europesays.com\/es\/wp-json\/wp\/v2\/posts\/157951\/revisions"}],"wp:featuredmedia":[{"embeddable":true,"href":"https:\/\/www.europesays.com\/es\/wp-json\/wp\/v2\/media\/157952"}],"wp:attachment":[{"href":"https:\/\/www.europesays.com\/es\/wp-json\/wp\/v2\/media?parent=157951"}],"wp:term":[{"taxonomy":"category","embeddable":true,"href":"https:\/\/www.europesays.com\/es\/wp-json\/wp\/v2\/categories?post=157951"},{"taxonomy":"post_tag","embeddable":true,"href":"https:\/\/www.europesays.com\/es\/wp-json\/wp\/v2\/tags?post=157951"}],"curies":[{"name":"wp","href":"https:\/\/api.w.org\/{rel}","templated":true}]}}