{"id":157953,"date":"2025-10-05T12:34:07","date_gmt":"2025-10-05T12:34:07","guid":{"rendered":"https:\/\/www.europesays.com\/es\/157953\/"},"modified":"2025-10-05T12:34:07","modified_gmt":"2025-10-05T12:34:07","slug":"diaz-ayuso-en-el-concierto-de-gloria-estefan-en-la-plaza-de-colon-acto-central-de-hispanidad-2025","status":"publish","type":"post","link":"https:\/\/www.europesays.com\/es\/157953\/","title":{"rendered":"D\u00edaz Ayuso, en el concierto de Gloria Estefan en la Plaza de Col\u00f3n, acto central de Hispanidad 2025"},"content":{"rendered":"<p>La presidenta de la Comunidad de Madrid, Isabel D\u00edaz Ayuso, se ha sumado hoy a los miles de madrile\u00f1os que han llenado la Plaza de Col\u00f3n para disfrutar del concierto gratuito de la cantante y compositora de origen cubano Gloria Estefan. Este recital, convertido en uno de los actos centrales de la programaci\u00f3n de Hispanidad 2025, se enmarca en la quinta edici\u00f3n de este evento cultural que se celebra bajo el lema Todos los acentos del espa\u00f1ol caben en Madrid.<\/p>\n","protected":false},"excerpt":{"rendered":"La presidenta de la Comunidad de Madrid, Isabel D\u00edaz Ayuso, se ha sumado hoy a los miles de&hellip;\n","protected":false},"author":2,"featured_media":157954,"comment_status":"","ping_status":"","sticky":false,"template":"","format":"standard","meta":{"footnotes":""},"categories":[8],"tags":[17,18,25,24,13,14,11,19,20,9,10,15,16,23,12,21,22],"class_list":{"0":"post-157953","1":"post","2":"type-post","3":"status-publish","4":"format-standard","5":"has-post-thumbnail","7":"category-espana","8":"tag-breaking-news","9":"tag-breakingnews","10":"tag-es","11":"tag-espana","12":"tag-featured-news","13":"tag-featurednews","14":"tag-headlines","15":"tag-latest-news","16":"tag-latestnews","17":"tag-news","18":"tag-noticias","19":"tag-noticias-destacadas","20":"tag-noticiasdestacadas","21":"tag-spain","22":"tag-titulares","23":"tag-ultimas-noticias","24":"tag-ultimasnoticias"},"share_on_mastodon":{"url":"","error":""},"_links":{"self":[{"href":"https:\/\/www.europesays.com\/es\/wp-json\/wp\/v2\/posts\/157953","targetHints":{"allow":["GET"]}}],"collection":[{"href":"https:\/\/www.europesays.com\/es\/wp-json\/wp\/v2\/posts"}],"about":[{"href":"https:\/\/www.europesays.com\/es\/wp-json\/wp\/v2\/types\/post"}],"author":[{"embeddable":true,"href":"https:\/\/www.europesays.com\/es\/wp-json\/wp\/v2\/users\/2"}],"replies":[{"embeddable":true,"href":"https:\/\/www.europesays.com\/es\/wp-json\/wp\/v2\/comments?post=157953"}],"version-history":[{"count":0,"href":"https:\/\/www.europesays.com\/es\/wp-json\/wp\/v2\/posts\/157953\/revisions"}],"wp:featuredmedia":[{"embeddable":true,"href":"https:\/\/www.europesays.com\/es\/wp-json\/wp\/v2\/media\/157954"}],"wp:attachment":[{"href":"https:\/\/www.europesays.com\/es\/wp-json\/wp\/v2\/media?parent=157953"}],"wp:term":[{"taxonomy":"category","embeddable":true,"href":"https:\/\/www.europesays.com\/es\/wp-json\/wp\/v2\/categories?post=157953"},{"taxonomy":"post_tag","embeddable":true,"href":"https:\/\/www.europesays.com\/es\/wp-json\/wp\/v2\/tags?post=157953"}],"curies":[{"name":"wp","href":"https:\/\/api.w.org\/{rel}","templated":true}]}}