{"id":157955,"date":"2025-10-05T12:35:14","date_gmt":"2025-10-05T12:35:14","guid":{"rendered":"https:\/\/www.europesays.com\/es\/157955\/"},"modified":"2025-10-05T12:35:14","modified_gmt":"2025-10-05T12:35:14","slug":"las-heroinas-de-los-sitios-homenajeadas-con-su-tradicional-ofrenda-noticia-ayuntamiento-de-zaragoza","status":"publish","type":"post","link":"https:\/\/www.europesays.com\/es\/157955\/","title":{"rendered":"Las Hero\u00ednas de los Sitios, homenajeadas con su tradicional ofrenda. Noticia. Ayuntamiento de Zaragoza"},"content":{"rendered":"<p>      05 octubre 2025<\/p>\n<p>La alcaldesa de Zaragoza, Natalia Chueca, ha participado esta ma\u00f1ana junto a otros miembros de la corporaci\u00f3n en el tradicional acto de homenaje a las Hero\u00ednas de los Sitios, en la plaza del Portillo<\/p>\n<p>En esta ocasi\u00f3n, se ha entregado el diploma de Defensora de Zaragoza a la coronel Mar\u00eda Gracia Ca\u00f1adas Garc\u00eda-Baquero<\/p>\n<p>      Cuerpo de la noticia<\/p>\n<p>Como cada a\u00f1o, Zaragoza ha homenajeado hoy a las <strong>Hero\u00ednas de los Sitios con una ofrenda floral<\/strong> en la Plaza del Portillo, escenario de la acci\u00f3n de Agustina de Arag\u00f3n. En ella ha participado la alcaldesa de Zaragoza, <strong>Natalia Chueca,<\/strong> acompa\u00f1ada de varios miembros de la corporaci\u00f3n municipal.<\/p>\n<p>En el acto, la alcaldesa ha subrayado la importancia de la participaci\u00f3n de estas mujeres en la defensa de Zaragoza durante la Guerra de la Independencia, ejemplo de valent\u00eda, determinaci\u00f3n y fidelidad. Asimismo, ha hecho hincapi\u00e9 en la trascendencia de recordar nuestra historia y seguir homenajeando a las zaragozanas de nuestro pasado y presente.<\/p>\n<p>En este sentido, en el acto se ha entregado la distinci\u00f3n de<strong> Defensora de Zaragoza <\/strong>a la coronel jefe el Regimiento de Artiller\u00eda de Campa\u00f1a N \u00ba 20, <strong>Mar\u00eda Gracia Ca\u00f1adas Garc\u00eda-Baquero<\/strong>. Se trata de la primera mujer oficial de Estado Mayor de las Fuerzas Armadas, a trav\u00e9s de la cual se busca, adem\u00e1s, rendir homenaje a las mujeres que forman o han formado parte de las Fuerzas Armadas.<\/p>\n<p>El homenaje a las Hero\u00ednas de los Sitios de Zaragoza <strong>se celebra desde 2004, organizado por la Asociaci\u00f3n Cultural Los Sitios de Zaragoza junto al Ayuntamiento de Zaragoza.<\/strong> En \u00e9l, se recuerda la participaci\u00f3n de las mujeres en la defensa dela ciudad en 1808 y 1809. El lugar elegido tiene un especial simbolismo, ya que se trata del lugar donde se encontraba la puerta de El Portillo, en la que Agustina de Arag\u00f3n consigui\u00f3 evitar la entrada de las tropas francesas disparando un ca\u00f1\u00f3n. En \u00e9l, en la actualidad se encuentra el monumento que a ella dedic\u00f3 Mariano Benlliure y la Iglesia del Portillo, en la que est\u00e1 enterrada junto a Casta \u00c1lvarez y Manuela Sancho, en la Capilla-Mausoleo de las Hero\u00ednas.<\/p>\n<p>A la ofrenda de flores en el monumento de Agustina de Arag\u00f3n, le ha seguido la ofrenda en pante\u00f3n de las Hero\u00ednas de la Iglesia del Portillo y un desfile en el que ha participado un nutrido grupo de mujeres vestidas con trajes regionales, reivindicando el papel femenino en los Sitios.<\/p>\n","protected":false},"excerpt":{"rendered":"05 octubre 2025 La alcaldesa de Zaragoza, Natalia Chueca, ha participado esta ma\u00f1ana junto a otros miembros de&hellip;\n","protected":false},"author":2,"featured_media":157956,"comment_status":"","ping_status":"","sticky":false,"template":"","format":"standard","meta":{"footnotes":""},"categories":[5],"tags":[17,18,25,24,13,14,11,19,20,9,10,15,16,23,12,21,22],"class_list":{"0":"post-157955","1":"post","2":"type-post","3":"status-publish","4":"format-standard","5":"has-post-thumbnail","7":"category-titulares","8":"tag-breaking-news","9":"tag-breakingnews","10":"tag-es","11":"tag-espana","12":"tag-featured-news","13":"tag-featurednews","14":"tag-headlines","15":"tag-latest-news","16":"tag-latestnews","17":"tag-news","18":"tag-noticias","19":"tag-noticias-destacadas","20":"tag-noticiasdestacadas","21":"tag-spain","22":"tag-titulares","23":"tag-ultimas-noticias","24":"tag-ultimasnoticias"},"share_on_mastodon":{"url":"","error":""},"_links":{"self":[{"href":"https:\/\/www.europesays.com\/es\/wp-json\/wp\/v2\/posts\/157955","targetHints":{"allow":["GET"]}}],"collection":[{"href":"https:\/\/www.europesays.com\/es\/wp-json\/wp\/v2\/posts"}],"about":[{"href":"https:\/\/www.europesays.com\/es\/wp-json\/wp\/v2\/types\/post"}],"author":[{"embeddable":true,"href":"https:\/\/www.europesays.com\/es\/wp-json\/wp\/v2\/users\/2"}],"replies":[{"embeddable":true,"href":"https:\/\/www.europesays.com\/es\/wp-json\/wp\/v2\/comments?post=157955"}],"version-history":[{"count":0,"href":"https:\/\/www.europesays.com\/es\/wp-json\/wp\/v2\/posts\/157955\/revisions"}],"wp:featuredmedia":[{"embeddable":true,"href":"https:\/\/www.europesays.com\/es\/wp-json\/wp\/v2\/media\/157956"}],"wp:attachment":[{"href":"https:\/\/www.europesays.com\/es\/wp-json\/wp\/v2\/media?parent=157955"}],"wp:term":[{"taxonomy":"category","embeddable":true,"href":"https:\/\/www.europesays.com\/es\/wp-json\/wp\/v2\/categories?post=157955"},{"taxonomy":"post_tag","embeddable":true,"href":"https:\/\/www.europesays.com\/es\/wp-json\/wp\/v2\/tags?post=157955"}],"curies":[{"name":"wp","href":"https:\/\/api.w.org\/{rel}","templated":true}]}}