{"id":157961,"date":"2025-10-05T12:42:05","date_gmt":"2025-10-05T12:42:05","guid":{"rendered":"https:\/\/www.europesays.com\/es\/157961\/"},"modified":"2025-10-05T12:42:05","modified_gmt":"2025-10-05T12:42:05","slug":"carrera-f1-del-gp-de-singapur-en-directo","status":"publish","type":"post","link":"https:\/\/www.europesays.com\/es\/157961\/","title":{"rendered":"Carrera F1 del GP de Singapur en directo"},"content":{"rendered":"<p> \u00daltima hora del GP de Singapur F1 en directo:<\/p>\n<p class=\"ue-c-article__paragraph \"><strong>\u00a1\u00a1Muy buenas tardes a todos!!<\/strong> Bienvenidos a un nuevo directo de la <strong>temporada 2025 de la F1. El Gran Premio de Singapur<\/strong> llega a su \u00faltimo d\u00eda de actividad. <strong>El Circuito callejero de Marina Bay<\/strong> tiene todo preparado para que escriba un nuevo cap\u00edtulo en la f\u00e9rrea batalla por el t\u00edtulo. No hay nada escrito en uno de los trazados m\u00e1s exigentes del calendario y el que promete presenciar una de las carreras m\u00e1s emocionantes del a\u00f1o. <\/p>\n<p class=\"ue-c-article__paragraph \">La sesi\u00f3n de clasificaci\u00f3n tuvo un protagonista inesperado. <strong>George Russell<\/strong> se qued\u00f3 con el tiempo m\u00e1s r\u00e1pido del fin de semana y conquist\u00f3 su segunda pole del a\u00f1o, despu\u00e9s del <strong>GP de Canad\u00e1.<\/strong> El brit\u00e1nico se perfila como el candidato n\u00famero uno a quedarse con la m\u00e1xima cantidad de puntos, esto debido a que, en las 15 ediciones del <strong>Gran Premio<\/strong>, en 10 de ellas el ganador ha salido de la primera plaza. <\/p>\n<p class=\"ue-c-article__paragraph \"><strong>Max Verstappen (2\u00ba) y Oscar Piastri (3\u00ba), <\/strong>fueron los encargados de cerrar el podio. El neerland\u00e9s le gan\u00f3 la primera batalla a los &#8216;<strong>papaya<\/strong>&#8216; en la continua pelea por el campeonato. <strong>Kimi Antonelli (4\u00ba)<\/strong> se interpuso en el camino de <strong>Lando Norris (5\u00ba),<\/strong> por lo que deber\u00e1 remontar en el orden de la parrilla para no seguir perdiendo terreno con su compa\u00f1ero de equipo en lo m\u00e1s alto de la clasificaci\u00f3n. <\/p>\n<p class=\"ue-c-article__paragraph \">El escenario para los pilotos espa\u00f1oles fue un poco distinto al de la pasada jornada.<strong> Fernando Alonso<\/strong> cumpli\u00f3 con el objetivo establecido al principio de la jornada al clasificar a la <strong>Q3 al registrar el 10\u00ba<\/strong> mejor crono del d\u00eda. Sin embargo, la suerte no acompa\u00f1\u00f3 a<strong> Carlos Sainz<\/strong>. Pese a quedarse con el 13\u00ba mejor tiempo de la &#8216;qualy&#8217;, \u00e9l y <strong>Alex Albon<\/strong> fueron descalificados por no cumplir con las medidas estipuladas en el tramo superior del aler\u00f3n trasero. <\/p>\n<p class=\"ue-c-article__paragraph \">Ahora, nos alistamos para disfrutar de una nueva carrera en la recta final de temporada. <strong>Fernando Alonso<\/strong> batallar\u00e1 con su &#8216;<strong>AMR25<\/strong>&#8216; para quedar en los puntos, mientras que <strong>Carlos Sainz<\/strong> partir\u00e1 desde el fondo de la parrilla. <\/p>\n<p class=\"ue-c-article__paragraph \"><strong>\u00a1Arrancamos! <\/strong><\/p>\n","protected":false},"excerpt":{"rendered":"\u00daltima hora del GP de Singapur F1 en directo: \u00a1\u00a1Muy buenas tardes a todos!! Bienvenidos a un nuevo&hellip;\n","protected":false},"author":2,"featured_media":157962,"comment_status":"","ping_status":"","sticky":false,"template":"","format":"standard","meta":{"footnotes":""},"categories":[270],"tags":[2365,2171,168,25,24,306,2096,271,272,43493,2362,23,167,2364],"class_list":{"0":"post-157961","1":"post","2":"type-post","3":"status-publish","4":"format-standard","5":"has-post-thumbnail","7":"category-formula-1","8":"tag-aston-martin-f1","9":"tag-carlos-sainz-jr","10":"tag-deportes","11":"tag-es","12":"tag-espana","13":"tag-f1","14":"tag-fernando-alonso","15":"tag-formula-1","16":"tag-formula1","17":"tag-gp-singapur-f1","18":"tag-motor","19":"tag-spain","20":"tag-sports","21":"tag-williams-f1"},"share_on_mastodon":{"url":"","error":""},"_links":{"self":[{"href":"https:\/\/www.europesays.com\/es\/wp-json\/wp\/v2\/posts\/157961","targetHints":{"allow":["GET"]}}],"collection":[{"href":"https:\/\/www.europesays.com\/es\/wp-json\/wp\/v2\/posts"}],"about":[{"href":"https:\/\/www.europesays.com\/es\/wp-json\/wp\/v2\/types\/post"}],"author":[{"embeddable":true,"href":"https:\/\/www.europesays.com\/es\/wp-json\/wp\/v2\/users\/2"}],"replies":[{"embeddable":true,"href":"https:\/\/www.europesays.com\/es\/wp-json\/wp\/v2\/comments?post=157961"}],"version-history":[{"count":0,"href":"https:\/\/www.europesays.com\/es\/wp-json\/wp\/v2\/posts\/157961\/revisions"}],"wp:featuredmedia":[{"embeddable":true,"href":"https:\/\/www.europesays.com\/es\/wp-json\/wp\/v2\/media\/157962"}],"wp:attachment":[{"href":"https:\/\/www.europesays.com\/es\/wp-json\/wp\/v2\/media?parent=157961"}],"wp:term":[{"taxonomy":"category","embeddable":true,"href":"https:\/\/www.europesays.com\/es\/wp-json\/wp\/v2\/categories?post=157961"},{"taxonomy":"post_tag","embeddable":true,"href":"https:\/\/www.europesays.com\/es\/wp-json\/wp\/v2\/tags?post=157961"}],"curies":[{"name":"wp","href":"https:\/\/api.w.org\/{rel}","templated":true}]}}