{"id":157963,"date":"2025-10-05T12:47:06","date_gmt":"2025-10-05T12:47:06","guid":{"rendered":"https:\/\/www.europesays.com\/es\/157963\/"},"modified":"2025-10-05T12:47:06","modified_gmt":"2025-10-05T12:47:06","slug":"la-xunta-colabora-con-22-proyectos-editoriales-para-favorecer-el-acceso-universal-a-la-lectura","status":"publish","type":"post","link":"https:\/\/www.europesays.com\/es\/157963\/","title":{"rendered":"La Xunta colabora con 22 proyectos editoriales para favorecer el acceso universal a la lectura"},"content":{"rendered":"<p><strong>Santiago de Compostela, 5 de octubre de 2025<\/strong><\/p>\n<p>La Xunta de Galicia colabora con 22 proyectos editoriales para favorecer el acceso universal a la lectura y a la creaci\u00f3n literaria a trav\u00e9s de las subvenciones para la edici\u00f3n de audiolibros y libros de lectura f\u00e1cil. As\u00ed se recoge en la resoluci\u00f3n de esta l\u00ednea de ayudas con car\u00e1cter plurianual para 2025 y 2026 que acaba de publicarse en el <a href=\"https:\/\/www.xunta.gal\/dog\/Publicados\/2025\/20250930\/AnuncioG0766-190925-0002_gl.html\" rel=\"nofollow noopener\" target=\"_blank\">Diario Oficial de Galicia<\/a>.<\/p>\n<p>El objetivo de esta iniciativa de la Conseller\u00eda de Cultura, Lingua e Xuventude es apoyar al sector editorial en los gastos derivados de la producci\u00f3n, distribuci\u00f3n y comercializaci\u00f3n de las publicaciones en gallego, adem\u00e1s de incentivar la producci\u00f3n de libros que favorezcan tanto la digitalizaci\u00f3n como el acceso universal a la cultura, a trav\u00e9s de la puesta en el mercado de audiolibros y de libros en lectura f\u00e1cil. Se trata de una medida enmarcada en los objetivos de la Ley de cultura inclusiva y accesible de Galicia, aprobada el pasado a\u00f1o para favorecer la eliminaci\u00f3n de barreras f\u00edsicas, cognitivas, sociales o territoriales.<\/p>\n<p>En concreto, en esta convocatoria se apoya la creaci\u00f3n de 19 audiolibros que cuentan con una aportaci\u00f3n de hasta 5.000 \u20ac. As\u00ed, la empresa editora Cinemar Books impulsar\u00e1 los audiolibros de Formigas nos p\u00e9s, Pecados veniais, O que non sab\u00edas, Agora que cala a noite y DES A MAR ultras\u00f3nico. La Editorial Galaxia, por su parte, har\u00e1 lo mismo con las obras RUNR\u00daN, Contos gringos, Son coma graciares os barcos de aceiro, Os mortos que amei y BIRKEN, y la editorial T\u00e9cnicas&amp;Gramaxe editar\u00e1 O \u00faltimo caseiro, O Meigallo dos so\u00f1os, Fuxir da proxeria y Mama sorr\u00ed sempre. La adjudicaci\u00f3n se completa con las obras Simun, Love me Tender. 24 pezas m\u00ednimas para unha caixa de m\u00fasica, Diarios 1. Azul Monforte y Camuflaxe, y con la obra Tras do ceo de Edici\u00f3ns Xerais.<\/p>\n<p>En el campo de la edici\u00f3n de libros en lectura f\u00e1cil los beneficiarios son la obra Madri\u00f1a de Mundo detr\u00e1s del marco y las obras L\u00faa e Bal cultivan a horta y Os Balbinos na granxa de T\u00e9cnicas &amp; Gramaxe.<\/p>\n","protected":false},"excerpt":{"rendered":"Santiago de Compostela, 5 de octubre de 2025 La Xunta de Galicia colabora con 22 proyectos editoriales para&hellip;\n","protected":false},"author":2,"featured_media":157964,"comment_status":"","ping_status":"","sticky":false,"template":"","format":"standard","meta":{"footnotes":""},"categories":[172],"tags":[224,146,147,25,24,225,23],"class_list":{"0":"post-157963","1":"post","2":"type-post","3":"status-publish","4":"format-standard","5":"has-post-thumbnail","7":"category-libros","8":"tag-books","9":"tag-entertainment","10":"tag-entretenimiento","11":"tag-es","12":"tag-espana","13":"tag-libros","14":"tag-spain"},"share_on_mastodon":{"url":"","error":""},"_links":{"self":[{"href":"https:\/\/www.europesays.com\/es\/wp-json\/wp\/v2\/posts\/157963","targetHints":{"allow":["GET"]}}],"collection":[{"href":"https:\/\/www.europesays.com\/es\/wp-json\/wp\/v2\/posts"}],"about":[{"href":"https:\/\/www.europesays.com\/es\/wp-json\/wp\/v2\/types\/post"}],"author":[{"embeddable":true,"href":"https:\/\/www.europesays.com\/es\/wp-json\/wp\/v2\/users\/2"}],"replies":[{"embeddable":true,"href":"https:\/\/www.europesays.com\/es\/wp-json\/wp\/v2\/comments?post=157963"}],"version-history":[{"count":0,"href":"https:\/\/www.europesays.com\/es\/wp-json\/wp\/v2\/posts\/157963\/revisions"}],"wp:featuredmedia":[{"embeddable":true,"href":"https:\/\/www.europesays.com\/es\/wp-json\/wp\/v2\/media\/157964"}],"wp:attachment":[{"href":"https:\/\/www.europesays.com\/es\/wp-json\/wp\/v2\/media?parent=157963"}],"wp:term":[{"taxonomy":"category","embeddable":true,"href":"https:\/\/www.europesays.com\/es\/wp-json\/wp\/v2\/categories?post=157963"},{"taxonomy":"post_tag","embeddable":true,"href":"https:\/\/www.europesays.com\/es\/wp-json\/wp\/v2\/tags?post=157963"}],"curies":[{"name":"wp","href":"https:\/\/api.w.org\/{rel}","templated":true}]}}