{"id":157965,"date":"2025-10-05T12:51:09","date_gmt":"2025-10-05T12:51:09","guid":{"rendered":"https:\/\/www.europesays.com\/es\/157965\/"},"modified":"2025-10-05T12:51:09","modified_gmt":"2025-10-05T12:51:09","slug":"la-teniente-de-alcalde-entrega-la-copa-del-campeonato-de-espana-de-federaciones-autonomicas-de-pitchputt-2025-en-el-que-se-proclamo-vencedora-a-la-seleccion-de-baleares","status":"publish","type":"post","link":"https:\/\/www.europesays.com\/es\/157965\/","title":{"rendered":"La Teniente de Alcalde entrega la copa del Campeonato de Espa\u00f1a de Federaciones Auton\u00f3micas de Pitch&#038;Putt 2025 en el que se proclam\u00f3 vencedora a la selecci\u00f3n de Baleares"},"content":{"rendered":"<p class=\"rtejustify\"><img loading=\"lazy\" decoding=\"async\" alt=\"\" height=\"271\" src=\"https:\/\/www.europesays.com\/es\/wp-content\/uploads\/2025\/10\/Ganadores.jpg\" style=\"float:left\" width=\"367\"\/><strong>Monforte de Lemos, 5 de octubre de 2025<\/strong>. La Teniente de Alcalde del Ayuntamiento de Monforte, <strong>Gloria Prada<\/strong>, entreg\u00f3 en la ma\u00f1ana de hoy la Copa del <strong>Campeonato de Espa\u00f1a de Federaciones Auton\u00f3micas de Pitch&amp;Putt 2025<\/strong>, que se celebr\u00f3 en las instalaciones del Club R\u00edo Cabe de Monforte, los d\u00edas 3, 4 y 5 de octubre. Organizado por la Real Federaci\u00f3n Espa\u00f1ola de Golf, esta competici\u00f3n de Selecciones Auton\u00f3micas es la m\u00e1s vistosa y emocionante del calendario nacional que organiza la Federaci\u00f3n.<\/p>\n<p class=\"rtejustify\">Durante tres jornadas enfrent\u00f3 a 16 selecciones auton\u00f3micas que lucharon por el t\u00edtulo de Campeona de Espa\u00f1a. En concreto, participaron selecciones de Castilla y Le\u00f3n, Galicia, Asturias, Baleares, Andaluc\u00eda, Cantabria, Castilla La Mancha, Navarra, Canarias, Arag\u00f3n, La Rioja, Pa\u00eds Vasco, Madrid, Comunidad Valenciana, Murcia y Extremadura. Cada comunidad compiti\u00f3 con\u00a0 equipos de 4 jugadores junto con un capit\u00e1n y un entrenador, por lo que reuni\u00f3 a cerca de un centenar de participantes que acudieron acompa\u00f1ados por familiares y amigos.<\/p>\n<p class=\"rtejustify\">El viernes 4 de octubre se desarroll\u00f3 la jornada de entrenamientos oficiales y el s\u00e1bado se disputaron dos rondas eliminatorias (cuartos de final y semifinales). Ya en la ma\u00f1ana de este domingo se jugaron las pruebas finales, seguida de la ceremonia de entrega de premios.<\/p>\n<p class=\"rtejustify\">Baleares se proclam\u00f3 vencedora, seguida de Canarias que alcanz\u00f3 la segunda posici\u00f3n. Castilla y Le\u00f3n y Andaluc\u00eda quedaron en 3\u00ba y 4\u00ba puesto, respectivamente. Le siguen Comunidad Valenciana (5\u00aa) y Madrid (6\u00aa). La selecci\u00f3n gallega consigui\u00f3 situarse en el 7\u00ba lugar, y a continuaci\u00f3n se posicionaron, en esta orden, Murcia, Cantabria, Castilla La Mancha, La Rioja, Asturias, Arag\u00f3n, Navarra, Pais Vasco y Extremadura.<\/p>\n<p class=\"rtejustify\">\u00a0<\/p>\n<p class=\"rtejustify\"><strong>Entrega del trofeo<\/strong><\/p>\n<p class=\"rtejustify\">En la entrega del trofeo, la Teniente de Alcalde, Gloria Prada, estuvo acompa\u00f1ada por el presidente de la Federaci\u00f3n Gallega de Golf, Mario Covelo L\u00f3pez; Juan Redondo, vocal del Comit\u00e9 de Pitch&amp;Putt de la Real Federaci\u00f3n Espa\u00f1ola de Golf; \u2060Marcos G\u00f3mez, presidente del Comit\u00e9 de P&amp;P de la Federaci\u00f3n Gallega de Golf; \u2060Jos\u00e9 \u00c1ngel P\u00e9rez Re\u00f1ones, presidente del Club de Golf R\u00edo Cabe; Diego Portela, presidente del Comit\u00e9 de \u00c1rbitros de la Federaci\u00f3n Gallega de Golf y \u00e1rbitro principal de la prueba, y \u2060Alberto P\u00e9rez, gerente del Club de Golf R\u00edo Cabe.<\/p>\n<p class=\"rtejustify\">\n<strong>Los 64 mejores jugadores de Espa\u00f1a<\/strong><\/p>\n<p class=\"rtejustify\">Monforte recibi\u00f3 para este campeonato nacional a <strong>64 de los mejores jugadores de Espa\u00f1a en esta disciplina<\/strong>, que vinieron acompa\u00f1ados por familiares y amigos, por lo que la Teniente de Alcalde, Gloria Prada, destac\u00f3 en su intervenci\u00f3n \u201cel importante impacto en nuestro sector hostelero y de restauraci\u00f3n, ya que se convirti\u00f3 en una ocasi\u00f3n excepcional para dar a conocer el valor tur\u00edstico, patrimonial y gastron\u00f3mico de nuestra zona, siendo sin duda, un reclamo promocional para todo el sur de nuestra provincia\u201d.<\/p>\n<p class=\"rtejustify\">Monforte ya acogi\u00f3 en mayo de 2024 el Campeonato de Espa\u00f1a individual masculino de Pitch&amp;Putt, que fue todo un \u00e9xito, por lo que acoger nuevamente a los mejores golfistas en esta modalidad en la ciudad supone un orgullo para la ciudad: \u201cQue la Real Federaci\u00f3n Espa\u00f1ola de Golf apostase, por segundo a\u00f1o consecutivo por el campo de golf R\u00edo Cabe y por la ciudad de Monforte, como sedes de una competici\u00f3n de tan alto nivel, indica que se hacen las cosas bien\u201d, destac\u00f3 Gloria Prada en nombre del Alcalde de Monforte, Jos\u00e9 Tom\u00e9, que disculp\u00f3 su ausencia por cuestiones de agenda en su condici\u00f3n de Presidente de la Diputaci\u00f3n de Lugo.<\/p>\n<p class=\"rtejustify\">El Presidente de la Federaci\u00f3n Gallega de Golf agradeci\u00f3 al Ayuntamiento de Monforte el apoyo aportado, as\u00ed como al Club de Golf R\u00edo Cabe por la organizaci\u00f3n del evento, y manifest\u00f3 estar encantado con la celebraci\u00f3n del Campeonato en la ciudad.<\/p>\n<p class=\"rtejustify\">\n<strong>El campo de golf de Monforte<\/strong><\/p>\n<p class=\"rtejustify\">El campo de golf de la Sociedad Deportiva R\u00edo Cabe se encuentra situado en Ribas Altas, en Monforte de Lemos. Este campo Pitch&amp;Putt es pr\u00e1cticamente plano, muy noble de jugar.<\/p>\n<p class=\"rtejustify\">Tiene \u00e1rboles pr\u00f3ximos a las calles de los huecos y lagos en lugares estrat\u00e9gicos para dificultar el juego. Los bunkers no son complicados y los greens son en general amplios y con ca\u00eddas.<\/p>\n<p class=\"rtejustify\">El campo est\u00e1 situado sobre un meandro del r\u00edo Cabe. Los 18 huecos del recorrido se enmarcan en un paraje natural de flora y fauna aut\u00f3ctona.<\/p>\n<p class=\"rtejustify\">La Teniente de Alcalde quiso reafirmar la calidad de esta instalaci\u00f3n y la ocasi\u00f3n \u00fanica que supone que Monforte fuera\u00a0sede de esta importante competici\u00f3n a nivel nacional \u201ccon el impacto econ\u00f3mico y de promoci\u00f3n de los recursos tur\u00edsticos, patrimoniales y gastron\u00f3micos que conlleva\u201d.<\/p>\n<p>\u00a0<\/p>\n","protected":false},"excerpt":{"rendered":"Monforte de Lemos, 5 de octubre de 2025. La Teniente de Alcalde del Ayuntamiento de Monforte, Gloria Prada,&hellip;\n","protected":false},"author":2,"featured_media":157966,"comment_status":"","ping_status":"","sticky":false,"template":"","format":"standard","meta":{"footnotes":""},"categories":[93],"tags":[5063,209,168,25,24,7318,27284,38637,23,167,5067,4664],"class_list":{"0":"post-157965","1":"post","2":"type-post","3":"status-publish","4":"format-standard","5":"has-post-thumbnail","7":"category-deportes","8":"tag-administracion","9":"tag-cultura","10":"tag-deportes","11":"tag-es","12":"tag-espana","13":"tag-lugo","14":"tag-monforte","15":"tag-ribeira-sacra","16":"tag-spain","17":"tag-sports","18":"tag-tramites","19":"tag-turismo"},"share_on_mastodon":{"url":"","error":""},"_links":{"self":[{"href":"https:\/\/www.europesays.com\/es\/wp-json\/wp\/v2\/posts\/157965","targetHints":{"allow":["GET"]}}],"collection":[{"href":"https:\/\/www.europesays.com\/es\/wp-json\/wp\/v2\/posts"}],"about":[{"href":"https:\/\/www.europesays.com\/es\/wp-json\/wp\/v2\/types\/post"}],"author":[{"embeddable":true,"href":"https:\/\/www.europesays.com\/es\/wp-json\/wp\/v2\/users\/2"}],"replies":[{"embeddable":true,"href":"https:\/\/www.europesays.com\/es\/wp-json\/wp\/v2\/comments?post=157965"}],"version-history":[{"count":0,"href":"https:\/\/www.europesays.com\/es\/wp-json\/wp\/v2\/posts\/157965\/revisions"}],"wp:featuredmedia":[{"embeddable":true,"href":"https:\/\/www.europesays.com\/es\/wp-json\/wp\/v2\/media\/157966"}],"wp:attachment":[{"href":"https:\/\/www.europesays.com\/es\/wp-json\/wp\/v2\/media?parent=157965"}],"wp:term":[{"taxonomy":"category","embeddable":true,"href":"https:\/\/www.europesays.com\/es\/wp-json\/wp\/v2\/categories?post=157965"},{"taxonomy":"post_tag","embeddable":true,"href":"https:\/\/www.europesays.com\/es\/wp-json\/wp\/v2\/tags?post=157965"}],"curies":[{"name":"wp","href":"https:\/\/api.w.org\/{rel}","templated":true}]}}